{"id":5160,"date":"2024-06-07T18:29:36","date_gmt":"2024-06-07T18:29:36","guid":{"rendered":"https:\/\/enfoquenoticioso.com\/deporte\/espana-ya-tiene-su-lista-definitiva-para-la-euro\/"},"modified":"2024-06-07T18:29:36","modified_gmt":"2024-06-07T18:29:36","slug":"espana-ya-tiene-su-lista-definitiva-para-la-euro","status":"publish","type":"post","link":"https:\/\/enfoquenoticioso.com\/?p=5160","title":{"rendered":"Espa\u00f1a ya tiene su lista definitiva para la Euro"},"content":{"rendered":"<div data-td-block-uid=\"tdi_91\">\n<div class=\"tdb-block-inner td-fix-index\">\n<p>Luis de la Fuente dio a conocer este viernes la lista definitiva de los convocados que llevar\u00e1 la selecci\u00f3n de Espa\u00f1a a la Eurocopa 2024.<\/p>\n<p>Sin muchos cambios \u201cLa Roja\u201d dej\u00f3 por fuera a dos referentes del equipo como lo son: \u00a0Pau Cubars\u00ed y Marcos Llorente.<\/p>\n<p>Ahora los dirigidos por Luis de la Fuente se preparan para realizar una gran Fase de Grupos donde se ubican en el Grupo B junto con Italia, Croacia, y Albania.<\/p>\n<figure class=\"wp-block-embed is-type-rich is-provider-twitter wp-block-embed-twitter\"\/>\n<p>Como novedades en la lista que De la Fuente hab\u00eda sacado de manera preliminar, los jugadores descartados fueron: Pau Cubars\u00ed (FC Barcelona), Aleix Garc\u00eda (Girona), y Marcos Llorente (Atl\u00e9tico de Madrid).<\/p>\n<p><strong>Lee tambi\u00e9n: <a href=\"https:\/\/www.liderendeportes.com\/noticias\/futbol\/europeo\/inglaterra-presenta-convocatoria-para-la-euro-2024\/\" target=\"_blank\" rel=\"noopener\">Inglaterra presenta convocatoria para la Euro 2024<\/a><\/strong><\/p>\n<p>Los elegidos por el t\u00e9cnico son:\u00a0Ayoze P\u00e9rez, los defensores\u00a0Dani Carvajal<strong>\u00a0<\/strong>y\u00a0Nacho, que vienen de levantar la Decimoquinta Champions con el\u00a0Real Madrid\u00a0y la sexta en su cuenta personal, tambi\u00e9n se encuentran en la lista final de cara al certamen.<\/p>\n<p>Espa\u00f1a<strong>\u00a0<\/strong>debutar\u00e1 en la Eurocopa frente a\u00a0Croacia\u00a0el 15 de junio en Berl\u00edn, el 20 se enfrentar\u00e1 a\u00a0Italia\u00a0en Gelsenkirchen y cerrar\u00e1 la primera fase ante\u00a0Albania<strong>\u00a0<\/strong>el 24 en D\u00fcsseldorf.<\/p>\n<\/div>\n<\/div>\n<p><a href=\"https:\/\/www.liderendeportes.com\/noticias\/futbol\/europeo\/espana-ya-tiene-su-lista-definitiva-para-la-euro\/\" class=\" target=\" title=\"Espa\u00f1a ya tiene su lista definitiva para la Euro\" target=\"_blank\" rel=\"noopener\">Ver fuente<\/a><\/p>\n","protected":false},"excerpt":{"rendered":"<p>Luis de la Fuente dio a conocer este viernes la lista definitiva de los convocados que llevar\u00e1 la selecci\u00f3n de Espa\u00f1a a la Eurocopa 2024. Sin muchos cambios \u201cLa Roja\u201d dej\u00f3 por fuera a dos referentes del equipo como lo son: \u00a0Pau Cubars\u00ed y Marcos Llorente. Ahora los dirigidos por Luis de la Fuente se [&hellip;]<\/p>\n","protected":false},"author":2,"featured_media":5161,"comment_status":"open","ping_status":"closed","sticky":false,"template":"","format":"standard","meta":{"footnotes":""},"categories":[7],"tags":[],"class_list":["post-5160","post","type-post","status-publish","format-standard","has-post-thumbnail","hentry","category-deporte"],"_links":{"self":[{"href":"https:\/\/enfoquenoticioso.com\/index.php?rest_route=\/wp\/v2\/posts\/5160","targetHints":{"allow":["GET"]}}],"collection":[{"href":"https:\/\/enfoquenoticioso.com\/index.php?rest_route=\/wp\/v2\/posts"}],"about":[{"href":"https:\/\/enfoquenoticioso.com\/index.php?rest_route=\/wp\/v2\/types\/post"}],"author":[{"embeddable":true,"href":"https:\/\/enfoquenoticioso.com\/index.php?rest_route=\/wp\/v2\/users\/2"}],"replies":[{"embeddable":true,"href":"https:\/\/enfoquenoticioso.com\/index.php?rest_route=%2Fwp%2Fv2%2Fcomments&post=5160"}],"version-history":[{"count":0,"href":"https:\/\/enfoquenoticioso.com\/index.php?rest_route=\/wp\/v2\/posts\/5160\/revisions"}],"wp:featuredmedia":[{"embeddable":true,"href":"https:\/\/enfoquenoticioso.com\/index.php?rest_route=\/wp\/v2\/media\/5161"}],"wp:attachment":[{"href":"https:\/\/enfoquenoticioso.com\/index.php?rest_route=%2Fwp%2Fv2%2Fmedia&parent=5160"}],"wp:term":[{"taxonomy":"category","embeddable":true,"href":"https:\/\/enfoquenoticioso.com\/index.php?rest_route=%2Fwp%2Fv2%2Fcategories&post=5160"},{"taxonomy":"post_tag","embeddable":true,"href":"https:\/\/enfoquenoticioso.com\/index.php?rest_route=%2Fwp%2Fv2%2Ftags&post=5160"}],"curies":[{"name":"wp","href":"https:\/\/api.w.org\/{rel}","templated":true}]}}