{"id":5180,"date":"2024-06-08T01:44:55","date_gmt":"2024-06-08T01:44:55","guid":{"rendered":"https:\/\/enfoquenoticioso.com\/entretenimiento\/la-joven-venezolana-joaquina-cantara-con-andrea-bocelli-en-londres\/"},"modified":"2024-06-08T01:44:55","modified_gmt":"2024-06-08T01:44:55","slug":"la-joven-venezolana-joaquina-cantara-con-andrea-bocelli-en-londres","status":"publish","type":"post","link":"https:\/\/enfoquenoticioso.com\/?p=5180","title":{"rendered":"La joven venezolana Joaquina cantar\u00e1 con Andrea Bocelli en Londres"},"content":{"rendered":"<div id=\"post-530187\">\n<div class=\"entry-thumbnail\">\n<img width=\"754\" height=\"437\" src=\"https:\/\/i0.wp.com\/noticiasaldiayalahora.co\/wp-content\/uploads\/2024\/06\/Joaquina-Bocelli.jpg?resize=754%2C437&amp;ssl=1\" class=\"attachment-content-single size-content-single wp-post-image\" alt=\"\" decoding=\"async\" fetchpriority=\"high\"\/><\/div>\n<p class=\"entry-meta\">\n<span class=\"entry-meta-author vcard author\">Por: <a class=\"fn\" href=\"https:\/\/noticiasaldiayalahora.co\/author\/redaccion\/\" target=\"_blank\" rel=\"noopener\">Redacci\u00f3n Noticias al Dia y a la Hora<\/a><\/span><br \/>\n<span class=\"entry-meta-date updated\">7 junio, 2024<\/span>\n<\/p>\n<div class=\"entry-content clearfix\">\n<p>La cantautora venezolana Joaquina anunci\u00f3 por redes sociales que estar\u00e1 acompa\u00f1ando en tarima a Andrea Bocelli, esto en un concierto el pr\u00f3ximo 5 de julio en el Hyde Park en Londres.<span id=\"more-530187\"\/><\/p>\n<p>\u201cVoy a estar cantando con \u00e9l y tambi\u00e9n cantando una de mis canciones. Esto no cabe en mi cabeza\u201d, escribi\u00f3 con felicidad en su cuenta de IG.<\/p>\n<p>Joaquina expres\u00f3 sentirse profundamente honrada de formar parte del concierto. \u201cSimplemente compartir la tarima con \u00e9l. Que honor. Los voy a hacer a todos ustedes muy orgullosos se los prometo\u201d.<\/p>\n<blockquote class=\"twitter-tweet\" data-media-max-width=\"560\">\n<p dir=\"ltr\" lang=\"es\">La cantautora venezolana, Joaquina, anunci\u00f3 en sus redes sociales que se presentar\u00e1 en Londres junto al legendario m\u00fasico Andrea Bocelli, como parte de la celebraci\u00f3n de los 30 a\u00f1os de carrera del artista. Ampl\u00eda esta informaci\u00f3n: <a href=\"https:\/\/t.co\/b4JNb0md3T\">https:\/\/t.co\/b4JNb0md3T<\/a> <a href=\"https:\/\/t.co\/D0gJJRsU4l\">pic.twitter.com\/D0gJJRsU4l<\/a><\/p>\n<p>\u2014 Televen (@Canal_Televen) <a href=\"https:\/\/twitter.com\/Canal_Televen\/status\/1799069934565368165?ref_src=twsrc%5Etfw\" target=\"_blank\" rel=\"noopener\">June 7, 2024<\/a><\/p>\n<\/blockquote>\n<p><img decoding=\"async\" src=\"https:\/\/pbs.twimg.com\/media\/GPZfsx1aMAEKN8Q?format=jpg&amp;name=900x900\" alt=\"Imagen\"\/><\/p>\n<p><img decoding=\"async\" src=\"https:\/\/pbs.twimg.com\/media\/GPZfsyAa4AEZRGG?format=jpg&amp;name=900x900\" alt=\"Imagen\"\/><\/p>\n<div id=\"ez-toc-container\" class=\"ez-toc-v2_0_81 counter-hierarchy ez-toc-counter ez-toc-grey ez-toc-container-direction\">\n<div class=\"ez-toc-title-container\">\n<p class=\"ez-toc-title\" style=\"cursor:inherit\">Tabla de Contenido<\/p>\n<span class=\"ez-toc-title-toggle\"><a href=\"#\" class=\"ez-toc-pull-right ez-toc-btn ez-toc-btn-xs ez-toc-btn-default ez-toc-toggle\" aria-label=\"Alternar tabla de contenidos\"><span class=\"ez-toc-js-icon-con\"><span class=\"\"><span class=\"eztoc-hide\" style=\"display:none;\">Toggle<\/span><span class=\"ez-toc-icon-toggle-span\"><svg style=\"fill: #999;color:#999\" xmlns=\"http:\/\/www.w3.org\/2000\/svg\" class=\"list-377408\" width=\"20px\" height=\"20px\" viewBox=\"0 0 24 24\" fill=\"none\"><path d=\"M6 6H4v2h2V6zm14 0H8v2h12V6zM4 11h2v2H4v-2zm16 0H8v2h12v-2zM4 16h2v2H4v-2zm16 0H8v2h12v-2z\" fill=\"currentColor\"><\/path><\/svg><svg style=\"fill: #999;color:#999\" class=\"arrow-unsorted-368013\" xmlns=\"http:\/\/www.w3.org\/2000\/svg\" width=\"10px\" height=\"10px\" viewBox=\"0 0 24 24\" version=\"1.2\" baseProfile=\"tiny\"><path d=\"M18.2 9.3l-6.2-6.3-6.2 6.3c-.2.2-.3.4-.3.7s.1.5.3.7c.2.2.4.3.7.3h11c.3 0 .5-.1.7-.3.2-.2.3-.5.3-.7s-.1-.5-.3-.7zM5.8 14.7l6.2 6.3 6.2-6.3c.2-.2.3-.5.3-.7s-.1-.5-.3-.7c-.2-.2-.4-.3-.7-.3h-11c-.3 0-.5.1-.7.3-.2.2-.3.5-.3.7s.1.5.3.7z\"\/><\/svg><\/span><\/span><\/span><\/a><\/span><\/div>\n<nav><ul class='ez-toc-list ez-toc-list-level-1 ' ><li class='ez-toc-page-1 ez-toc-heading-level-4'><a class=\"ez-toc-link ez-toc-heading-1\" href=\"https:\/\/enfoquenoticioso.com\/?p=5180\/#Sigue_al_canal_de_noticias_en_Whatsaap\" >Sigue al canal de noticias en Whatsaap\u00a0<\/a><\/li><\/ul><\/nav><\/div>\n<h4><span class=\"ez-toc-section\" id=\"Sigue_al_canal_de_noticias_en_Whatsaap\"><\/span><strong><a href=\"https:\/\/whatsapp.com\/channel\/0029VaDXFnLId7nFFiDdVI26?fbclid=IwAR1LnVJqcByTELJH4Ht086FYRmdx18pRnV7CrkzmTJ5JaLHYY0igukfL9Yk\" target=\"_blank\" rel=\"noopener\">Sigue al canal de noticias en Whatsaap\u00a0<\/a><\/strong><span class=\"ez-toc-section-end\"><\/span><\/h4>\n<\/div>\n<\/div>\n<p><script async src=\"\/\/platform.twitter.com\/widgets.js\" charset=\"utf-8\"><\/script><br \/>\n<br \/><a href=\"https:\/\/noticiasaldiayalahora.co\/entretenimiento\/la-joven-venezolana-joaquina-cantara-con-andrea-bocelli-en-londres\/\" class=\" target=\" title=\"La joven venezolana Joaquina cantar\u00e1 con Andrea Bocelli en Londres\" target=\"_blank\" rel=\"noopener\">Ver fuente<\/a><\/p>\n","protected":false},"excerpt":{"rendered":"<p>Por: Redacci\u00f3n Noticias al Dia y a la Hora 7 junio, 2024 La cantautora venezolana Joaquina anunci\u00f3 por redes sociales que estar\u00e1 acompa\u00f1ando en tarima a Andrea Bocelli, esto en un concierto el pr\u00f3ximo 5 de julio en el Hyde Park en Londres. \u201cVoy a estar cantando con \u00e9l y tambi\u00e9n cantando una de mis [&hellip;]<\/p>\n","protected":false},"author":2,"featured_media":5181,"comment_status":"open","ping_status":"closed","sticky":false,"template":"","format":"standard","meta":{"footnotes":""},"categories":[8],"tags":[],"class_list":["post-5180","post","type-post","status-publish","format-standard","has-post-thumbnail","hentry","category-entretenimiento"],"_links":{"self":[{"href":"https:\/\/enfoquenoticioso.com\/index.php?rest_route=\/wp\/v2\/posts\/5180","targetHints":{"allow":["GET"]}}],"collection":[{"href":"https:\/\/enfoquenoticioso.com\/index.php?rest_route=\/wp\/v2\/posts"}],"about":[{"href":"https:\/\/enfoquenoticioso.com\/index.php?rest_route=\/wp\/v2\/types\/post"}],"author":[{"embeddable":true,"href":"https:\/\/enfoquenoticioso.com\/index.php?rest_route=\/wp\/v2\/users\/2"}],"replies":[{"embeddable":true,"href":"https:\/\/enfoquenoticioso.com\/index.php?rest_route=%2Fwp%2Fv2%2Fcomments&post=5180"}],"version-history":[{"count":0,"href":"https:\/\/enfoquenoticioso.com\/index.php?rest_route=\/wp\/v2\/posts\/5180\/revisions"}],"wp:featuredmedia":[{"embeddable":true,"href":"https:\/\/enfoquenoticioso.com\/index.php?rest_route=\/wp\/v2\/media\/5181"}],"wp:attachment":[{"href":"https:\/\/enfoquenoticioso.com\/index.php?rest_route=%2Fwp%2Fv2%2Fmedia&parent=5180"}],"wp:term":[{"taxonomy":"category","embeddable":true,"href":"https:\/\/enfoquenoticioso.com\/index.php?rest_route=%2Fwp%2Fv2%2Fcategories&post=5180"},{"taxonomy":"post_tag","embeddable":true,"href":"https:\/\/enfoquenoticioso.com\/index.php?rest_route=%2Fwp%2Fv2%2Ftags&post=5180"}],"curies":[{"name":"wp","href":"https:\/\/api.w.org\/{rel}","templated":true}]}}