{"id":5212,"date":"2024-06-08T11:43:07","date_gmt":"2024-06-08T11:43:07","guid":{"rendered":"https:\/\/enfoquenoticioso.com\/sucesos\/padrastro-detenido-por-abuso-sexual-de-nina-de-11-anos\/"},"modified":"2024-06-08T11:43:07","modified_gmt":"2024-06-08T11:43:07","slug":"padrastro-detenido-por-abuso-sexual-de-nina-de-11-anos","status":"publish","type":"post","link":"https:\/\/enfoquenoticioso.com\/?p=5212","title":{"rendered":"Padrastro detenido por abuso sexual de ni\u00f1a de 11 a\u00f1os"},"content":{"rendered":"<div id=\"post-530221\">\n<div class=\"entry-thumbnail\">\n<img width=\"640\" height=\"411\" src=\"https:\/\/i0.wp.com\/noticiasaldiayalahora.co\/wp-content\/uploads\/2024\/06\/detenido-por-abuso-sexual.webp?resize=640%2C411&amp;ssl=1\" class=\"attachment-content-single size-content-single wp-post-image\" alt=\"\" decoding=\"async\" fetchpriority=\"high\"\/><\/div>\n<p class=\"entry-meta\">\n<span class=\"entry-meta-author vcard author\">Por: <a class=\"fn\" href=\"https:\/\/noticiasaldiayalahora.co\/author\/noticias\/\" target=\"_blank\" rel=\"noopener\">AL D\u00eda y a la Hora | @Notidiahora<\/a><\/span><br \/>\n<span class=\"entry-meta-date updated\">8 junio, 2024<\/span>\n<\/p>\n<div class=\"entry-content clearfix\">\n<p>Un sujeto de 47 a\u00f1os fue detenido por funcionarios de la Polic\u00eda Nacional (PNB) por abusar sexualmente de una ni\u00f1a de 11 a\u00f1os este viernes 7 de junio en el estado Portuguesa.<\/p>\n<p>El aberrado, quien fung\u00eda como padrastro de la v\u00edctima, fue identificado como Jos\u00e9 Alexander Rivas S\u00e1nchez quien fue apresado en la urbanizaci\u00f3n Llano Lindo del municipio Araure.<\/p>\n<p>Trascendi\u00f3 que la ni\u00f1a fue llevada a una consulta m\u00e9dica al Seguro Social, donde los m\u00e9dicos de guardia, se percatan del abuso y emiten una denuncia ante el Consejo Municipal de Derechos de Ni\u00f1os, Ni\u00f1as y Adolescentes (Cepnna), seg\u00fan detalla Vamos Acarigua.<\/p>\n<p>El caso fue participado al Ministerio P\u00fablico.<\/p>\n<p>\u00a0<\/p>\n<\/div>\n<\/div>\n<p><a href=\"https:\/\/noticiasaldiayalahora.co\/sucesos\/padrastro-detenido-por-abuso-sexual-de-nina-de-11-anos\/\" class=\" target=\" title=\"Padrastro detenido por abuso sexual de ni\u00f1a de 11 a\u00f1os\" target=\"_blank\" rel=\"noopener\">Ver fuente<\/a><\/p>\n","protected":false},"excerpt":{"rendered":"<p>Por: AL D\u00eda y a la Hora | @Notidiahora 8 junio, 2024 Un sujeto de 47 a\u00f1os fue detenido por funcionarios de la Polic\u00eda Nacional (PNB) por abusar sexualmente de una ni\u00f1a de 11 a\u00f1os este viernes 7 de junio en el estado Portuguesa. El aberrado, quien fung\u00eda como padrastro de la v\u00edctima, fue identificado [&hellip;]<\/p>\n","protected":false},"author":2,"featured_media":5213,"comment_status":"open","ping_status":"closed","sticky":false,"template":"","format":"standard","meta":{"footnotes":""},"categories":[5],"tags":[],"class_list":["post-5212","post","type-post","status-publish","format-standard","has-post-thumbnail","hentry","category-sucesos"],"_links":{"self":[{"href":"https:\/\/enfoquenoticioso.com\/index.php?rest_route=\/wp\/v2\/posts\/5212","targetHints":{"allow":["GET"]}}],"collection":[{"href":"https:\/\/enfoquenoticioso.com\/index.php?rest_route=\/wp\/v2\/posts"}],"about":[{"href":"https:\/\/enfoquenoticioso.com\/index.php?rest_route=\/wp\/v2\/types\/post"}],"author":[{"embeddable":true,"href":"https:\/\/enfoquenoticioso.com\/index.php?rest_route=\/wp\/v2\/users\/2"}],"replies":[{"embeddable":true,"href":"https:\/\/enfoquenoticioso.com\/index.php?rest_route=%2Fwp%2Fv2%2Fcomments&post=5212"}],"version-history":[{"count":0,"href":"https:\/\/enfoquenoticioso.com\/index.php?rest_route=\/wp\/v2\/posts\/5212\/revisions"}],"wp:featuredmedia":[{"embeddable":true,"href":"https:\/\/enfoquenoticioso.com\/index.php?rest_route=\/wp\/v2\/media\/5213"}],"wp:attachment":[{"href":"https:\/\/enfoquenoticioso.com\/index.php?rest_route=%2Fwp%2Fv2%2Fmedia&parent=5212"}],"wp:term":[{"taxonomy":"category","embeddable":true,"href":"https:\/\/enfoquenoticioso.com\/index.php?rest_route=%2Fwp%2Fv2%2Fcategories&post=5212"},{"taxonomy":"post_tag","embeddable":true,"href":"https:\/\/enfoquenoticioso.com\/index.php?rest_route=%2Fwp%2Fv2%2Ftags&post=5212"}],"curies":[{"name":"wp","href":"https:\/\/api.w.org\/{rel}","templated":true}]}}