{"id":5232,"date":"2024-06-08T17:05:48","date_gmt":"2024-06-08T17:05:48","guid":{"rendered":"https:\/\/enfoquenoticioso.com\/entretenimiento\/la-reunion-entre-dos-de-los-personajes-mas-populares-de-the-walking-dead-esta-cada-vez-mas-cerca-ya-hay-fecha-de-estreno-para-la-temporada-2-de-daryl-dixon\/"},"modified":"2024-06-08T17:05:48","modified_gmt":"2024-06-08T17:05:48","slug":"la-reunion-entre-dos-de-los-personajes-mas-populares-de-the-walking-dead-esta-cada-vez-mas-cerca-ya-hay-fecha-de-estreno-para-la-temporada-2-de-daryl-dixon","status":"publish","type":"post","link":"https:\/\/enfoquenoticioso.com\/?p=5232","title":{"rendered":"La reuni\u00f3n entre dos de los personajes m\u00e1s populares de &#8216;The Walking Dead&#8217; est\u00e1 cada vez m\u00e1s cerca. Ya hay fecha de estreno para la temporada 2 de &#8216;Daryl Dixon&#8217;"},"content":{"rendered":"<div>\n<p>Ya queda menos para una de las reuniones m\u00e1s anticipadas del universo &#8216;<a href=\"https:\/\/www.espinof.com\/criticas\/the-walking-dead-ha-terminado-su-temporada-11-pensando-todo-que-viene-que-ofrecer-mejor-cierre-posible-para-serie-al-final\" target=\"_blank\" rel=\"noopener\">The Walking Dead<\/a>&#8216;, con permiso de &#8216;<a href=\"https:\/\/www.espinof.com\/criticas\/the-walking-dead-the-ones-who-live-mejor-que-ha-aparecido-franquicia-hace-anos-se-atreve-iconico-momento-comic-que-serie-siempre-evito\" target=\"_blank\" rel=\"noopener\">The Ones Who Live<\/a>&#8216;. La cadena estadounidense AMC ha desvelado la fecha de estreno de &#8216;<a href=\"https:\/\/www.espinof.com\/fecha-de-estreno\/the-walking-dead-daryl-dixon-the-book-of-carol-2024-trailer-fecha-estreno-reparto-e-historia-temporada-2-serie-zombi\" target=\"_blank\" rel=\"noopener\">The Walking Dead: Daryl Dixon &#8211; The Book of Carol<\/a>&#8216;, la esperada temporada<strong> 2 del spin off protagonizado por Norman Reedus.<\/strong><\/p>\n<p><!-- BREAK 1 --> <\/p>\n<p>Ser\u00e1 el <strong>29 de septiembre<\/strong> cuando podamos ver esta nueva tanda de seis episodios en la que, como sab\u00e9is, se producir\u00e1 (o no, que lo mismo nos la juegan) el encuentro entre <strong>Dixon y Carol, encarnados por Reedus y Melissa McBride<\/strong>. Como sab\u00e9is, ambos personajes quedaron separados durante la serie principal y ahora se encuentran a un oc\u00e9ano de distancia.<\/p>\n<p><!-- BREAK 2 --><\/p>\n<div class=\"article-asset article-asset-normal article-asset-center\">\n<div class=\"desvio-container\">\n<div class=\"desvio\">\n<div class=\"desvio-figure js-desvio-figure\">\n    <a href=\"https:\/\/www.espinof.com\/listas\/the-walking-dead-muertes-impactantes-memorables-toda-serie\" target=\"_blank\" rel=\"noopener\"><br \/>\n     <img loading=\"lazy\" decoding=\"async\" alt=\"'The Walking Dead': las muertes m\u00e1s impactantes y memorables de toda la serie\" width=\"375\" height=\"142\" src=\"https:\/\/i.blogs.es\/418da6\/negan-escoge\/375_142.jpeg\"\/><br \/>\n    <\/a>\n   <\/div>\n<\/p><\/div>\n<\/p><\/div>\n<\/div>\n<div id=\"ez-toc-container\" class=\"ez-toc-v2_0_81 counter-hierarchy ez-toc-counter ez-toc-grey ez-toc-container-direction\">\n<div class=\"ez-toc-title-container\">\n<p class=\"ez-toc-title\" style=\"cursor:inherit\">Tabla de Contenido<\/p>\n<span class=\"ez-toc-title-toggle\"><a href=\"#\" class=\"ez-toc-pull-right ez-toc-btn ez-toc-btn-xs ez-toc-btn-default ez-toc-toggle\" aria-label=\"Alternar tabla de contenidos\"><span class=\"ez-toc-js-icon-con\"><span class=\"\"><span class=\"eztoc-hide\" style=\"display:none;\">Toggle<\/span><span class=\"ez-toc-icon-toggle-span\"><svg style=\"fill: #999;color:#999\" xmlns=\"http:\/\/www.w3.org\/2000\/svg\" class=\"list-377408\" width=\"20px\" height=\"20px\" viewBox=\"0 0 24 24\" fill=\"none\"><path d=\"M6 6H4v2h2V6zm14 0H8v2h12V6zM4 11h2v2H4v-2zm16 0H8v2h12v-2zM4 16h2v2H4v-2zm16 0H8v2h12v-2z\" fill=\"currentColor\"><\/path><\/svg><svg style=\"fill: #999;color:#999\" class=\"arrow-unsorted-368013\" xmlns=\"http:\/\/www.w3.org\/2000\/svg\" width=\"10px\" height=\"10px\" viewBox=\"0 0 24 24\" version=\"1.2\" baseProfile=\"tiny\"><path d=\"M18.2 9.3l-6.2-6.3-6.2 6.3c-.2.2-.3.4-.3.7s.1.5.3.7c.2.2.4.3.7.3h11c.3 0 .5-.1.7-.3.2-.2.3-.5.3-.7s-.1-.5-.3-.7zM5.8 14.7l6.2 6.3 6.2-6.3c.2-.2.3-.5.3-.7s-.1-.5-.3-.7c-.2-.2-.4-.3-.7-.3h-11c-.3 0-.5.1-.7.3-.2.2-.3.5-.3.7s.1.5.3.7z\"\/><\/svg><\/span><\/span><\/span><\/a><\/span><\/div>\n<nav><ul class='ez-toc-list ez-toc-list-level-1 ' ><li class='ez-toc-page-1 ez-toc-heading-level-2'><a class=\"ez-toc-link ez-toc-heading-1\" href=\"https:\/\/enfoquenoticioso.com\/?p=5232\/#El_libro_de_Carol\" >El libro de Carol<\/a><\/li><\/ul><\/nav><\/div>\n<h2><span class=\"ez-toc-section\" id=\"El_libro_de_Carol\"><\/span>El libro de Carol<span class=\"ez-toc-section-end\"><\/span><\/h2>\n<p>La temporada 2 arranca, por tanto, donde dejamos a Daryl Dixon en la temporada anterior: con Daryl decidiendo quedarse en Francia con el dolor de muelas que eso supone para los movimientos e \u00ab<strong>instituciones<\/strong>\u00bb como<strong> Nest y la Union for Hope<\/strong>. Por otro lado, tendremos la esforzada b\u00fasqueda de Carol, quien lucha por encontrar a su amigo.<\/p>\n<p><!-- BREAK 3 --> <\/p>\n<p>Reedus y McBride son los protagonistas de esta segunda temporada de la serie, que cuenta en su reparto con<strong> Cl\u00e9mence Po\u00e9sy, Louis Puech Scigliuzzi, Laika Blanc Francard, Charrier, Romain Levi y Eriq Ebouaney. David Zabel<\/strong> sigue siendo el showrunner, con Scott M Gimple como supervisor de la franquicia.<\/p>\n<p><!-- BREAK 4 --><\/p>\n<p>En Espa\u00f1a la serie se emite en AMC+, pero la plataforma todav\u00eda no ha desvelado cu\u00e1ndo veremos esta nueva entrega.<\/p>\n<p>En Espinof | <a href=\"https:\/\/www.espinof.com\/listas\/guia-definitiva-the-walking-dead-para-no-perderte-spin-offs-franquicia-zombis\" target=\"_blank\" rel=\"noopener\">La gu\u00eda definitiva para no perderte con The Walking Dead<\/a><\/p>\n<p>En Espinof | <a href=\"https:\/\/www.espinof.com\/listas\/mejores-series-terror-2023\" target=\"_blank\" rel=\"noopener\">Las mejores series de terror de 2023<\/a><\/p>\n<\/p><\/div>\n<p><a href=\"https:\/\/www.espinof.com\/series-de-ficcion\/reunion-dos-personajes-populares-the-walking-dead-esta-cada-vez-cerca-hay-fecha-estreno-para-temporada-2-daryl-dixon\" class=\" target=\" title=\"La reuni\u00f3n entre dos de los personajes m\u00e1s populares de &#039;The Walking Dead&#039; est\u00e1 cada vez m\u00e1s cerca. Ya hay fecha de estreno para la temporada 2 de &#039;Daryl Dixon&#039;\" target=\"_blank\" rel=\"noopener\">Ver fuente<\/a><\/p>\n","protected":false},"excerpt":{"rendered":"<p>Ya queda menos para una de las reuniones m\u00e1s anticipadas del universo &#8216;The Walking Dead&#8216;, con permiso de &#8216;The Ones Who Live&#8216;. La cadena estadounidense AMC ha desvelado la fecha de estreno de &#8216;The Walking Dead: Daryl Dixon &#8211; The Book of Carol&#8216;, la esperada temporada 2 del spin off protagonizado por Norman Reedus. Ser\u00e1 [&hellip;]<\/p>\n","protected":false},"author":2,"featured_media":5233,"comment_status":"open","ping_status":"closed","sticky":false,"template":"","format":"standard","meta":{"footnotes":""},"categories":[8],"tags":[],"class_list":["post-5232","post","type-post","status-publish","format-standard","has-post-thumbnail","hentry","category-entretenimiento"],"_links":{"self":[{"href":"https:\/\/enfoquenoticioso.com\/index.php?rest_route=\/wp\/v2\/posts\/5232","targetHints":{"allow":["GET"]}}],"collection":[{"href":"https:\/\/enfoquenoticioso.com\/index.php?rest_route=\/wp\/v2\/posts"}],"about":[{"href":"https:\/\/enfoquenoticioso.com\/index.php?rest_route=\/wp\/v2\/types\/post"}],"author":[{"embeddable":true,"href":"https:\/\/enfoquenoticioso.com\/index.php?rest_route=\/wp\/v2\/users\/2"}],"replies":[{"embeddable":true,"href":"https:\/\/enfoquenoticioso.com\/index.php?rest_route=%2Fwp%2Fv2%2Fcomments&post=5232"}],"version-history":[{"count":0,"href":"https:\/\/enfoquenoticioso.com\/index.php?rest_route=\/wp\/v2\/posts\/5232\/revisions"}],"wp:featuredmedia":[{"embeddable":true,"href":"https:\/\/enfoquenoticioso.com\/index.php?rest_route=\/wp\/v2\/media\/5233"}],"wp:attachment":[{"href":"https:\/\/enfoquenoticioso.com\/index.php?rest_route=%2Fwp%2Fv2%2Fmedia&parent=5232"}],"wp:term":[{"taxonomy":"category","embeddable":true,"href":"https:\/\/enfoquenoticioso.com\/index.php?rest_route=%2Fwp%2Fv2%2Fcategories&post=5232"},{"taxonomy":"post_tag","embeddable":true,"href":"https:\/\/enfoquenoticioso.com\/index.php?rest_route=%2Fwp%2Fv2%2Ftags&post=5232"}],"curies":[{"name":"wp","href":"https:\/\/api.w.org\/{rel}","templated":true}]}}