{"id":5285,"date":"2024-06-09T02:41:36","date_gmt":"2024-06-09T02:41:36","guid":{"rendered":"https:\/\/enfoquenoticioso.com\/entretenimiento\/es-genial-deshacernos-de-eso-jenna-ortega-se-sale-con-la-suya-y-la-temporada-2-de-miercoles-va-a-eliminar-lo-peor-de-la-serie-de-netflix\/"},"modified":"2024-06-09T02:41:36","modified_gmt":"2024-06-09T02:41:36","slug":"es-genial-deshacernos-de-eso-jenna-ortega-se-sale-con-la-suya-y-la-temporada-2-de-miercoles-va-a-eliminar-lo-peor-de-la-serie-de-netflix","status":"publish","type":"post","link":"https:\/\/enfoquenoticioso.com\/?p=5285","title":{"rendered":"\u00abEs genial deshacernos de eso\u00bb. Jenna Ortega se sale con la suya y la temporada 2 de &#8216;Mi\u00e9rcoles&#8217; va a eliminar lo peor de la serie de Netflix"},"content":{"rendered":"<div>\n<p><strong>Jenna Ortega<\/strong> ha demostrado que no tiene pelos en la lengua a la hora de expresar qu\u00e9 es lo que no le convenci\u00f3 de la primera temporada de <a href=\"https:\/\/www.espinof.com\/criticas\/miercoles-tenia-todo-para-ser-mejores-series-netflix-va-a-llega-agotada-ideas-al-final\" target=\"_blank\" rel=\"noopener\">&#8216;Mi\u00e9rcoles&#8217;<\/a>. De hecho, este pasado mes de marzo <a href=\"https:\/\/www.espinof.com\/series-de-ficcion\/no-tenia-ningun-sentido-jenna-ortega-critica-miercoles-dureza-confiesa-todos-problemas-que-tuvo-durante-rodaje-serie-netflix\" target=\"_blank\" rel=\"noopener\">lleg\u00f3 a afirmar<\/a> que <strong>\u00ab<\/strong><em><strong>no ten\u00eda sentido<\/strong><\/em><strong>\u00bb el tri\u00e1ngulo amoroso<\/strong> en el que se vio envuelto su personaje y su queja no ha ca\u00eddo en saco roto, pues ella misma ha desvelado que no habr\u00e1 nada de eso en <a href=\"https:\/\/www.espinof.com\/fecha-de-estreno\/miercoles-temporada-2-trailer-fecha-estreno-reparto-todos-detalles-serie-netflix-jenna-ortega\" target=\"_blank\" rel=\"noopener\">la temporada 2<\/a>.<\/p>\n<p><!-- BREAK 1 --> <\/p>\n<div id=\"ez-toc-container\" class=\"ez-toc-v2_0_81 counter-hierarchy ez-toc-counter ez-toc-grey ez-toc-container-direction\">\n<div class=\"ez-toc-title-container\">\n<p class=\"ez-toc-title\" style=\"cursor:inherit\">Tabla de Contenido<\/p>\n<span class=\"ez-toc-title-toggle\"><a href=\"#\" class=\"ez-toc-pull-right ez-toc-btn ez-toc-btn-xs ez-toc-btn-default ez-toc-toggle\" aria-label=\"Alternar tabla de contenidos\"><span class=\"ez-toc-js-icon-con\"><span class=\"\"><span class=\"eztoc-hide\" style=\"display:none;\">Toggle<\/span><span class=\"ez-toc-icon-toggle-span\"><svg style=\"fill: #999;color:#999\" xmlns=\"http:\/\/www.w3.org\/2000\/svg\" class=\"list-377408\" width=\"20px\" height=\"20px\" viewBox=\"0 0 24 24\" fill=\"none\"><path d=\"M6 6H4v2h2V6zm14 0H8v2h12V6zM4 11h2v2H4v-2zm16 0H8v2h12v-2zM4 16h2v2H4v-2zm16 0H8v2h12v-2z\" fill=\"currentColor\"><\/path><\/svg><svg style=\"fill: #999;color:#999\" class=\"arrow-unsorted-368013\" xmlns=\"http:\/\/www.w3.org\/2000\/svg\" width=\"10px\" height=\"10px\" viewBox=\"0 0 24 24\" version=\"1.2\" baseProfile=\"tiny\"><path d=\"M18.2 9.3l-6.2-6.3-6.2 6.3c-.2.2-.3.4-.3.7s.1.5.3.7c.2.2.4.3.7.3h11c.3 0 .5-.1.7-.3.2-.2.3-.5.3-.7s-.1-.5-.3-.7zM5.8 14.7l6.2 6.3 6.2-6.3c.2-.2.3-.5.3-.7s-.1-.5-.3-.7c-.2-.2-.4-.3-.7-.3h-11c-.3 0-.5.1-.7.3-.2.2-.3.5-.3.7s.1.5.3.7z\"\/><\/svg><\/span><\/span><\/span><\/a><\/span><\/div>\n<nav><ul class='ez-toc-list ez-toc-list-level-1 ' ><li class='ez-toc-page-1 ez-toc-heading-level-2'><a class=\"ez-toc-link ez-toc-heading-1\" href=\"https:\/\/enfoquenoticioso.com\/?p=5285\/#%C2%ABNo_queria_meter_la_pata_con_ella%C2%BB\" >\u00abNo quer\u00eda meter la pata con ella\u00bb<\/a><\/li><\/ul><\/nav><\/div>\n<h2><span class=\"ez-toc-section\" id=\"%C2%ABNo_queria_meter_la_pata_con_ella%C2%BB\"><\/span>\u00abNo quer\u00eda meter la pata con ella\u00bb<span class=\"ez-toc-section-end\"><\/span><\/h2>\n<p>Durante su charla con <strong>Elle Fanning<\/strong> en una entrega del siempre interesante \u00abActors on Actors\u00bb de <a rel=\"noopener, noreferrer\" href=\"https:\/\/variety.com\/2023\/tv\/news\/jenna-ortega-wednesday-season-2-drop-love-interest-horror-1235635497\/\" target=\"_blank\">Variety<\/a>, Jenna Ortega ha comentado que \u00ab<em>nos vamos a deshacer de cualquier inter\u00e9s amoroso rom\u00e1ntico para Mi\u00e9rcoles, lo cual <\/em><em><strong>es genial<\/strong><\/em>\u00ab.<\/p>\n<p><!-- BREAK 2 --><\/p>\n<p>Su gran implicaci\u00f3n en el proyecto seguramente ha sido clave para ello, algo que ha expresado con las siguientes palabras:<\/p>\n<blockquote><p><em>\u00abYa hab\u00edamos barajado muchas ideas, y yo soy una persona muy pr\u00e1ctica. Quiero saber qu\u00e9 est\u00e1 pasando. Y con <\/em><em><strong>un personaje como Mi\u00e9rcoles, tan querido y tan legendario, no quer\u00eda meter la pata con ella<\/strong><\/em><em>. As\u00ed que intento tener tantas conversaciones como sea posible.\u00bb<\/em><\/p><\/blockquote>\n<div class=\"article-asset article-asset-normal article-asset-center\">\n<div class=\"desvio-container\">\n<div class=\"desvio\">\n<div class=\"desvio-figure js-desvio-figure\">\n    <a href=\"https:\/\/www.espinof.com\/listas\/cronicas-familia-addams-80-anos-comics-cine-television-clan-macabro-comedia-infantil\" target=\"_blank\" rel=\"noopener\"><br \/>\n     <img loading=\"lazy\" decoding=\"async\" alt=\"Cr\u00f3nicas de 'La familia Addams': m\u00e1s de 80 a\u00f1os de c\u00f3mics, cine y televisi\u00f3n con el clan m\u00e1s macabro de la comedia infantil\" width=\"375\" height=\"142\" src=\"https:\/\/i.blogs.es\/1a48e5\/addams\/375_142.jpg\"\/><br \/>\n    <\/a>\n   <\/div>\n<\/p><\/div>\n<\/p><\/div>\n<\/div>\n<blockquote><p>\u00abEn el plat\u00f3, con los guionistas y Tim Burton, nos reun\u00edamos todos y decid\u00edamos: &#8216;Vale, \u00bfqu\u00e9 funciona y qu\u00e9 no?&#8217;. Naturalmente, ya era muy colaborativo, as\u00ed que en la preparaci\u00f3n de una segunda temporada, quer\u00edamos adelantarnos y asegurarnos de que pod\u00edamos empezar las conversaciones antes. Y tengo mucha curiosidad. Quiero ver los trajes, los personajes, los guiones, y <strong>tuvieron la amabilidad de dejarme implicarme como productora<\/strong>.\u00bb<\/p><\/blockquote>\n<p>Por mi parte tengo claro que ese tri\u00e1ngulo rom\u00e1ntico era <strong>lo que funcionaba peor<\/strong> de la irregular primera temporada de &#8216;Mi\u00e9rcoles&#8217;, por lo que me alegra saber que es algo que van a dejar completamente de lado en los nuevos episodios. Y tambi\u00e9n me transmite buenas vibraciones que Jenna Ortega prometa lo siguiente:<\/p>\n<p><!-- BREAK 3 --> <\/p>\n<blockquote><p>\u00ab<strong>Hemos decidido apoyarnos un poco m\u00e1s en el lado terror\u00edfico de la serie<\/strong>. Como es tan ligera, una serie as\u00ed con vampiros, hombres y superpoderes, no te puedes tomar a ti misma demasiado en serio.\u00bb<\/p><\/blockquote>\n<p>Ella misma es consciente de que <strong>en muchos trabajos los actores no son m\u00e1s que marionetas al servicio de otras personas<\/strong>, pero tambi\u00e9n que \u00ab<em>las mejores experiencias que he tenido, los trabajos de los que estoy m\u00e1s orgullosa, siempre han sido aquellos en los que me siento escuchada<\/em>\u00ab.<\/p>\n<p><!-- BREAK 4 --><\/p>\n<p>En Espinof | <a href=\"https:\/\/www.espinof.com\/listas\/mejores-series-historia-netflix\" target=\"_blank\" rel=\"noopener\">Las 27 mejores series de la historia de Netflix<\/a><\/p>\n<p>En Espinof | <a href=\"https:\/\/www.espinof.com\/listas\/todas-peliculas-tim-burton-ordenadas-peor-a-mejor\" target=\"_blank\" rel=\"noopener\">Todas las pel\u00edculas de Tim Burton, ordenadas de peor a mejor<\/a><\/p>\n<\/p><\/div>\n<p><a href=\"https:\/\/www.espinof.com\/actores-y-actrices\/genial-deshacernos-eso-jenna-ortega-se-sale-suya-temporada-2-miercoles-va-a-eliminar-peor-serie-netflix\" class=\" target=\" title=\"\" Es genial deshacernos de Jenna Ortega se sale con la suya temporada va eliminar lo peor serie target=\"_blank\" rel=\"noopener\">Ver fuente<\/a><\/p>\n","protected":false},"excerpt":{"rendered":"<p>Jenna Ortega ha demostrado que no tiene pelos en la lengua a la hora de expresar qu\u00e9 es lo que no le convenci\u00f3 de la primera temporada de &#8216;Mi\u00e9rcoles&#8217;. De hecho, este pasado mes de marzo lleg\u00f3 a afirmar que \u00abno ten\u00eda sentido\u00bb el tri\u00e1ngulo amoroso en el que se vio envuelto su personaje y [&hellip;]<\/p>\n","protected":false},"author":2,"featured_media":5286,"comment_status":"open","ping_status":"closed","sticky":false,"template":"","format":"standard","meta":{"footnotes":""},"categories":[8],"tags":[],"class_list":["post-5285","post","type-post","status-publish","format-standard","has-post-thumbnail","hentry","category-entretenimiento"],"_links":{"self":[{"href":"https:\/\/enfoquenoticioso.com\/index.php?rest_route=\/wp\/v2\/posts\/5285","targetHints":{"allow":["GET"]}}],"collection":[{"href":"https:\/\/enfoquenoticioso.com\/index.php?rest_route=\/wp\/v2\/posts"}],"about":[{"href":"https:\/\/enfoquenoticioso.com\/index.php?rest_route=\/wp\/v2\/types\/post"}],"author":[{"embeddable":true,"href":"https:\/\/enfoquenoticioso.com\/index.php?rest_route=\/wp\/v2\/users\/2"}],"replies":[{"embeddable":true,"href":"https:\/\/enfoquenoticioso.com\/index.php?rest_route=%2Fwp%2Fv2%2Fcomments&post=5285"}],"version-history":[{"count":0,"href":"https:\/\/enfoquenoticioso.com\/index.php?rest_route=\/wp\/v2\/posts\/5285\/revisions"}],"wp:featuredmedia":[{"embeddable":true,"href":"https:\/\/enfoquenoticioso.com\/index.php?rest_route=\/wp\/v2\/media\/5286"}],"wp:attachment":[{"href":"https:\/\/enfoquenoticioso.com\/index.php?rest_route=%2Fwp%2Fv2%2Fmedia&parent=5285"}],"wp:term":[{"taxonomy":"category","embeddable":true,"href":"https:\/\/enfoquenoticioso.com\/index.php?rest_route=%2Fwp%2Fv2%2Fcategories&post=5285"},{"taxonomy":"post_tag","embeddable":true,"href":"https:\/\/enfoquenoticioso.com\/index.php?rest_route=%2Fwp%2Fv2%2Ftags&post=5285"}],"curies":[{"name":"wp","href":"https:\/\/api.w.org\/{rel}","templated":true}]}}