{"id":5338,"date":"2024-06-09T13:36:35","date_gmt":"2024-06-09T13:36:35","guid":{"rendered":"https:\/\/enfoquenoticioso.com\/entretenimiento\/la-asesina-de-selena-quintanilla-quiere-ser-la-asistente-de-shakira-cuando-salga-de-la-carcel\/"},"modified":"2024-06-09T13:36:35","modified_gmt":"2024-06-09T13:36:35","slug":"la-asesina-de-selena-quintanilla-quiere-ser-la-asistente-de-shakira-cuando-salga-de-la-carcel","status":"publish","type":"post","link":"https:\/\/enfoquenoticioso.com\/?p=5338","title":{"rendered":"La asesina de Selena Quintanilla quiere ser la asistente de Shakira cuando salga de la c\u00e1rcel"},"content":{"rendered":"<div>\n<p>La asesina de la cantante\u00a0<strong>Selena Quintanilla,\u00a0Yolanda Sald\u00edvar<\/strong>\u00a0dej\u00f3 a todos con la boca abierta, tras revelar que le gustar\u00eda ser la mano derecha de la cantante colombiana\u00a0<strong>Shakira.<\/strong><span id=\"more-530269\"\/><\/p>\n<p>por <strong>Revista Ronda<\/strong><\/p>\n<p>Durante una entrevista que le realiz\u00f3 el equipo de la BBC, Sald\u00edvar indic\u00f3 que admira el trabajo de la colombiana\u00a0<strong>Shakira<\/strong>\u00a0y que uno de sus sue\u00f1os, ser\u00eda poder trabajar junto a ella.<\/p>\n<p>En este sentido,\u00a0<strong>Yolanda<\/strong> mencion\u00f3 que, al salir de la c\u00e1rcel, le gustar\u00eda retomar su vida laboral con total normalidad. La mujer de 63 a\u00f1os de edad, podr\u00eda salir de la c\u00e1rcel el 30 de marzo de 2025, sin embargo, podr\u00eda conseguir una libertad condicional para salir a finales de este a\u00f1o 2024.<\/p>\n<p>Es preciso recordar que\u00a0<strong>Yolanda Sald\u00edvar<\/strong>\u00a0pertenec\u00eda al club de fans de la cantante Selena, luego de eso y de manejar muy bien a los fan\u00e1ticos de la artista, esta la meti\u00f3 como parte de su equipo de trabajo, incluso manej\u00e1ndole las finanzas.<\/p>\n<p><strong>Yolanda<\/strong>\u00a0se convirti\u00f3 en la mano derecha de\u00a0<strong>Selena Quintanilla.<\/strong>\u00a0Al tener m\u00e1s poder, comenz\u00f3 a desviar algunas ganancias a su cuenta, por lo que\u00a0<strong>Abraham Quintanilla,<\/strong> padre de la fallecida cantante, se dio cuenta y decidi\u00f3 enfrentarla, generando la molestia de la propia artista.<\/p>\n<p>Eso gener\u00f3 la molestia de\u00a0<strong>Sald\u00edvar,<\/strong>\u00a0y en una reuni\u00f3n que mantuvo con la cantante en un motel, le dispar\u00f3, quit\u00e1ndole la vida a Selena y dejando un gran vac\u00edo entre sus familiares y amigos.<\/p>\n<p>Hasta el momento la colombiana\u00a0<strong>Shakira<\/strong>\u00a0no se ha pronunciado al respecto ni ha opinado acerca de las declaraciones de la asesina de\u00a0<strong>Selena<\/strong>\u00a0y su gusto por trabajar con ella.<\/p>\n<blockquote class=\"instagram-media\" style=\"background: #FFF; border: 0; border-radius: 3px; box-shadow: 0 0 1px 0 rgba(0,0,0,0.5),0 1px 10px 0 rgba(0,0,0,0.15); margin: 1px; max-width: 540px; min-width: 326px; padding: 0; width: calc(100% - 2px);\" data-instgrm-captioned=\"\" data-instgrm-permalink=\"https:\/\/www.instagram.com\/p\/C77AhPmMBDI\/?utm_source=ig_embed&amp;utm_campaign=loading\" data-instgrm-version=\"14\">\n<\/blockquote>\n<div id=\"ez-toc-container\" class=\"ez-toc-v2_0_81 counter-hierarchy ez-toc-counter ez-toc-grey ez-toc-container-direction\">\n<div class=\"ez-toc-title-container\">\n<p class=\"ez-toc-title\" style=\"cursor:inherit\">Tabla de Contenido<\/p>\n<span class=\"ez-toc-title-toggle\"><a href=\"#\" class=\"ez-toc-pull-right ez-toc-btn ez-toc-btn-xs ez-toc-btn-default ez-toc-toggle\" aria-label=\"Alternar tabla de contenidos\"><span class=\"ez-toc-js-icon-con\"><span class=\"\"><span class=\"eztoc-hide\" style=\"display:none;\">Toggle<\/span><span class=\"ez-toc-icon-toggle-span\"><svg style=\"fill: #999;color:#999\" xmlns=\"http:\/\/www.w3.org\/2000\/svg\" class=\"list-377408\" width=\"20px\" height=\"20px\" viewBox=\"0 0 24 24\" fill=\"none\"><path d=\"M6 6H4v2h2V6zm14 0H8v2h12V6zM4 11h2v2H4v-2zm16 0H8v2h12v-2zM4 16h2v2H4v-2zm16 0H8v2h12v-2z\" fill=\"currentColor\"><\/path><\/svg><svg style=\"fill: #999;color:#999\" class=\"arrow-unsorted-368013\" xmlns=\"http:\/\/www.w3.org\/2000\/svg\" width=\"10px\" height=\"10px\" viewBox=\"0 0 24 24\" version=\"1.2\" baseProfile=\"tiny\"><path d=\"M18.2 9.3l-6.2-6.3-6.2 6.3c-.2.2-.3.4-.3.7s.1.5.3.7c.2.2.4.3.7.3h11c.3 0 .5-.1.7-.3.2-.2.3-.5.3-.7s-.1-.5-.3-.7zM5.8 14.7l6.2 6.3 6.2-6.3c.2-.2.3-.5.3-.7s-.1-.5-.3-.7c-.2-.2-.4-.3-.7-.3h-11c-.3 0-.5.1-.7.3-.2.2-.3.5-.3.7s.1.5.3.7z\"\/><\/svg><\/span><\/span><\/span><\/a><\/span><\/div>\n<nav><ul class='ez-toc-list ez-toc-list-level-1 ' ><li class='ez-toc-page-1 ez-toc-heading-level-4'><a class=\"ez-toc-link ez-toc-heading-1\" href=\"https:\/\/enfoquenoticioso.com\/?p=5338\/#Sigue_al_canal_de_noticias_en_Whatsaap\" >Sigue al canal de noticias en Whatsaap\u00a0<\/a><\/li><\/ul><\/nav><\/div>\n<h4><span class=\"ez-toc-section\" id=\"Sigue_al_canal_de_noticias_en_Whatsaap\"><\/span><strong><a href=\"https:\/\/whatsapp.com\/channel\/0029VaDXFnLId7nFFiDdVI26?fbclid=IwAR1LnVJqcByTELJH4Ht086FYRmdx18pRnV7CrkzmTJ5JaLHYY0igukfL9Yk\" target=\"_blank\" rel=\"noopener\">Sigue al canal de noticias en Whatsaap\u00a0<\/a><\/strong><span class=\"ez-toc-section-end\"><\/span><\/h4>\n<\/div>\n<p><script async src=\"\/\/www.instagram.com\/embed.js\"><\/script><br \/>\n<br \/><a href=\"https:\/\/noticiasaldiayalahora.co\/entretenimiento\/la-asesina-de-selena-quintanilla-quiere-ser-la-asistente-de-shakira-cuando-salga-de-la-carcel\/\" class=\" target=\" title=\"La asesina de Selena Quintanilla quiere ser la asistente de Shakira cuando salga de la c\u00e1rcel\" target=\"_blank\" rel=\"noopener\">Ver fuente<\/a><\/p>\n","protected":false},"excerpt":{"rendered":"<p>La asesina de la cantante\u00a0Selena Quintanilla,\u00a0Yolanda Sald\u00edvar\u00a0dej\u00f3 a todos con la boca abierta, tras revelar que le gustar\u00eda ser la mano derecha de la cantante colombiana\u00a0Shakira. por Revista Ronda Durante una entrevista que le realiz\u00f3 el equipo de la BBC, Sald\u00edvar indic\u00f3 que admira el trabajo de la colombiana\u00a0Shakira\u00a0y que uno de sus sue\u00f1os, ser\u00eda [&hellip;]<\/p>\n","protected":false},"author":2,"featured_media":5339,"comment_status":"open","ping_status":"closed","sticky":false,"template":"","format":"standard","meta":{"footnotes":""},"categories":[8],"tags":[],"class_list":["post-5338","post","type-post","status-publish","format-standard","has-post-thumbnail","hentry","category-entretenimiento"],"_links":{"self":[{"href":"https:\/\/enfoquenoticioso.com\/index.php?rest_route=\/wp\/v2\/posts\/5338","targetHints":{"allow":["GET"]}}],"collection":[{"href":"https:\/\/enfoquenoticioso.com\/index.php?rest_route=\/wp\/v2\/posts"}],"about":[{"href":"https:\/\/enfoquenoticioso.com\/index.php?rest_route=\/wp\/v2\/types\/post"}],"author":[{"embeddable":true,"href":"https:\/\/enfoquenoticioso.com\/index.php?rest_route=\/wp\/v2\/users\/2"}],"replies":[{"embeddable":true,"href":"https:\/\/enfoquenoticioso.com\/index.php?rest_route=%2Fwp%2Fv2%2Fcomments&post=5338"}],"version-history":[{"count":0,"href":"https:\/\/enfoquenoticioso.com\/index.php?rest_route=\/wp\/v2\/posts\/5338\/revisions"}],"wp:featuredmedia":[{"embeddable":true,"href":"https:\/\/enfoquenoticioso.com\/index.php?rest_route=\/wp\/v2\/media\/5339"}],"wp:attachment":[{"href":"https:\/\/enfoquenoticioso.com\/index.php?rest_route=%2Fwp%2Fv2%2Fmedia&parent=5338"}],"wp:term":[{"taxonomy":"category","embeddable":true,"href":"https:\/\/enfoquenoticioso.com\/index.php?rest_route=%2Fwp%2Fv2%2Fcategories&post=5338"},{"taxonomy":"post_tag","embeddable":true,"href":"https:\/\/enfoquenoticioso.com\/index.php?rest_route=%2Fwp%2Fv2%2Ftags&post=5338"}],"curies":[{"name":"wp","href":"https:\/\/api.w.org\/{rel}","templated":true}]}}