{"id":5351,"date":"2024-06-09T16:05:13","date_gmt":"2024-06-09T16:05:13","guid":{"rendered":"https:\/\/enfoquenoticioso.com\/entretenimiento\/omar-enrique-celebrara-sus-30-anos-de-carrera-con-la-rumba-del-merengue-en-el-poliedro\/"},"modified":"2024-06-09T16:05:13","modified_gmt":"2024-06-09T16:05:13","slug":"omar-enrique-celebrara-sus-30-anos-de-carrera-con-la-rumba-del-merengue-en-el-poliedro","status":"publish","type":"post","link":"https:\/\/enfoquenoticioso.com\/?p=5351","title":{"rendered":"Omar Enrique celebrar\u00e1 sus 30 a\u00f1os de carrera con \u00abLa Rumba del Merengue\u00bb en el Poliedro"},"content":{"rendered":"<div>\n<p>Los fan\u00e1ticos venezolanos del merengue est\u00e1n de fiesta con la celebraci\u00f3n de \u00abLa Gran Rumba del Merengue 2\u00bb, un concierto \u00e9pico que reunir\u00e1 a las m\u00e1s grandes estrellas del g\u00e9nero en un mismo escenario.<span id=\"more-530287\"\/><\/p>\n<p>De acuerdo con informaci\u00f3n del cantante venezolano Omar Enrique, quien aprovechar\u00e1 el evento para celebrar sus 30 a\u00f1os de carrera art\u00edstica, el concierto se llevar\u00e1 a cabo el pr\u00f3ximo 14 de junio en el emblem\u00e1tico Poliedro de Caracas, prometiendo una noche inolvidable para todos.<\/p>\n<p>Encabezando la cartelera se encuentra Omar Enrique. Junto a \u00e9l, se presentar\u00e1n una constelaci\u00f3n de artistas de talla internacional, como Elvis Crespo, Ilegales, Eddy Herrera, Sergio Vargas, Bonny Cepeda, Felipe Pel\u00e1ez, Jean Carlos Centeno, Fernandito Villalona, Magic Juan, Manny Cruz, Las Chicas del Can, Christian Daniel, Danny Mar\u00edn, Aramis Camilo, Liz, Omar Acedo, Roberto Antonio, Xuxo, Los Cadilacs y Diveana.<\/p>\n<p>La\u00a0primera edici\u00f3n\u00a0de este evento se llev\u00f3 a cabo el pasado 16 de junio de 2023 en la terraza del CCCT. Entre los artistas internacionales invitados en ese momento estuvieron: los dominicanos Bonny Cepeda, Eddy Herrera, Fernando Villalona, Sergio Vargas, Magic Juan y la agrupaci\u00f3n Las Chicas del Can.<\/p>\n<div id=\"ez-toc-container\" class=\"ez-toc-v2_0_81 counter-hierarchy ez-toc-counter ez-toc-grey ez-toc-container-direction\">\n<div class=\"ez-toc-title-container\">\n<p class=\"ez-toc-title\" style=\"cursor:inherit\">Tabla de Contenido<\/p>\n<span class=\"ez-toc-title-toggle\"><a href=\"#\" class=\"ez-toc-pull-right ez-toc-btn ez-toc-btn-xs ez-toc-btn-default ez-toc-toggle\" aria-label=\"Alternar tabla de contenidos\"><span class=\"ez-toc-js-icon-con\"><span class=\"\"><span class=\"eztoc-hide\" style=\"display:none;\">Toggle<\/span><span class=\"ez-toc-icon-toggle-span\"><svg style=\"fill: #999;color:#999\" xmlns=\"http:\/\/www.w3.org\/2000\/svg\" class=\"list-377408\" width=\"20px\" height=\"20px\" viewBox=\"0 0 24 24\" fill=\"none\"><path d=\"M6 6H4v2h2V6zm14 0H8v2h12V6zM4 11h2v2H4v-2zm16 0H8v2h12v-2zM4 16h2v2H4v-2zm16 0H8v2h12v-2z\" fill=\"currentColor\"><\/path><\/svg><svg style=\"fill: #999;color:#999\" class=\"arrow-unsorted-368013\" xmlns=\"http:\/\/www.w3.org\/2000\/svg\" width=\"10px\" height=\"10px\" viewBox=\"0 0 24 24\" version=\"1.2\" baseProfile=\"tiny\"><path d=\"M18.2 9.3l-6.2-6.3-6.2 6.3c-.2.2-.3.4-.3.7s.1.5.3.7c.2.2.4.3.7.3h11c.3 0 .5-.1.7-.3.2-.2.3-.5.3-.7s-.1-.5-.3-.7zM5.8 14.7l6.2 6.3 6.2-6.3c.2-.2.3-.5.3-.7s-.1-.5-.3-.7c-.2-.2-.4-.3-.7-.3h-11c-.3 0-.5.1-.7.3-.2.2-.3.5-.3.7s.1.5.3.7z\"\/><\/svg><\/span><\/span><\/span><\/a><\/span><\/div>\n<nav><ul class='ez-toc-list ez-toc-list-level-1 ' ><li class='ez-toc-page-1 ez-toc-heading-level-2'><a class=\"ez-toc-link ez-toc-heading-1\" href=\"https:\/\/enfoquenoticioso.com\/?p=5351\/#Mas_de_12_horas_de_merengue\" >M\u00e1s de 12 horas de merengue<\/a><\/li><li class='ez-toc-page-1 ez-toc-heading-level-2'><a class=\"ez-toc-link ez-toc-heading-2\" href=\"https:\/\/enfoquenoticioso.com\/?p=5351\/#Entradas_a_la_venta\" >Entradas a la venta<\/a><ul class='ez-toc-list-level-4' ><li class='ez-toc-heading-level-4'><ul class='ez-toc-list-level-4' ><li class='ez-toc-heading-level-4'><a class=\"ez-toc-link ez-toc-heading-3\" href=\"https:\/\/enfoquenoticioso.com\/?p=5351\/#Sigue_al_canal_de_noticias_en_Whatsaap\" >Sigue al canal de noticias en Whatsaap\u00a0<\/a><\/li><\/ul><\/li><\/ul><\/li><\/ul><\/nav><\/div>\n<h2 class=\"wp-block-heading\"><span class=\"ez-toc-section\" id=\"Mas_de_12_horas_de_merengue\"><\/span>M\u00e1s de 12 horas de merengue<span class=\"ez-toc-section-end\"><\/span><\/h2>\n<p>La fiesta dar\u00e1 inicio a las 6:00 pm y se extender\u00e1 hasta las 6:00 am del d\u00eda siguiente, ofreciendo 12 horas ininterrumpidas de merengue para que los asistentes disfruten al m\u00e1ximo.<\/p>\n<p>Se espera que el evento marque un hito en la historia de la m\u00fasica latina, reuniendo a miles de personas en un ambiente de contagiosa alegr\u00eda.<\/p>\n<h2 class=\"wp-block-heading\"><span class=\"ez-toc-section\" id=\"Entradas_a_la_venta\"><\/span>Entradas a la venta<span class=\"ez-toc-section-end\"><\/span><\/h2>\n<p>Las entradas para \u00abLa Gran Rumba del Merengue 2\u00bb ya est\u00e1n a la venta y se pueden adquirir en la plataforma\u00a0TicketShop. Los precios var\u00edan desde 30 hasta 700 d\u00f3lares, dependiendo de la categor\u00eda de la entrada.<\/p>\n<blockquote class=\"instagram-media\" style=\"background: #FFF; border: 0; border-radius: 3px; box-shadow: 0 0 1px 0 rgba(0,0,0,0.5),0 1px 10px 0 rgba(0,0,0,0.15); margin: 1px; max-width: 540px; min-width: 326px; padding: 0; width: calc(100% - 2px);\" data-instgrm-captioned=\"\" data-instgrm-permalink=\"https:\/\/www.instagram.com\/reel\/C75E9lmPjD1\/?utm_source=ig_embed&amp;utm_campaign=loading\" data-instgrm-version=\"14\">\n<\/blockquote>\n<h4><span class=\"ez-toc-section\" id=\"Sigue_al_canal_de_noticias_en_Whatsaap\"><\/span><strong><a href=\"https:\/\/whatsapp.com\/channel\/0029VaDXFnLId7nFFiDdVI26?fbclid=IwAR1LnVJqcByTELJH4Ht086FYRmdx18pRnV7CrkzmTJ5JaLHYY0igukfL9Yk\" target=\"_blank\" rel=\"noopener\">Sigue al canal de noticias en Whatsaap\u00a0<\/a><\/strong><span class=\"ez-toc-section-end\"><\/span><\/h4>\n<\/div>\n<p><script async src=\"\/\/www.instagram.com\/embed.js\"><\/script><br \/>\n<br \/><a href=\"https:\/\/noticiasaldiayalahora.co\/entretenimiento\/omar-enrique-celebrara-sus-30-anos-de-carrera-con-la-rumba-del-merengue-en-el-poliedro\/\" class=\" target=\" title=\"Omar Enrique celebrar\u00e1 sus 30 a\u00f1os de carrera con \" La Rumba del en el target=\"_blank\" rel=\"noopener\">Ver fuente<\/a><\/p>\n","protected":false},"excerpt":{"rendered":"<p>Los fan\u00e1ticos venezolanos del merengue est\u00e1n de fiesta con la celebraci\u00f3n de \u00abLa Gran Rumba del Merengue 2\u00bb, un concierto \u00e9pico que reunir\u00e1 a las m\u00e1s grandes estrellas del g\u00e9nero en un mismo escenario. De acuerdo con informaci\u00f3n del cantante venezolano Omar Enrique, quien aprovechar\u00e1 el evento para celebrar sus 30 a\u00f1os de carrera art\u00edstica, [&hellip;]<\/p>\n","protected":false},"author":2,"featured_media":5352,"comment_status":"open","ping_status":"closed","sticky":false,"template":"","format":"standard","meta":{"footnotes":""},"categories":[8],"tags":[],"class_list":["post-5351","post","type-post","status-publish","format-standard","has-post-thumbnail","hentry","category-entretenimiento"],"_links":{"self":[{"href":"https:\/\/enfoquenoticioso.com\/index.php?rest_route=\/wp\/v2\/posts\/5351","targetHints":{"allow":["GET"]}}],"collection":[{"href":"https:\/\/enfoquenoticioso.com\/index.php?rest_route=\/wp\/v2\/posts"}],"about":[{"href":"https:\/\/enfoquenoticioso.com\/index.php?rest_route=\/wp\/v2\/types\/post"}],"author":[{"embeddable":true,"href":"https:\/\/enfoquenoticioso.com\/index.php?rest_route=\/wp\/v2\/users\/2"}],"replies":[{"embeddable":true,"href":"https:\/\/enfoquenoticioso.com\/index.php?rest_route=%2Fwp%2Fv2%2Fcomments&post=5351"}],"version-history":[{"count":0,"href":"https:\/\/enfoquenoticioso.com\/index.php?rest_route=\/wp\/v2\/posts\/5351\/revisions"}],"wp:featuredmedia":[{"embeddable":true,"href":"https:\/\/enfoquenoticioso.com\/index.php?rest_route=\/wp\/v2\/media\/5352"}],"wp:attachment":[{"href":"https:\/\/enfoquenoticioso.com\/index.php?rest_route=%2Fwp%2Fv2%2Fmedia&parent=5351"}],"wp:term":[{"taxonomy":"category","embeddable":true,"href":"https:\/\/enfoquenoticioso.com\/index.php?rest_route=%2Fwp%2Fv2%2Fcategories&post=5351"},{"taxonomy":"post_tag","embeddable":true,"href":"https:\/\/enfoquenoticioso.com\/index.php?rest_route=%2Fwp%2Fv2%2Ftags&post=5351"}],"curies":[{"name":"wp","href":"https:\/\/api.w.org\/{rel}","templated":true}]}}