{"id":5373,"date":"2024-06-09T19:12:24","date_gmt":"2024-06-09T19:12:24","guid":{"rendered":"https:\/\/enfoquenoticioso.com\/internacionales\/hallaron-sin-vida-a-reconocido-productor-musical-junto-a-su-esposa\/"},"modified":"2024-06-09T19:12:24","modified_gmt":"2024-06-09T19:12:24","slug":"hallaron-sin-vida-a-reconocido-productor-musical-junto-a-su-esposa","status":"publish","type":"post","link":"https:\/\/enfoquenoticioso.com\/?p=5373","title":{"rendered":"Hallaron sin vida a reconocido productor musical junto a su esposa"},"content":{"rendered":"<div>\n<p>Daniel Alejandro Vel\u00e1squez Franco, un reconocido productor musical conocido como Dr. Vel\u00e1squez, fue hallado sin vida junto a su esposa la ma\u00f1ana del 8 de junio en su casa en Envigado, Antioquia, hecho que ha conmocionado a la industria de la m\u00fasica en Colombia.<span id=\"more-530307\"\/><\/p>\n<p>Vel\u00e1squez era un destacado de la m\u00fasica urbana en el pa\u00eds. De hecho, lleg\u00f3 trabajar con importantes artistas del g\u00e9nero como Maluma, J Balvin, Reykon y El Clooy.<\/p>\n<p>De acuerdo a la versi\u00f3n de las autoridades, la Polic\u00eda Metropolitana de Aburr\u00e1 comunic\u00f3 el estremecedor suceso. Trascendi\u00f3 que un amigo del matrimonio estaba con ellos y sali\u00f3 a comparar bebidas alcoh\u00f3licas. No obstante, cuando regres\u00f3 descubri\u00f3 el cuerpo sin vida del productor musical, que ten\u00eda una herida de bala en la cabeza. Estaba en una habitaci\u00f3n de juegos de la residencia.<\/p>\n<p>Cuando las autoridades se apersonaron al lugar, dieron con un segundo occiso: el de la esposa de Dr. Vel\u00e1squez. Estaba en otro cuarto, tapado con una s\u00e1bana ensangrentada.<\/p>\n<p>Por los momentos, las autoridades siguen investigando qu\u00e9 sucedi\u00f3 realmente. Hasta ahora no concluyen si a Vel\u00e1squez lo asesinaron o se suicid\u00f3. Tampoco hay detalles extras sobre el fallecimiento de su esposa, por lo que no se descarta ninguna hip\u00f3tesis, rese\u00f1\u00f3 Los 40.<\/p>\n<div id=\"ez-toc-container\" class=\"ez-toc-v2_0_81 counter-hierarchy ez-toc-counter ez-toc-grey ez-toc-container-direction\">\n<div class=\"ez-toc-title-container\">\n<p class=\"ez-toc-title\" style=\"cursor:inherit\">Tabla de Contenido<\/p>\n<span class=\"ez-toc-title-toggle\"><a href=\"#\" class=\"ez-toc-pull-right ez-toc-btn ez-toc-btn-xs ez-toc-btn-default ez-toc-toggle\" aria-label=\"Alternar tabla de contenidos\"><span class=\"ez-toc-js-icon-con\"><span class=\"\"><span class=\"eztoc-hide\" style=\"display:none;\">Toggle<\/span><span class=\"ez-toc-icon-toggle-span\"><svg style=\"fill: #999;color:#999\" xmlns=\"http:\/\/www.w3.org\/2000\/svg\" class=\"list-377408\" width=\"20px\" height=\"20px\" viewBox=\"0 0 24 24\" fill=\"none\"><path d=\"M6 6H4v2h2V6zm14 0H8v2h12V6zM4 11h2v2H4v-2zm16 0H8v2h12v-2zM4 16h2v2H4v-2zm16 0H8v2h12v-2z\" fill=\"currentColor\"><\/path><\/svg><svg style=\"fill: #999;color:#999\" class=\"arrow-unsorted-368013\" xmlns=\"http:\/\/www.w3.org\/2000\/svg\" width=\"10px\" height=\"10px\" viewBox=\"0 0 24 24\" version=\"1.2\" baseProfile=\"tiny\"><path d=\"M18.2 9.3l-6.2-6.3-6.2 6.3c-.2.2-.3.4-.3.7s.1.5.3.7c.2.2.4.3.7.3h11c.3 0 .5-.1.7-.3.2-.2.3-.5.3-.7s-.1-.5-.3-.7zM5.8 14.7l6.2 6.3 6.2-6.3c.2-.2.3-.5.3-.7s-.1-.5-.3-.7c-.2-.2-.4-.3-.7-.3h-11c-.3 0-.5.1-.7.3-.2.2-.3.5-.3.7s.1.5.3.7z\"\/><\/svg><\/span><\/span><\/span><\/a><\/span><\/div>\n<nav><ul class='ez-toc-list ez-toc-list-level-1 ' ><li class='ez-toc-page-1 ez-toc-heading-level-3'><a class=\"ez-toc-link ez-toc-heading-1\" href=\"https:\/\/enfoquenoticioso.com\/?p=5373\/#ARTISTAS_CONMOCIONADOS_LE_DIERON_EL_ADIOS\" >ARTISTAS, CONMOCIONADOS, LE DIERON EL ADI\u00d3S<\/a><\/li><\/ul><\/nav><\/div>\n<h3 id=\"artistas-conmocionados-le-dieron-el-adios\" class=\"rb-heading-index-1\"><span class=\"ez-toc-section\" id=\"ARTISTAS_CONMOCIONADOS_LE_DIERON_EL_ADIOS\"><\/span>ARTISTAS, CONMOCIONADOS, LE DIERON EL ADI\u00d3S<span class=\"ez-toc-section-end\"><\/span><\/h3>\n<p>Tras enterarse del tr\u00e1gico suceso, varios artistas que lo conoc\u00edan expresaron sus condolencias en Instagram. Uno de ellos fue J Balvin, quien manifest\u00f3: \u00abQue en paz descanses Dr. Vel\u00e1squez y su esposa. \u00bfQu\u00e9 est\u00e1 pasando?\u00bb.<\/p>\n<p>Por su parte Blessd, otro cantante de m\u00fasica urbana, expres\u00f3 lo impactado que se sinti\u00f3 al leer la noticia.<\/p>\n<p>\u00abQu\u00e9 noticia tan tr\u00e1gica la que acabo de ver. Mucho crecimiento y experiencias vividas, independientemente de haber roto nuestros lazos laborales. Esto me deja impactado. Paz en tu tumba Dr. Vel\u00e1squez, qu\u00e9 situaci\u00f3n tan fuerte\u00bb, lament\u00f3 en una historia de Instagram. Adem\u00e1s, subi\u00f3 una foto en la que aparece junto al productor musical.<\/p>\n<p>\u00a0<\/p>\n<\/div>\n<p><a href=\"https:\/\/noticiasaldiayalahora.co\/internacionales\/conmocion-en-colombia-hallaron-sin-vida-a-reconocido-productor-musical-junto-a-su-esposa\/\" class=\" target=\" title=\"Hallaron sin vida a reconocido productor musical junto a su esposa\" target=\"_blank\" rel=\"noopener\">Ver fuente<\/a><\/p>\n","protected":false},"excerpt":{"rendered":"<p>Daniel Alejandro Vel\u00e1squez Franco, un reconocido productor musical conocido como Dr. Vel\u00e1squez, fue hallado sin vida junto a su esposa la ma\u00f1ana del 8 de junio en su casa en Envigado, Antioquia, hecho que ha conmocionado a la industria de la m\u00fasica en Colombia. Vel\u00e1squez era un destacado de la m\u00fasica urbana en el pa\u00eds. [&hellip;]<\/p>\n","protected":false},"author":2,"featured_media":5374,"comment_status":"open","ping_status":"closed","sticky":false,"template":"","format":"standard","meta":{"footnotes":""},"categories":[6],"tags":[],"class_list":["post-5373","post","type-post","status-publish","format-standard","has-post-thumbnail","hentry","category-internacionales"],"_links":{"self":[{"href":"https:\/\/enfoquenoticioso.com\/index.php?rest_route=\/wp\/v2\/posts\/5373","targetHints":{"allow":["GET"]}}],"collection":[{"href":"https:\/\/enfoquenoticioso.com\/index.php?rest_route=\/wp\/v2\/posts"}],"about":[{"href":"https:\/\/enfoquenoticioso.com\/index.php?rest_route=\/wp\/v2\/types\/post"}],"author":[{"embeddable":true,"href":"https:\/\/enfoquenoticioso.com\/index.php?rest_route=\/wp\/v2\/users\/2"}],"replies":[{"embeddable":true,"href":"https:\/\/enfoquenoticioso.com\/index.php?rest_route=%2Fwp%2Fv2%2Fcomments&post=5373"}],"version-history":[{"count":0,"href":"https:\/\/enfoquenoticioso.com\/index.php?rest_route=\/wp\/v2\/posts\/5373\/revisions"}],"wp:featuredmedia":[{"embeddable":true,"href":"https:\/\/enfoquenoticioso.com\/index.php?rest_route=\/wp\/v2\/media\/5374"}],"wp:attachment":[{"href":"https:\/\/enfoquenoticioso.com\/index.php?rest_route=%2Fwp%2Fv2%2Fmedia&parent=5373"}],"wp:term":[{"taxonomy":"category","embeddable":true,"href":"https:\/\/enfoquenoticioso.com\/index.php?rest_route=%2Fwp%2Fv2%2Fcategories&post=5373"},{"taxonomy":"post_tag","embeddable":true,"href":"https:\/\/enfoquenoticioso.com\/index.php?rest_route=%2Fwp%2Fv2%2Ftags&post=5373"}],"curies":[{"name":"wp","href":"https:\/\/api.w.org\/{rel}","templated":true}]}}