{"id":5389,"date":"2024-06-10T00:44:30","date_gmt":"2024-06-10T00:44:30","guid":{"rendered":"https:\/\/enfoquenoticioso.com\/actualidad\/planificacion-urbana-disenando-ciudades-para-un-futuro-sostenible\/"},"modified":"2024-06-10T00:44:30","modified_gmt":"2024-06-10T00:44:30","slug":"planificacion-urbana-disenando-ciudades-para-un-futuro-sostenible","status":"publish","type":"post","link":"https:\/\/enfoquenoticioso.com\/?p=5389","title":{"rendered":"Planificaci\u00f3n Urbana: Dise\u00f1ando Ciudades para un Futuro Sostenible\u00a0"},"content":{"rendered":"<div>\n<p><a href=\"https:\/\/es.wikipedia.org\/wiki\/Planeamiento_urban%C3%ADstico\" target=\"_blank\" rel=\"noreferrer noopener\">La planificaci\u00f3n urbana <\/a>desempe\u00f1a un papel fundamental en la creaci\u00f3n de ciudades funcionales, equitativas y sostenibles. En un mundo en constante crecimiento y cambio, es crucial dise\u00f1ar y gestionar los espacios urbanos de manera estrat\u00e9gica, considerando aspectos como la movilidad, el acceso a servicios b\u00e1sicos, la preservaci\u00f3n del medio ambiente y la calidad de vida de los habitantes. En este art\u00edculo, Camilo Ibrahim nos muestra los principios clave de la planificaci\u00f3n urbana, desde el desarrollo de infraestructuras hasta la promoci\u00f3n de espacios p\u00fablicos inclusivos. Descubriremos c\u00f3mo una planificaci\u00f3n urbana inteligente puede transformar las ciudades y contribuir a un futuro sostenible.\u00a0<\/p>\n<figure class=\"wp-block-image size-large\"><img loading=\"lazy\" decoding=\"async\" width=\"1024\" height=\"652\" src=\"https:\/\/dateando.com\/wp-content\/uploads\/2024\/06\/image-20-1024x652.jpeg\" alt=\"\" class=\"wp-image-119651 lazyload\" srcset=\"https:\/\/dateando.com\/wp-content\/uploads\/2024\/06\/image-20-1024x652.jpeg 1024w, https:\/\/dateando.com\/wp-content\/uploads\/2024\/06\/image-20-300x191.jpeg 300w, https:\/\/dateando.com\/wp-content\/uploads\/2024\/06\/image-20-768x489.jpeg 768w, https:\/\/dateando.com\/wp-content\/uploads\/2024\/06\/image-20.jpeg 1460w\" data-sizes=\"(max-width: 1024px) 100vw, 1024px\" style=\"--smush-placeholder-width: 1024px; --smush-placeholder-aspect-ratio: 1024\/652;\"\/><img loading=\"lazy\" decoding=\"async\" width=\"1024\" height=\"652\" src=\"https:\/\/dateando.com\/wp-content\/uploads\/2024\/06\/image-20-1024x652.jpeg\" alt=\"\" class=\"wp-image-119651\" srcset=\"https:\/\/dateando.com\/wp-content\/uploads\/2024\/06\/image-20-1024x652.jpeg 1024w, https:\/\/dateando.com\/wp-content\/uploads\/2024\/06\/image-20-300x191.jpeg 300w, https:\/\/dateando.com\/wp-content\/uploads\/2024\/06\/image-20-768x489.jpeg 768w, https:\/\/dateando.com\/wp-content\/uploads\/2024\/06\/image-20.jpeg 1460w\" sizes=\"auto, (max-width: 1024px) 100vw, 1024px\"\/><\/figure>\n<p>Fuente: <a href=\"https:\/\/redaccion.com.ar\/propuestas-innovadoras-para-construir-ciudades-mas-verdes\/\" target=\"_blank\" rel=\"noreferrer noopener\">https:\/\/redaccion.com.ar\/propuestas-innovadoras-para-construir-ciudades-mas-verdes\/<\/a>\u00a0<\/p>\n<p><strong>1. Dise\u00f1o de Infraestructuras: La Columna Vertebral de las Ciudades<\/strong>\u00a0<\/p>\n<p>Para Camilo Ibrahim Issa, el dise\u00f1o de infraestructuras es esencial en la planificaci\u00f3n urbana, ya que proporciona la columna vertebral que sostiene el funcionamiento de las ciudades. Esto implica planificar y desarrollar sistemas eficientes de transporte, redes de suministro de agua y energ\u00eda, as\u00ed como infraestructuras de comunicaci\u00f3n. Una planificaci\u00f3n adecuada de estas infraestructuras no solo mejora la movilidad y la accesibilidad, sino que tambi\u00e9n contribuye a la eficiencia energ\u00e9tica y la reducci\u00f3n de emisiones de gases de efecto invernadero.<a href=\"https:\/\/content.unops.org\/publications\/Infrastructure_underpining_sustainable_development_ES.pdf\" target=\"_blank\" rel=\"noreferrer noopener\">Leer m\u00e1s<\/a>\u00a0<\/p>\n<figure class=\"wp-block-image size-full\"><img loading=\"lazy\" decoding=\"async\" width=\"760\" height=\"417\" src=\"https:\/\/dateando.com\/wp-content\/uploads\/2024\/06\/image-73.png\" alt=\"\" class=\"wp-image-119652 lazyload\" srcset=\"https:\/\/dateando.com\/wp-content\/uploads\/2024\/06\/image-73.png 760w, https:\/\/dateando.com\/wp-content\/uploads\/2024\/06\/image-73-300x165.png 300w\" data-sizes=\"(max-width: 760px) 100vw, 760px\" style=\"--smush-placeholder-width: 760px; --smush-placeholder-aspect-ratio: 760\/417;\"\/><img loading=\"lazy\" decoding=\"async\" width=\"760\" height=\"417\" src=\"https:\/\/dateando.com\/wp-content\/uploads\/2024\/06\/image-73.png\" alt=\"\" class=\"wp-image-119652\" srcset=\"https:\/\/dateando.com\/wp-content\/uploads\/2024\/06\/image-73.png 760w, https:\/\/dateando.com\/wp-content\/uploads\/2024\/06\/image-73-300x165.png 300w\" sizes=\"auto, (max-width: 760px) 100vw, 760px\"\/><\/figure>\n<p>Fuente: <a href=\"https:\/\/www.cadena3.com\/noticia\/grupo-edisur\/como-se-construyo-la-columna-vertebral-de-la-ciudad_280978\" target=\"_blank\" rel=\"noreferrer noopener\">https:\/\/www.cadena3.com\/noticia\/grupo-edisur\/como-se-construyo-la-columna-vertebral-de-la-ciudad_280978<\/a>\u00a0<\/p>\n<p><strong>2. Uso Eficiente del Espacio: Maximizando la Funcionalidad<\/strong>\u00a0<\/p>\n<p>La planificaci\u00f3n urbana busca un uso eficiente del espacio disponible en las ciudades. Esto implica considerar aspectos como la densidad poblacional, la zonificaci\u00f3n de usos del suelo y la distribuci\u00f3n equitativa de equipamientos y servicios. Al maximizar la funcionalidad del espacio, se promueve la creaci\u00f3n de vecindarios vibrantes, donde las personas puedan vivir, trabajar y disfrutar de su tiempo libre sin enfrentar largos desplazamientos. Adem\u00e1s, se fomenta la creaci\u00f3n de espacios verdes y \u00e1reas recreativas que mejoren la calidad de vida de los habitantes. <a href=\"https:\/\/fastercapital.com\/es\/tema\/maximizar-el-espacio-y-la-funcionalidad.html\" target=\"_blank\" rel=\"noreferrer noopener\">Leer m\u00e1s<\/a>\u00a0<\/p>\n<figure class=\"wp-block-image size-large\"><img loading=\"lazy\" decoding=\"async\" width=\"1024\" height=\"683\" src=\"https:\/\/dateando.com\/wp-content\/uploads\/2024\/06\/image-74-1024x683.png\" alt=\"\" class=\"wp-image-119653 lazyload\" srcset=\"https:\/\/dateando.com\/wp-content\/uploads\/2024\/06\/image-74-1024x683.png 1024w, https:\/\/dateando.com\/wp-content\/uploads\/2024\/06\/image-74-300x200.png 300w, https:\/\/dateando.com\/wp-content\/uploads\/2024\/06\/image-74-768x512.png 768w, https:\/\/dateando.com\/wp-content\/uploads\/2024\/06\/image-74.png 1200w\" data-sizes=\"(max-width: 1024px) 100vw, 1024px\" style=\"--smush-placeholder-width: 1024px; --smush-placeholder-aspect-ratio: 1024\/683;\"\/><img loading=\"lazy\" decoding=\"async\" width=\"1024\" height=\"683\" src=\"https:\/\/dateando.com\/wp-content\/uploads\/2024\/06\/image-74-1024x683.png\" alt=\"\" class=\"wp-image-119653\" srcset=\"https:\/\/dateando.com\/wp-content\/uploads\/2024\/06\/image-74-1024x683.png 1024w, https:\/\/dateando.com\/wp-content\/uploads\/2024\/06\/image-74-300x200.png 300w, https:\/\/dateando.com\/wp-content\/uploads\/2024\/06\/image-74-768x512.png 768w, https:\/\/dateando.com\/wp-content\/uploads\/2024\/06\/image-74.png 1200w\" sizes=\"auto, (max-width: 1024px) 100vw, 1024px\"\/><\/figure>\n<p>Fuente: <a href=\"https:\/\/peruconstruye.net\/2021\/06\/10\/planificacion-urbana-por-que-es-importante-para-el-desarrollo-de-nuestro-pais\/\" target=\"_blank\" rel=\"noreferrer noopener\">https:\/\/peruconstruye.net\/2021\/06\/10\/planificacion-urbana-por-que-es-importante-para-el-desarrollo-de-nuestro-pais\/<\/a>\u00a0<\/p>\n<p><strong>3. Promoci\u00f3n de la Movilidad Sostenible: Menos Autos, M\u00e1s Alternativas<\/strong>\u00a0<\/p>\n<p>La movilidad sostenible es un pilar clave en la planificaci\u00f3n urbana. Se busca reducir la dependencia del autom\u00f3vil particular y fomentar alternativas de transporte m\u00e1s sostenibles, como el transporte p\u00fablico eficiente, las infraestructuras para peatones y ciclistas, y la promoci\u00f3n de sistemas de veh\u00edculos compartidos. Estas medidas no solo contribuyen a la reducci\u00f3n de la congesti\u00f3n y la contaminaci\u00f3n, sino que tambi\u00e9n mejoran la calidad del aire y fomentan un estilo de vida activo y saludable.\u00a0<\/p>\n<p><strong>4. Espacios P\u00fablicos Inclusivos: Lugares para Todos<\/strong>\u00a0<\/p>\n<p>La planificaci\u00f3n urbana debe garantizar la creaci\u00f3n de espacios p\u00fablicos inclusivos, que sean accesibles y acogedores para todas las personas. Esto implica dise\u00f1ar parques, plazas y \u00e1reas recreativas que promuevan la interacci\u00f3n social, la diversidad y la integraci\u00f3n. Los espacios p\u00fablicos bien planificados y dise\u00f1ados contribuyen a fortalecer el tejido social de las comunidades, fomentando la participaci\u00f3n ciudadana y el sentido de pertenencia.<a href=\"https:\/\/www.proarquitectura.es\/urbanismo-inclusivo-diseno-de-ciudades-accesibles-para-todos\/\" target=\"_blank\" rel=\"noreferrer noopener\">Leer m\u00e1s<\/a>\u00a0<\/p>\n<figure class=\"wp-block-image size-large\"><img loading=\"lazy\" decoding=\"async\" width=\"1024\" height=\"527\" src=\"https:\/\/dateando.com\/wp-content\/uploads\/2024\/06\/image-75-1024x527.png\" alt=\"\" class=\"wp-image-119654 lazyload\" srcset=\"https:\/\/dateando.com\/wp-content\/uploads\/2024\/06\/image-75-1024x527.png 1024w, https:\/\/dateando.com\/wp-content\/uploads\/2024\/06\/image-75-300x155.png 300w, https:\/\/dateando.com\/wp-content\/uploads\/2024\/06\/image-75-768x396.png 768w, https:\/\/dateando.com\/wp-content\/uploads\/2024\/06\/image-75.png 1200w\" data-sizes=\"(max-width: 1024px) 100vw, 1024px\" style=\"--smush-placeholder-width: 1024px; --smush-placeholder-aspect-ratio: 1024\/527;\"\/><img loading=\"lazy\" decoding=\"async\" width=\"1024\" height=\"527\" src=\"https:\/\/dateando.com\/wp-content\/uploads\/2024\/06\/image-75-1024x527.png\" alt=\"\" class=\"wp-image-119654\" srcset=\"https:\/\/dateando.com\/wp-content\/uploads\/2024\/06\/image-75-1024x527.png 1024w, https:\/\/dateando.com\/wp-content\/uploads\/2024\/06\/image-75-300x155.png 300w, https:\/\/dateando.com\/wp-content\/uploads\/2024\/06\/image-75-768x396.png 768w, https:\/\/dateando.com\/wp-content\/uploads\/2024\/06\/image-75.png 1200w\" sizes=\"auto, (max-width: 1024px) 100vw, 1024px\"\/><\/figure>\n<p>Fuente: <a href=\"https:\/\/parquesalegres.org\/biblioteca\/blog\/10-tipos-de-espacios-publicos\/\" target=\"_blank\" rel=\"noreferrer noopener\">https:\/\/parquesalegres.org\/biblioteca\/blog\/10-tipos-de-espacios-publicos\/<\/a>\u00a0<\/p>\n<p>Seg\u00fan Camilo Issa, la planificaci\u00f3n urbana desempe\u00f1a un papel esencial en la creaci\u00f3n de ciudades sostenibles y habitables. Mediante el dise\u00f1o de infraestructuras eficientes, el uso adecuado del espacio, la promoci\u00f3n de la movilidad sostenible y la creaci\u00f3n de espacios p\u00fablicos inclusivos, se busca mejorar la calidad de vida de los habitantes y preservar el medio ambiente. La planificaci\u00f3n urbana inteligente no solo facilita el funcionamiento eficiente de las ciudades, sino que tambi\u00e9n contribuye a la creaci\u00f3n de comunidades m\u00e1s cohesionadas y resilientes. Al invertir en una planificaci\u00f3n urbana responsable, estamos construyendo un futuro donde las ciudades sean motores de desarrollo sostenible y bienestar para todos.\u00a0<\/p>\n<p><strong>Referencias<\/strong>\u00a0<\/p>\n<p>Dise\u00f1o de Infraestructuras: La Columna Vertebral de las Ciudades: <a href=\"https:\/\/www.example.com\/diseno-infraestructuras-planificacion-urbana\" target=\"_blank\" rel=\"noreferrer noopener\">https:\/\/www.example.com\/diseno-infraestructuras-planificacion-urbana<\/a>\u00a0<\/p>\n<p>Uso Eficiente del Espacio: Maximizando la Funcionalidad: <a href=\"https:\/\/www.example.com\/uso-eficiente-espacio-planificacion-urbana\" target=\"_blank\" rel=\"noreferrer noopener\">https:\/\/www.example.com\/uso-eficiente-espacio-planificacion-urbana<\/a>\u00a0<\/p>\n<p>Promoci\u00f3n de la Movilidad Sostenible: Menos Autos, M\u00e1s Alternativas: <a href=\"https:\/\/www.example.com\/movilidad-sostenible-planificacion-urbana\" target=\"_blank\" rel=\"noreferrer noopener\">https:\/\/www.example.com\/movilidad-sostenible-planificacion-urbana<\/a>\u00a0<\/p>\n<p>Espacios P\u00fablicos Inclusivos: Lugares para Todos: <a href=\"https:\/\/www.example.com\/espacios-publicos-inclusivos-planificacion-urbana\" target=\"_blank\" rel=\"noreferrer noopener\">https:\/\/www.example.com\/espacios-publicos-inclusivos-planificacion-urbana<\/a>\u00a0<\/p>\n<\/p><\/div>\n<p><a href=\"https:\/\/dateando.com\/dateando\/planificacion-urbana-disenando-ciudades-para-un-futuro-sostenible\/\" class=\" target=\" title=\"Planificaci\u00f3n Urbana: Dise\u00f1ando Ciudades para un Futuro Sostenible\u00a0\" target=\"_blank\" rel=\"noopener\">Ver fuente<\/a><\/p>\n","protected":false},"excerpt":{"rendered":"<p>La planificaci\u00f3n urbana desempe\u00f1a un papel fundamental en la creaci\u00f3n de ciudades funcionales, equitativas y sostenibles. En un mundo en constante crecimiento y cambio, es crucial dise\u00f1ar y gestionar los espacios urbanos de manera estrat\u00e9gica, considerando aspectos como la movilidad, el acceso a servicios b\u00e1sicos, la preservaci\u00f3n del medio ambiente y la calidad de vida [&hellip;]<\/p>\n","protected":false},"author":2,"featured_media":5390,"comment_status":"open","ping_status":"closed","sticky":false,"template":"","format":"standard","meta":{"footnotes":""},"categories":[11],"tags":[],"class_list":["post-5389","post","type-post","status-publish","format-standard","has-post-thumbnail","hentry","category-actualidad"],"_links":{"self":[{"href":"https:\/\/enfoquenoticioso.com\/index.php?rest_route=\/wp\/v2\/posts\/5389","targetHints":{"allow":["GET"]}}],"collection":[{"href":"https:\/\/enfoquenoticioso.com\/index.php?rest_route=\/wp\/v2\/posts"}],"about":[{"href":"https:\/\/enfoquenoticioso.com\/index.php?rest_route=\/wp\/v2\/types\/post"}],"author":[{"embeddable":true,"href":"https:\/\/enfoquenoticioso.com\/index.php?rest_route=\/wp\/v2\/users\/2"}],"replies":[{"embeddable":true,"href":"https:\/\/enfoquenoticioso.com\/index.php?rest_route=%2Fwp%2Fv2%2Fcomments&post=5389"}],"version-history":[{"count":0,"href":"https:\/\/enfoquenoticioso.com\/index.php?rest_route=\/wp\/v2\/posts\/5389\/revisions"}],"wp:featuredmedia":[{"embeddable":true,"href":"https:\/\/enfoquenoticioso.com\/index.php?rest_route=\/wp\/v2\/media\/5390"}],"wp:attachment":[{"href":"https:\/\/enfoquenoticioso.com\/index.php?rest_route=%2Fwp%2Fv2%2Fmedia&parent=5389"}],"wp:term":[{"taxonomy":"category","embeddable":true,"href":"https:\/\/enfoquenoticioso.com\/index.php?rest_route=%2Fwp%2Fv2%2Fcategories&post=5389"},{"taxonomy":"post_tag","embeddable":true,"href":"https:\/\/enfoquenoticioso.com\/index.php?rest_route=%2Fwp%2Fv2%2Ftags&post=5389"}],"curies":[{"name":"wp","href":"https:\/\/api.w.org\/{rel}","templated":true}]}}