{"id":5435,"date":"2024-06-10T10:31:50","date_gmt":"2024-06-10T10:31:50","guid":{"rendered":"https:\/\/enfoquenoticioso.com\/actualidad\/una-alianza-en-pro-de-la-musica-y-la-infancia-de-cuyagua\/"},"modified":"2024-06-10T10:31:50","modified_gmt":"2024-06-10T10:31:50","slug":"una-alianza-en-pro-de-la-musica-y-la-infancia-de-cuyagua","status":"publish","type":"post","link":"https:\/\/enfoquenoticioso.com\/?p=5435","title":{"rendered":"\u00a1Una alianza en pro de la m\u00fasica y la infancia de Cuyagua!"},"content":{"rendered":"<div>\n<p><strong><em>DAT.-<\/em><\/strong> El artista colombiano <strong>Fonseca<\/strong> se present\u00f3 en Caracas el pasado s\u00e1bado 1ro de junio en el marco de su gira \u2018Te Mando Flores\u2019. El concierto estuvo una vez m\u00e1s bajo la organizaci\u00f3n de <strong><a href=\"https:\/\/www.instagram.com\/evenpro\/\" data-type=\"link\" data-id=\"https:\/\/www.instagram.com\/evenpro\/\" target=\"_blank\" rel=\"noopener\">Evenpro<\/a><\/strong>, y el cantante aprovech\u00f3 su paso por el pa\u00eds para demostrar su apoyo a la iniciativa social <strong>Fundaci\u00f3n Ni\u00f1o Cuyagua<\/strong>.<\/p>\n<p>El proyecto socio-comunitario, que inici\u00f3 en 2015 impulsado por el venezolano <strong>Santiago Otero Armengol<\/strong> y las empresas que integran el grupo Evenpro Corp que \u00e9l preside, tiene como prop\u00f3sito procurar <strong>el bienestar y desarrollo de los ni\u00f1os<\/strong> del pueblo costero de Cuyagua, ubicado en el estado Aragua.<\/p>\n<p>En esta oportunidad, Fonseca puso su granito de arena para la creaci\u00f3n de la <strong>Escuela Infantil de M\u00fasica<\/strong> de la localidad, a trav\u00e9s de la donaci\u00f3n de un cuatro venezolano. Dicha iniciativa contar\u00e1 con el apoyo del Sistema Nacional de Orquestas de Venezuela.<\/p>\n<div id=\"ez-toc-container\" class=\"ez-toc-v2_0_81 counter-hierarchy ez-toc-counter ez-toc-grey ez-toc-container-direction\">\n<div class=\"ez-toc-title-container\">\n<p class=\"ez-toc-title\" style=\"cursor:inherit\">Tabla de Contenido<\/p>\n<span class=\"ez-toc-title-toggle\"><a href=\"#\" class=\"ez-toc-pull-right ez-toc-btn ez-toc-btn-xs ez-toc-btn-default ez-toc-toggle\" aria-label=\"Alternar tabla de contenidos\"><span class=\"ez-toc-js-icon-con\"><span class=\"\"><span class=\"eztoc-hide\" style=\"display:none;\">Toggle<\/span><span class=\"ez-toc-icon-toggle-span\"><svg style=\"fill: #999;color:#999\" xmlns=\"http:\/\/www.w3.org\/2000\/svg\" class=\"list-377408\" width=\"20px\" height=\"20px\" viewBox=\"0 0 24 24\" fill=\"none\"><path d=\"M6 6H4v2h2V6zm14 0H8v2h12V6zM4 11h2v2H4v-2zm16 0H8v2h12v-2zM4 16h2v2H4v-2zm16 0H8v2h12v-2z\" fill=\"currentColor\"><\/path><\/svg><svg style=\"fill: #999;color:#999\" class=\"arrow-unsorted-368013\" xmlns=\"http:\/\/www.w3.org\/2000\/svg\" width=\"10px\" height=\"10px\" viewBox=\"0 0 24 24\" version=\"1.2\" baseProfile=\"tiny\"><path d=\"M18.2 9.3l-6.2-6.3-6.2 6.3c-.2.2-.3.4-.3.7s.1.5.3.7c.2.2.4.3.7.3h11c.3 0 .5-.1.7-.3.2-.2.3-.5.3-.7s-.1-.5-.3-.7zM5.8 14.7l6.2 6.3 6.2-6.3c.2-.2.3-.5.3-.7s-.1-.5-.3-.7c-.2-.2-.4-.3-.7-.3h-11c-.3 0-.5.1-.7.3-.2.2-.3.5-.3.7s.1.5.3.7z\"\/><\/svg><\/span><\/span><\/span><\/a><\/span><\/div>\n<nav><ul class='ez-toc-list ez-toc-list-level-1 ' ><li class='ez-toc-page-1 ez-toc-heading-level-5'><a class=\"ez-toc-link ez-toc-heading-1\" href=\"https:\/\/enfoquenoticioso.com\/?p=5435\/#LEA_TAMBIEN_A_pesar_de_la_lluvia_Fonseca_se_presento_en_Caracas_con_un_show_inolvidable\" >LEA TAMBI\u00c9N | A pesar de la lluvia, Fonseca se present\u00f3 en Caracas con un show inolvidable<\/a><\/li><\/ul><\/nav><\/div>\n<h5 class=\"wp-block-heading\"><span class=\"ez-toc-section\" id=\"LEA_TAMBIEN_A_pesar_de_la_lluvia_Fonseca_se_presento_en_Caracas_con_un_show_inolvidable\"><\/span>LEA TAMBI\u00c9N | <a href=\"https:\/\/dateando.com\/reportero-dateando\/a-pesar-de-la-lluvia-fonseca-se-presento-en-caracas-con-un-show-inolvidable\/\" target=\"_blank\" rel=\"noopener\">A pesar de la lluvia, Fonseca se present\u00f3 en Caracas con un show inolvidable<\/a><span class=\"ez-toc-section-end\"><\/span><\/h5>\n<p>Vale recalcar que <strong>Fonseca cuenta con una iniciativa similar en su natal Colombia<\/strong>, donde ofrece formaci\u00f3n en la m\u00fasica y en las artes a ni\u00f1os que han estado expuestos a la violencia en comunidades de escasos recursos.<\/p>\n<p>La <strong>Fundaci\u00f3n Ni\u00f1o Cuyagua busca promover la educaci\u00f3n, deporte, salud, ambiente y turismo con aliados como la Fundaci\u00f3n Hacer Pa\u00eds y AmbLeMa<\/strong>. Hasta la fecha entre las iniciativas m\u00e1s relevantes destacan la reforestaci\u00f3n de la playa con siembra de 1000 matas de coco, una escuela de surf con alumnos que compiten en campeonatos internacionales, la donaci\u00f3n de medicamentos de Laboratorios Vincenti y la proyecci\u00f3n de pel\u00edculas de la mano de la cadena Cinex.<\/p>\n<p><strong><em>(Con informaci\u00f3n de Evenpro)<\/em><\/strong><\/p>\n<\/p><\/div>\n<p><script async src=\"\/\/www.instagram.com\/embed.js\"><\/script><br \/>\n<br \/><a href=\"https:\/\/dateando.com\/reportero-dateando\/evenpro-y-fonseca-en-pro-de-la-infancia-de-cuyagua\/\" class=\" target=\" title=\"\u00a1Una alianza en pro de la m\u00fasica y la infancia de Cuyagua!\" target=\"_blank\" rel=\"noopener\">Ver fuente<\/a><\/p>\n","protected":false},"excerpt":{"rendered":"<p>DAT.- El artista colombiano Fonseca se present\u00f3 en Caracas el pasado s\u00e1bado 1ro de junio en el marco de su gira \u2018Te Mando Flores\u2019. El concierto estuvo una vez m\u00e1s bajo la organizaci\u00f3n de Evenpro, y el cantante aprovech\u00f3 su paso por el pa\u00eds para demostrar su apoyo a la iniciativa social Fundaci\u00f3n Ni\u00f1o Cuyagua. [&hellip;]<\/p>\n","protected":false},"author":2,"featured_media":5436,"comment_status":"open","ping_status":"closed","sticky":false,"template":"","format":"standard","meta":{"footnotes":""},"categories":[11],"tags":[],"class_list":["post-5435","post","type-post","status-publish","format-standard","has-post-thumbnail","hentry","category-actualidad"],"_links":{"self":[{"href":"https:\/\/enfoquenoticioso.com\/index.php?rest_route=\/wp\/v2\/posts\/5435","targetHints":{"allow":["GET"]}}],"collection":[{"href":"https:\/\/enfoquenoticioso.com\/index.php?rest_route=\/wp\/v2\/posts"}],"about":[{"href":"https:\/\/enfoquenoticioso.com\/index.php?rest_route=\/wp\/v2\/types\/post"}],"author":[{"embeddable":true,"href":"https:\/\/enfoquenoticioso.com\/index.php?rest_route=\/wp\/v2\/users\/2"}],"replies":[{"embeddable":true,"href":"https:\/\/enfoquenoticioso.com\/index.php?rest_route=%2Fwp%2Fv2%2Fcomments&post=5435"}],"version-history":[{"count":0,"href":"https:\/\/enfoquenoticioso.com\/index.php?rest_route=\/wp\/v2\/posts\/5435\/revisions"}],"wp:featuredmedia":[{"embeddable":true,"href":"https:\/\/enfoquenoticioso.com\/index.php?rest_route=\/wp\/v2\/media\/5436"}],"wp:attachment":[{"href":"https:\/\/enfoquenoticioso.com\/index.php?rest_route=%2Fwp%2Fv2%2Fmedia&parent=5435"}],"wp:term":[{"taxonomy":"category","embeddable":true,"href":"https:\/\/enfoquenoticioso.com\/index.php?rest_route=%2Fwp%2Fv2%2Fcategories&post=5435"},{"taxonomy":"post_tag","embeddable":true,"href":"https:\/\/enfoquenoticioso.com\/index.php?rest_route=%2Fwp%2Fv2%2Ftags&post=5435"}],"curies":[{"name":"wp","href":"https:\/\/api.w.org\/{rel}","templated":true}]}}