{"id":5461,"date":"2024-06-10T14:00:28","date_gmt":"2024-06-10T14:00:28","guid":{"rendered":"https:\/\/enfoquenoticioso.com\/internacionales\/la-extrema-derecha-mostro-su-fuerza-en-las-elecciones-europeas-y-provoco-un-terremoto-politico-en-francia\/"},"modified":"2024-06-10T14:00:28","modified_gmt":"2024-06-10T14:00:28","slug":"la-extrema-derecha-mostro-su-fuerza-en-las-elecciones-europeas-y-provoco-un-terremoto-politico-en-francia","status":"publish","type":"post","link":"https:\/\/enfoquenoticioso.com\/?p=5461","title":{"rendered":"La extrema derecha mostr\u00f3 su fuerza en las elecciones europeas y provoc\u00f3 un terremoto pol\u00edtico en Francia"},"content":{"rendered":"<div>\n<p>Las elecciones al Parlamento Europeo confirmaron este domingo el auge de la extrema derecha, en un vendaval pol\u00edtico que, aunque no modific\u00f3 los equilibrios de poder en Bruselas, motiv\u00f3 la convocatoria de legislativas anticipadas en Francia y logr\u00f3 enormes avances en Alemania y Austria.<span id=\"more-530340\"\/><\/p>\n<p>Las proyecciones indican que el partido de extrema derecha Agrupaci\u00f3n Nacional arras\u00f3 en las elecciones en Francia y obtuvo del doble de votos que la alianza liberal lanzada por el presidente Emmanuel Macron.<\/p>\n<p>Ante el catastr\u00f3fico resultado, Macron pronunci\u00f3 un discurso al pa\u00eds y anunci\u00f3 la convocatoria de elecciones legislativas anticipadas, \u201ccuya primera vuelta tendr\u00e1 lugar el 30 de junio y el balotaje el 7 de julio\u201d.<\/p>\n<p>Nunca hasta ahora unas elecciones europeas hab\u00edan tenido un impacto tan devastador en la pol\u00edtica dom\u00e9stica de un pa\u00eds del bloque.<\/p>\n<p>La elecci\u00f3n de los 720 diputados del Parlamento Europeo abre un nuevo ciclo en la UE, y los nuevos legisladores designar\u00e1n al nuevo presidente de la Comisi\u00f3n Europea, el brazo ejecutivo del bloque.<\/p>\n<p>En Alemania, la mayor econom\u00eda de la UE, el partido socialdem\u00f3crata del jefe de gobierno, Olaf Scholz, obtuvo el peor resultado de su historia y qued\u00f3 relegado al tercer lugar, por detr\u00e1s de la derecha y la extrema derecha.<\/p>\n<p>Seg\u00fan proyecciones del Parlamento Europeo, la alianza conservadora CDU-CSU recibir\u00eda alrededor del 30% e los votos. El partido de extrema derecha AfD llega en segundo lugar con alrededor del 16%, y el partido SPD de Scholz, en tercero con un 14%.<\/p>\n<p>Alemania es el pa\u00eds con m\u00e1s elevado n\u00famero de eurolegisladores, con 96, seguido por Francia (81), Italia (76) y Espa\u00f1a (61).<\/p>\n<p>En Austria, los sondeos de boca de urna situaron al partido de extrema derecha FPO al frente, con aproximadamente el 27% de los votos.<\/p>\n<p>En tanto, en Italia los sondeos a boca de urna \u2014 que presentan un amplio margen de error \u2014 indican que el partido posfascista Hermanos de Italia, de la primera ministra Giorgia Meloni, qued\u00f3 a la cabeza con entre el 25% y el 31% de los votos.<\/p>\n<p>Tras las primeras proyecciones de resultados, la presidenta de la Comisi\u00f3n Europea y aspirante a un segundo mandato, la alemana Ursula von der Leyen, prometi\u00f3 en Bruselas construir una barrera de contenci\u00f3n contra \u201clos extremos\u201d.<\/p>\n<p>\u201cVamos a construir un baluarte contra los extremos de la izquierda y de la derecha. Vamos a contenerlos. Eso es seguro\u201d, dijo Von der Leyen.<\/p>\n<p>\u201c\u00a1Hemos ganado las elecciones!\u201d, afirm\u00f3 a nombre de su bloque, el Partido Popular Europeo. \u201cEl PPE es el grupo pol\u00edtico m\u00e1s fuerte del Parlamento Europeo (\u2026) No se puede formar una mayor\u00eda sin el PPE\u201d, subray\u00f3.<\/p>\n<p><strong>El gran bloque de la Euroc\u00e1mara<\/strong><\/p>\n<p>Pese al avance de la extrema derecha, los resultados provisorios divulgados por el Parlamento Europeo sugieren que la suma de la derecha m\u00e1s moderada, los socialdem\u00f3cratas y los liberales centristas seguir\u00e1 siendo mayoritaria, en un gran bloque de 389 plazas en el que se forjan los compromisos fundamentales en materia legislativa.<\/p>\n<p>Sin embargo, aunque en estas elecciones el n\u00famero de eurodiputados pas\u00f3 de 705 a 720, los socialdem\u00f3cratas perdieron cuatro esca\u00f1os, los centristas liberales tienen 19 bancas menos y los Verdes dejaron escapar 18 plazas.<\/p>\n<p>La familia pol\u00edtica de la ultraderecha est\u00e1 dividida en dos bloques. De un lado, est\u00e1 el bloque de Conservadores y Reformistas (ECR) y del otro, el de Identidad y Democracia (ID), separados por su postura sobre la propia UE.<\/p>\n<p>Luego de esta elecci\u00f3n, los dos grupos, individualmente, tienen m\u00e1s legisladores que los Verdes: el ECR quedar\u00eda con 72, ID con 58 y los Verdes con 53, seg\u00fan las proyecciones del Parlamento Europeo.<\/p>\n<p>Desde Latinoam\u00e9rica, el presidente ultraliberal de Argentina, Javier Milei, reaccion\u00f3 victorioso a los resultados de la extrema derecha y los calific\u00f3 en X como \u201cun tremendo avance de las nuevas derechas de Europa\u201d.<\/p>\n<p>Durante la campa\u00f1a electoral, Von der Leyen hab\u00eda abierto la puerta a alianzas puntuales con el grupo de la extrema derecha que responde al liderazgo de Meloni, el ECR.<\/p>\n<p>En Espa\u00f1a, los conservadores del Partido Popular (PP) ganaron las elecciones y consiguieron 22 esca\u00f1os, contra 20 para el Partido Socialista Obrero Espa\u00f1ol (PSOE) del presidente del gobierno Pedro S\u00e1nchez, seg\u00fan el 99% de los votos escrutados.<\/p>\n<p>El partido de extrema derecha Vox lleg\u00f3 en tercer lugar con seis eurodiputados.<\/p>\n<p>Espa\u00f1a ha encadenado en poco m\u00e1s de un a\u00f1o elecciones municipales, regionales, nacionales y ahora europeas, y cada una tiene sabor a revancha de la anterior.<\/p>\n<p>\u201cEs importante que con nuestro voto decidamos si queremos una Europa que avance o una Europa que retroceda. Y espero que sea lo primero, antes que lo segundo\u201d, dijo S\u00e1nchez poco despu\u00e9s de votar.<\/p>\n<p>En el vecino Portugal, la oposici\u00f3n socialista se impuso por estrecho margen a la coalici\u00f3n gobernante de derecha moderada, al tiempo que la extrema derecha de Chega se qued\u00f3 en 9,8%, en un lejano tercer lugar.<\/p>\n<p>En Hungr\u00eda, el partido Fidesz, del ultranacionalista primer ministro Viktor Orban se perfila para obtener su peor resultado en 14 a\u00f1os, pero a\u00fan as\u00ed tuvo m\u00e1s del 43% de los votos.<\/p>\n<p>Fidesz hab\u00eda llegado a estas elecciones con intenciones de voto de casi el 50% de los votos, dejando lejos al principal partido de la oposici\u00f3n, Tisza.<\/p>\n<p>En la vecina Polonia, un votante, Andrzej Zemiejewski, m\u00e9dico de 51 a\u00f1os, asegur\u00f3, tras votar en Varsovia, que su preocupaci\u00f3n m\u00e1s apremiante era el refuerzo \u201cde la seguridad\u201d, ante la proximidad de su pa\u00eds con el escenario de la guerra entre Rusia y Ucrania.<\/p>\n<p>En Polonia, la coalici\u00f3n liberal lanzada por el primer ministro, Donald Tusk, se qued\u00f3 con alrededor del 38% de los votos, relegando al segundo lugar al ultraconservador partido PiS, con un 33%.<\/p>\n<p>\u00a0<\/p>\n<\/div>\n<p><a href=\"https:\/\/noticiasaldiayalahora.co\/internacionales\/la-extrema-derecha-mostro-su-fuerza-en-las-elecciones-europeas-y-provoco-un-terremoto-politico-en-francia\/\" class=\" target=\" title=\"La extrema derecha mostr\u00f3 su fuerza en las elecciones europeas y provoc\u00f3 un terremoto pol\u00edtico en Francia\" target=\"_blank\" rel=\"noopener\">Ver fuente<\/a><\/p>\n","protected":false},"excerpt":{"rendered":"<p>Las elecciones al Parlamento Europeo confirmaron este domingo el auge de la extrema derecha, en un vendaval pol\u00edtico que, aunque no modific\u00f3 los equilibrios de poder en Bruselas, motiv\u00f3 la convocatoria de legislativas anticipadas en Francia y logr\u00f3 enormes avances en Alemania y Austria. Las proyecciones indican que el partido de extrema derecha Agrupaci\u00f3n Nacional [&hellip;]<\/p>\n","protected":false},"author":2,"featured_media":5462,"comment_status":"open","ping_status":"closed","sticky":false,"template":"","format":"standard","meta":{"footnotes":""},"categories":[6],"tags":[],"class_list":["post-5461","post","type-post","status-publish","format-standard","has-post-thumbnail","hentry","category-internacionales"],"_links":{"self":[{"href":"https:\/\/enfoquenoticioso.com\/index.php?rest_route=\/wp\/v2\/posts\/5461","targetHints":{"allow":["GET"]}}],"collection":[{"href":"https:\/\/enfoquenoticioso.com\/index.php?rest_route=\/wp\/v2\/posts"}],"about":[{"href":"https:\/\/enfoquenoticioso.com\/index.php?rest_route=\/wp\/v2\/types\/post"}],"author":[{"embeddable":true,"href":"https:\/\/enfoquenoticioso.com\/index.php?rest_route=\/wp\/v2\/users\/2"}],"replies":[{"embeddable":true,"href":"https:\/\/enfoquenoticioso.com\/index.php?rest_route=%2Fwp%2Fv2%2Fcomments&post=5461"}],"version-history":[{"count":0,"href":"https:\/\/enfoquenoticioso.com\/index.php?rest_route=\/wp\/v2\/posts\/5461\/revisions"}],"wp:featuredmedia":[{"embeddable":true,"href":"https:\/\/enfoquenoticioso.com\/index.php?rest_route=\/wp\/v2\/media\/5462"}],"wp:attachment":[{"href":"https:\/\/enfoquenoticioso.com\/index.php?rest_route=%2Fwp%2Fv2%2Fmedia&parent=5461"}],"wp:term":[{"taxonomy":"category","embeddable":true,"href":"https:\/\/enfoquenoticioso.com\/index.php?rest_route=%2Fwp%2Fv2%2Fcategories&post=5461"},{"taxonomy":"post_tag","embeddable":true,"href":"https:\/\/enfoquenoticioso.com\/index.php?rest_route=%2Fwp%2Fv2%2Ftags&post=5461"}],"curies":[{"name":"wp","href":"https:\/\/api.w.org\/{rel}","templated":true}]}}