{"id":5479,"date":"2024-06-10T18:11:12","date_gmt":"2024-06-10T18:11:12","guid":{"rendered":"https:\/\/enfoquenoticioso.com\/internacionales\/listos-para-enderezar-el-pais\/"},"modified":"2024-06-10T18:11:12","modified_gmt":"2024-06-10T18:11:12","slug":"listos-para-enderezar-el-pais","status":"publish","type":"post","link":"https:\/\/enfoquenoticioso.com\/?p=5479","title":{"rendered":"Listos para enderezar el pa\u00eds"},"content":{"rendered":"<div>\n<p>Este lunes 10 de junio, un d\u00eda despu\u00e9s de que concluyeran las votaciones al Parlamento Europeo en los 27 pa\u00edses del bloque- que representaron un duro rev\u00e9s en Francia para el partido centrista Renacimiento, del presidente Emmanuel Macron, que convoc\u00f3 a elecciones anticipadas-la l\u00edder del partido de ultraderecha Agrupaci\u00f3n Nacional, Marine Le Pen, advirti\u00f3 que ella y su bancada \u201cest\u00e1n listos a enderezar el pa\u00eds\u201d. Poco antes, Macron se\u00f1al\u00f3 que conf\u00eda en que los ciudadanos tomar\u00e1n la elecci\u00f3n m\u00e1s correcta para ellos y las futuras generaciones el pr\u00f3ximo 30 de junio y el 7 de julio. Los comicios siguen mostrando efectos: los mercados burs\u00e1tiles del continente abrieron en rojo, especialmente afectados en Francia; y en Espa\u00f1a, la l\u00edder de Sumar, Yolanda D\u00edaz, anunci\u00f3 su dimisi\u00f3n como coordinadora del partido, pero se mantiene en la coalici\u00f3n de Gobierno.<\/p>\n<p>El partido franc\u00e9s de ultraderecha Agrupaci\u00f3n Nacional (RN) obtuvo este domingo (09.06.2024) casi un tercio de los votos en Francia en las elecciones al Parlamento Europeo, muy por delante de la alianza centrista del presidente Emmanuel Macron, seg\u00fan las primeras estimaciones. La Presidencia francesa anunci\u00f3 que este se dirigir\u00eda a la naci\u00f3n esta misma noche y lo ha hecho para anunciar elecciones anticipadas en Francia.<\/p>\n<p>Macron anunci\u00f3 la disoluci\u00f3n de la Asamblea Nacional y admiti\u00f3 que el resultado de las europeas no era positivo para su gobierno, aunque advirti\u00f3 que el ascenso del nacionalismo es un peligro tanto para Francia como para Europa. \u00abNo es un buen resultado para los partidos que defienden Europa\u00bb, resumi\u00f3. \u00abFirmar\u00e9 dentro de unos momentos el decreto convocando las elecciones legislativas, que se celebrar\u00e1n el 30 de junio para la primera vuelta y el 7 de julio para la segunda\u00bb, declar\u00f3 el Jefe de Estado en un discurso televisado.<\/p>\n<p>El candidato ultraderechista Jordan Bardella, de 28 a\u00f1os, obtuvo entre un 31,5% y un 32,4% de los votos, muy por delante de la oficialista Val\u00e9rie Hayer (15,2%), seg\u00fan las estimaciones de Ifop e Ipsos. Bardella se apresur\u00f3 a pedir la disoluci\u00f3n de la Asamblea Nacional y la convocatoria de nuevas elecciones legislativas, porque el resultado de hoy constituye un \u00abrechazo claro\u00bb a las pol\u00edticas del presidente y de su Gobierno. \u00abEmmanuel Macron es hoy un presidente debilitado\u00bb, dijo a los enfervorizados seguidores de su partido al conocerse los datos de los sondeos.<\/p>\n<p>El Partido Socialista (PS) puede pisar los talones al partido de Macron, con un 14% de los votos y 13 europarlamentarios. La tasa de participaci\u00f3n, con el 52,5%, ser\u00eda la m\u00e1s alta desde hace 20 a\u00f1os para unas europeas en Francia. Otras listas con representaci\u00f3n europea fueron la del izquierdista La Francia Insumisa (LFI), con entre el 8,1% y 8,7% de los votos; la derecha conservadora de Los Republicanos (7,2%); y el ultranacionalista Reconquista (en torno al 5,5%). Los ecologistas estar\u00edan a un paso de quedar fuera si no alcanzan el umbral m\u00ednimo requerido de un 5% de votos.<\/p>\n<p>\u00a0<\/p>\n<\/div>\n<p><a href=\"https:\/\/noticiasaldiayalahora.co\/internacionales\/marine-le-pen-listos-para-enderezar-el-pais\/\" class=\" target=\" title=\"\" Listos para enderezar el target=\"_blank\" rel=\"noopener\">Ver fuente<\/a><\/p>\n","protected":false},"excerpt":{"rendered":"<p>Este lunes 10 de junio, un d\u00eda despu\u00e9s de que concluyeran las votaciones al Parlamento Europeo en los 27 pa\u00edses del bloque- que representaron un duro rev\u00e9s en Francia para el partido centrista Renacimiento, del presidente Emmanuel Macron, que convoc\u00f3 a elecciones anticipadas-la l\u00edder del partido de ultraderecha Agrupaci\u00f3n Nacional, Marine Le Pen, advirti\u00f3 que [&hellip;]<\/p>\n","protected":false},"author":2,"featured_media":5480,"comment_status":"open","ping_status":"closed","sticky":false,"template":"","format":"standard","meta":{"footnotes":""},"categories":[6],"tags":[],"class_list":["post-5479","post","type-post","status-publish","format-standard","has-post-thumbnail","hentry","category-internacionales"],"_links":{"self":[{"href":"https:\/\/enfoquenoticioso.com\/index.php?rest_route=\/wp\/v2\/posts\/5479","targetHints":{"allow":["GET"]}}],"collection":[{"href":"https:\/\/enfoquenoticioso.com\/index.php?rest_route=\/wp\/v2\/posts"}],"about":[{"href":"https:\/\/enfoquenoticioso.com\/index.php?rest_route=\/wp\/v2\/types\/post"}],"author":[{"embeddable":true,"href":"https:\/\/enfoquenoticioso.com\/index.php?rest_route=\/wp\/v2\/users\/2"}],"replies":[{"embeddable":true,"href":"https:\/\/enfoquenoticioso.com\/index.php?rest_route=%2Fwp%2Fv2%2Fcomments&post=5479"}],"version-history":[{"count":0,"href":"https:\/\/enfoquenoticioso.com\/index.php?rest_route=\/wp\/v2\/posts\/5479\/revisions"}],"wp:featuredmedia":[{"embeddable":true,"href":"https:\/\/enfoquenoticioso.com\/index.php?rest_route=\/wp\/v2\/media\/5480"}],"wp:attachment":[{"href":"https:\/\/enfoquenoticioso.com\/index.php?rest_route=%2Fwp%2Fv2%2Fmedia&parent=5479"}],"wp:term":[{"taxonomy":"category","embeddable":true,"href":"https:\/\/enfoquenoticioso.com\/index.php?rest_route=%2Fwp%2Fv2%2Fcategories&post=5479"},{"taxonomy":"post_tag","embeddable":true,"href":"https:\/\/enfoquenoticioso.com\/index.php?rest_route=%2Fwp%2Fv2%2Ftags&post=5479"}],"curies":[{"name":"wp","href":"https:\/\/api.w.org\/{rel}","templated":true}]}}