{"id":5491,"date":"2024-06-10T18:44:32","date_gmt":"2024-06-10T18:44:32","guid":{"rendered":"https:\/\/enfoquenoticioso.com\/actualidad\/enterate-asi-se-celebro-el-mes-de-las-madres-en-banplus\/"},"modified":"2024-06-10T18:44:32","modified_gmt":"2024-06-10T18:44:32","slug":"enterate-asi-se-celebro-el-mes-de-las-madres-en-banplus","status":"publish","type":"post","link":"https:\/\/enfoquenoticioso.com\/?p=5491","title":{"rendered":"\u00a1Ent\u00e9rate! \u00a1As\u00ed se celebr\u00f3 el Mes de las Madres en Banplus!"},"content":{"rendered":"<div>\n<p><strong><em>DAT.-<\/em><\/strong> En <strong>Banplus Banco Universal<\/strong>, a mediados del pasado mes de <strong>mayo de 2024<\/strong>, se encargaron de consentir por todo lo alto a las mujeres trabajadoras de la organizaci\u00f3n que son mam\u00e1s, en ocasi\u00f3n del <strong><a href=\"https:\/\/blogbanplus.com\/banplus\/asi-celebramos-el-mes-de-las-madres-en-banplus\/\" data-type=\"link\" data-id=\"https:\/\/blogbanplus.com\/banplus\/asi-celebramos-el-mes-de-las-madres-en-banplus\/\" target=\"_blank\" rel=\"noopener\">D\u00eda de las Madres<\/a><\/strong>.<\/p>\n<p>Un grupo representativo del total de hijos de las <strong>\u2018mam\u00e1s Banplus\u2019<\/strong> particip\u00f3 en un regalo sorpresa, logrado en complicidad con sus familiares, con el que se buscaba conmoverlas.<\/p>\n<p>Adem\u00e1s, <strong>la instituci\u00f3n financiera realiz\u00f3 un bazar el 9 y 10 de mayo<\/strong>, en la sede principal de Banplus, para que sus trabajadores consiguieran el regalo ideal en los stands de expoventa donde sus familiares emprendedores y marcas aliadas ofrec\u00edan variadas opciones de accesorios, ropa, calzado, art\u00edculos de maquillaje y m\u00e1s, mientras que la organizaci\u00f3n brind\u00f3 facilidades para su adquisici\u00f3n.<\/p>\n<div id=\"ez-toc-container\" class=\"ez-toc-v2_0_81 counter-hierarchy ez-toc-counter ez-toc-grey ez-toc-container-direction\">\n<div class=\"ez-toc-title-container\">\n<p class=\"ez-toc-title\" style=\"cursor:inherit\">Tabla de Contenido<\/p>\n<span class=\"ez-toc-title-toggle\"><a href=\"#\" class=\"ez-toc-pull-right ez-toc-btn ez-toc-btn-xs ez-toc-btn-default ez-toc-toggle\" aria-label=\"Alternar tabla de contenidos\"><span class=\"ez-toc-js-icon-con\"><span class=\"\"><span class=\"eztoc-hide\" style=\"display:none;\">Toggle<\/span><span class=\"ez-toc-icon-toggle-span\"><svg style=\"fill: #999;color:#999\" xmlns=\"http:\/\/www.w3.org\/2000\/svg\" class=\"list-377408\" width=\"20px\" height=\"20px\" viewBox=\"0 0 24 24\" fill=\"none\"><path d=\"M6 6H4v2h2V6zm14 0H8v2h12V6zM4 11h2v2H4v-2zm16 0H8v2h12v-2zM4 16h2v2H4v-2zm16 0H8v2h12v-2z\" fill=\"currentColor\"><\/path><\/svg><svg style=\"fill: #999;color:#999\" class=\"arrow-unsorted-368013\" xmlns=\"http:\/\/www.w3.org\/2000\/svg\" width=\"10px\" height=\"10px\" viewBox=\"0 0 24 24\" version=\"1.2\" baseProfile=\"tiny\"><path d=\"M18.2 9.3l-6.2-6.3-6.2 6.3c-.2.2-.3.4-.3.7s.1.5.3.7c.2.2.4.3.7.3h11c.3 0 .5-.1.7-.3.2-.2.3-.5.3-.7s-.1-.5-.3-.7zM5.8 14.7l6.2 6.3 6.2-6.3c.2-.2.3-.5.3-.7s-.1-.5-.3-.7c-.2-.2-.4-.3-.7-.3h-11c-.3 0-.5.1-.7.3-.2.2-.3.5-.3.7s.1.5.3.7z\"\/><\/svg><\/span><\/span><\/span><\/a><\/span><\/div>\n<nav><ul class='ez-toc-list ez-toc-list-level-1 ' ><li class='ez-toc-page-1 ez-toc-heading-level-5'><a class=\"ez-toc-link ez-toc-heading-1\" href=\"https:\/\/enfoquenoticioso.com\/?p=5491\/#LEA_TAMBIEN_Espacio_Financiero_Banplus_en_alianza_con_la_Universidad_Metropolitana\" >LEA TAMBI\u00c9N | Espacio Financiero Banplus en alianza con la Universidad Metropolitana<\/a><\/li><\/ul><\/nav><\/div>\n<h5 class=\"wp-block-heading\"><span class=\"ez-toc-section\" id=\"LEA_TAMBIEN_Espacio_Financiero_Banplus_en_alianza_con_la_Universidad_Metropolitana\"><\/span>LEA TAMBI\u00c9N | <a href=\"https:\/\/dateando.com\/reportero-dateando\/espacio-financiero-banplus-en-alianza-con-la-universidad-metropolitana\/\" target=\"_blank\" rel=\"noopener\">Espacio Financiero Banplus en alianza con la Universidad Metropolitana<\/a><span class=\"ez-toc-section-end\"><\/span><\/h5>\n<p>Esta efem\u00e9ride se celebra en Venezuela el segundo domingo de cada mes de mayo y, <strong>Banplus, como organizaci\u00f3n, extendi\u00f3 su felicitaci\u00f3n a las \u2018mam\u00e1s Banplus\u2019<\/strong> todos los d\u00edas por el importante rol que tienen en sus familias.<\/p>\n<p><strong><em>(Con informaci\u00f3n de Banplus)<\/em><\/strong><\/p>\n<\/p><\/div>\n<p><a href=\"https:\/\/dateando.com\/reportero-dateando\/asi-se-celebro-mes-de-las-madres-banplus\/\" class=\" target=\" title=\"\u00a1Ent\u00e9rate! \u00a1As\u00ed se celebr\u00f3 el Mes de las Madres en Banplus!\" target=\"_blank\" rel=\"noopener\">Ver fuente<\/a><\/p>\n","protected":false},"excerpt":{"rendered":"<p>DAT.- En Banplus Banco Universal, a mediados del pasado mes de mayo de 2024, se encargaron de consentir por todo lo alto a las mujeres trabajadoras de la organizaci\u00f3n que son mam\u00e1s, en ocasi\u00f3n del D\u00eda de las Madres. Un grupo representativo del total de hijos de las \u2018mam\u00e1s Banplus\u2019 particip\u00f3 en un regalo sorpresa, [&hellip;]<\/p>\n","protected":false},"author":2,"featured_media":5492,"comment_status":"open","ping_status":"closed","sticky":false,"template":"","format":"standard","meta":{"footnotes":""},"categories":[11],"tags":[],"class_list":["post-5491","post","type-post","status-publish","format-standard","has-post-thumbnail","hentry","category-actualidad"],"_links":{"self":[{"href":"https:\/\/enfoquenoticioso.com\/index.php?rest_route=\/wp\/v2\/posts\/5491","targetHints":{"allow":["GET"]}}],"collection":[{"href":"https:\/\/enfoquenoticioso.com\/index.php?rest_route=\/wp\/v2\/posts"}],"about":[{"href":"https:\/\/enfoquenoticioso.com\/index.php?rest_route=\/wp\/v2\/types\/post"}],"author":[{"embeddable":true,"href":"https:\/\/enfoquenoticioso.com\/index.php?rest_route=\/wp\/v2\/users\/2"}],"replies":[{"embeddable":true,"href":"https:\/\/enfoquenoticioso.com\/index.php?rest_route=%2Fwp%2Fv2%2Fcomments&post=5491"}],"version-history":[{"count":0,"href":"https:\/\/enfoquenoticioso.com\/index.php?rest_route=\/wp\/v2\/posts\/5491\/revisions"}],"wp:featuredmedia":[{"embeddable":true,"href":"https:\/\/enfoquenoticioso.com\/index.php?rest_route=\/wp\/v2\/media\/5492"}],"wp:attachment":[{"href":"https:\/\/enfoquenoticioso.com\/index.php?rest_route=%2Fwp%2Fv2%2Fmedia&parent=5491"}],"wp:term":[{"taxonomy":"category","embeddable":true,"href":"https:\/\/enfoquenoticioso.com\/index.php?rest_route=%2Fwp%2Fv2%2Fcategories&post=5491"},{"taxonomy":"post_tag","embeddable":true,"href":"https:\/\/enfoquenoticioso.com\/index.php?rest_route=%2Fwp%2Fv2%2Ftags&post=5491"}],"curies":[{"name":"wp","href":"https:\/\/api.w.org\/{rel}","templated":true}]}}