{"id":5507,"date":"2024-06-10T19:46:54","date_gmt":"2024-06-10T19:46:54","guid":{"rendered":"https:\/\/enfoquenoticioso.com\/actualidad\/40-anos-surfeando-la-incertidumbre\/"},"modified":"2024-06-10T19:46:54","modified_gmt":"2024-06-10T19:46:54","slug":"40-anos-surfeando-la-incertidumbre","status":"publish","type":"post","link":"https:\/\/enfoquenoticioso.com\/?p=5507","title":{"rendered":"\u00a140 a\u00f1os surfeando la incertidumbre!"},"content":{"rendered":"<div>\n<p><strong><em>DAT.- <\/em><\/strong>Para el presidente y fundador de <a href=\"https:\/\/www.instagram.com\/evenpro\/\" data-type=\"link\" data-id=\"https:\/\/www.instagram.com\/evenpro\/\" target=\"_blank\" rel=\"noopener\">Evenpro Corp<\/a>, <strong>Santiago Otero Armengol<\/strong>, todo comenz\u00f3 con una pasi\u00f3n: <strong>organizando un campeonato de surf con 17 a\u00f1os<\/strong>. El resto es historia: 40 a\u00f1os m\u00e1s tarde tendr\u00eda en su haber eventos de talla mundial donde se dar\u00edan cita hasta un mill\u00f3n y medio de personas.<\/p>\n<p>Lo que Otero no sab\u00eda es que tantos a\u00f1os m\u00e1s tarde, una <strong>experiencia cercana a la muerte<\/strong> surfeando las inmensas olas del Pac\u00edfico, le ense\u00f1ar\u00eda a <strong>gestionar la incertidumbre<\/strong> con serenidad, creatividad y esperanza.<\/p>\n<p>\u201cEn un mundo sembrado de incertidumbre; <strong>avanzar, aunque no sea en l\u00ednea recta para aprovechar cada ocasi\u00f3n<\/strong>. No permitas que te paralice y abraza lo desconocido porque es una oportunidad\u201d, afirma.<\/p>\n<p>Con una verdadera vocaci\u00f3n de <strong>\u2018gerente de incertidumbre\u2019<\/strong>, el empresario y surfista relata sus claves para permanecer a la cabeza de una de las principales empresas de entretenimiento en Venezuela.<\/p>\n<p>Se\u00f1ala que <strong>una vida sin desaf\u00edos es una vida sin crecimiento<\/strong>, indica que siempre conviene es centrar la atenci\u00f3n en la soluci\u00f3n y pintar cada quien las soluciones porque el futuro no est\u00e1 escrito.<\/p>\n<div id=\"ez-toc-container\" class=\"ez-toc-v2_0_81 counter-hierarchy ez-toc-counter ez-toc-grey ez-toc-container-direction\">\n<div class=\"ez-toc-title-container\">\n<p class=\"ez-toc-title\" style=\"cursor:inherit\">Tabla de Contenido<\/p>\n<span class=\"ez-toc-title-toggle\"><a href=\"#\" class=\"ez-toc-pull-right ez-toc-btn ez-toc-btn-xs ez-toc-btn-default ez-toc-toggle\" aria-label=\"Alternar tabla de contenidos\"><span class=\"ez-toc-js-icon-con\"><span class=\"\"><span class=\"eztoc-hide\" style=\"display:none;\">Toggle<\/span><span class=\"ez-toc-icon-toggle-span\"><svg style=\"fill: #999;color:#999\" xmlns=\"http:\/\/www.w3.org\/2000\/svg\" class=\"list-377408\" width=\"20px\" height=\"20px\" viewBox=\"0 0 24 24\" fill=\"none\"><path d=\"M6 6H4v2h2V6zm14 0H8v2h12V6zM4 11h2v2H4v-2zm16 0H8v2h12v-2zM4 16h2v2H4v-2zm16 0H8v2h12v-2z\" fill=\"currentColor\"><\/path><\/svg><svg style=\"fill: #999;color:#999\" class=\"arrow-unsorted-368013\" xmlns=\"http:\/\/www.w3.org\/2000\/svg\" width=\"10px\" height=\"10px\" viewBox=\"0 0 24 24\" version=\"1.2\" baseProfile=\"tiny\"><path d=\"M18.2 9.3l-6.2-6.3-6.2 6.3c-.2.2-.3.4-.3.7s.1.5.3.7c.2.2.4.3.7.3h11c.3 0 .5-.1.7-.3.2-.2.3-.5.3-.7s-.1-.5-.3-.7zM5.8 14.7l6.2 6.3 6.2-6.3c.2-.2.3-.5.3-.7s-.1-.5-.3-.7c-.2-.2-.4-.3-.7-.3h-11c-.3 0-.5.1-.7.3-.2.2-.3.5-.3.7s.1.5.3.7z\"\/><\/svg><\/span><\/span><\/span><\/a><\/span><\/div>\n<nav><ul class='ez-toc-list ez-toc-list-level-1 ' ><li class='ez-toc-page-1 ez-toc-heading-level-5'><a class=\"ez-toc-link ez-toc-heading-1\" href=\"https:\/\/enfoquenoticioso.com\/?p=5507\/#LEA_TAMBIEN_Evenpro_y_Fonseca_%C2%A1Una_alianza_en_pro_de_la_musica_y_la_infancia_de_Cuyagua\" >LEA TAMBI\u00c9N | Evenpro y Fonseca: \u00a1Una alianza en pro de la m\u00fasica y la infancia de Cuyagua!<\/a><\/li><\/ul><\/nav><\/div>\n<h5 class=\"wp-block-heading\"><span class=\"ez-toc-section\" id=\"LEA_TAMBIEN_Evenpro_y_Fonseca_%C2%A1Una_alianza_en_pro_de_la_musica_y_la_infancia_de_Cuyagua\"><\/span>LEA TAMBI\u00c9N | <a href=\"https:\/\/dateando.com\/reportero-dateando\/evenpro-y-fonseca-en-pro-de-la-infancia-de-cuyagua\/\" target=\"_blank\" rel=\"noopener\">Evenpro y Fonseca: \u00a1Una alianza en pro de la m\u00fasica y la infancia de Cuyagua!<\/a><span class=\"ez-toc-section-end\"><\/span><\/h5>\n<p>En su experiencia es fundamental <strong>\u201cmedir el terrero y elegir tu ola. Revisar tus vientos y corrientes\u201d<\/strong>, haciendo la similitud entre el coraje y visi\u00f3n necesarios para surfear olas y adversidades.<\/p>\n<p>Otero tambi\u00e9n resalta la <strong>importancia de tener un buen equipo<\/strong> para surfear la incertidumbre: \u201cTenemos que prepararnos para afrontar lo que viene, rodearnos de personas que tienen el poder de atreverse. Necesitamos a los mejores para no detenernos ante un mundo incierto. Hay que armarse de valor para convertir lo incierto en un motor\u201d.<\/p>\n<p>En resumen, este surfista nos ense\u00f1a a <strong>armarnos de coraje, confianza y valent\u00eda<\/strong> para disfrutar del equilibrio en un mundo incierto.<\/p>\n<figure class=\"wp-block-embed is-type-rich is-provider-gestor-del-servicio wp-block-embed-gestor-del-servicio\">\n<p>\nhttps:\/\/youtube.com\/watch?v=wqN3F0yWTnw%3Fsi%3DT60SNWtbzHn8ET6K\n<\/p>\n<\/figure>\n<p><strong><em>(Con informaci\u00f3n de Santiago Otero Armengol)<\/em><\/strong><\/p>\n<\/p><\/div>\n<p><script async src=\"\/\/www.instagram.com\/embed.js\"><\/script><br \/>\n<br \/><a href=\"https:\/\/dateando.com\/reportero-dateando\/santiago-otero-armengol-40-anos-surfeando-la-incertidumbre\/\" class=\" target=\" title=\"\u00a140 a\u00f1os surfeando la incertidumbre!\" target=\"_blank\" rel=\"noopener\">Ver fuente<\/a><\/p>\n","protected":false},"excerpt":{"rendered":"<p>DAT.- Para el presidente y fundador de Evenpro Corp, Santiago Otero Armengol, todo comenz\u00f3 con una pasi\u00f3n: organizando un campeonato de surf con 17 a\u00f1os. El resto es historia: 40 a\u00f1os m\u00e1s tarde tendr\u00eda en su haber eventos de talla mundial donde se dar\u00edan cita hasta un mill\u00f3n y medio de personas. Lo que Otero [&hellip;]<\/p>\n","protected":false},"author":2,"featured_media":5508,"comment_status":"open","ping_status":"closed","sticky":false,"template":"","format":"standard","meta":{"footnotes":""},"categories":[11],"tags":[],"class_list":["post-5507","post","type-post","status-publish","format-standard","has-post-thumbnail","hentry","category-actualidad"],"_links":{"self":[{"href":"https:\/\/enfoquenoticioso.com\/index.php?rest_route=\/wp\/v2\/posts\/5507","targetHints":{"allow":["GET"]}}],"collection":[{"href":"https:\/\/enfoquenoticioso.com\/index.php?rest_route=\/wp\/v2\/posts"}],"about":[{"href":"https:\/\/enfoquenoticioso.com\/index.php?rest_route=\/wp\/v2\/types\/post"}],"author":[{"embeddable":true,"href":"https:\/\/enfoquenoticioso.com\/index.php?rest_route=\/wp\/v2\/users\/2"}],"replies":[{"embeddable":true,"href":"https:\/\/enfoquenoticioso.com\/index.php?rest_route=%2Fwp%2Fv2%2Fcomments&post=5507"}],"version-history":[{"count":0,"href":"https:\/\/enfoquenoticioso.com\/index.php?rest_route=\/wp\/v2\/posts\/5507\/revisions"}],"wp:featuredmedia":[{"embeddable":true,"href":"https:\/\/enfoquenoticioso.com\/index.php?rest_route=\/wp\/v2\/media\/5508"}],"wp:attachment":[{"href":"https:\/\/enfoquenoticioso.com\/index.php?rest_route=%2Fwp%2Fv2%2Fmedia&parent=5507"}],"wp:term":[{"taxonomy":"category","embeddable":true,"href":"https:\/\/enfoquenoticioso.com\/index.php?rest_route=%2Fwp%2Fv2%2Fcategories&post=5507"},{"taxonomy":"post_tag","embeddable":true,"href":"https:\/\/enfoquenoticioso.com\/index.php?rest_route=%2Fwp%2Fv2%2Ftags&post=5507"}],"curies":[{"name":"wp","href":"https:\/\/api.w.org\/{rel}","templated":true}]}}