{"id":5813,"date":"2024-06-12T22:01:01","date_gmt":"2024-06-12T22:01:01","guid":{"rendered":"https:\/\/enfoquenoticioso.com\/sucesos\/hallado-cuerpo-de-adolescente-desaparecido-en-aguas-del-rio-neveri\/"},"modified":"2024-06-12T22:01:01","modified_gmt":"2024-06-12T22:01:01","slug":"hallado-cuerpo-de-adolescente-desaparecido-en-aguas-del-rio-neveri","status":"publish","type":"post","link":"https:\/\/enfoquenoticioso.com\/?p=5813","title":{"rendered":"Hallado cuerpo de adolescente desaparecido en aguas del r\u00edo Never\u00ed"},"content":{"rendered":"<div id=\"post-530561\">\n<div class=\"entry-thumbnail\">\n<img width=\"777\" height=\"437\" src=\"https:\/\/i0.wp.com\/noticiasaldiayalahora.co\/wp-content\/uploads\/2024\/06\/Rescate-cuerpo-de-banista-en-Rio-Neveri.webp?resize=777%2C437&amp;ssl=1\" class=\"attachment-content-single size-content-single wp-post-image\" alt=\"\" decoding=\"async\" fetchpriority=\"high\"\/><\/div>\n<p class=\"entry-meta\">\n<span class=\"entry-meta-author vcard author\">Por: <a class=\"fn\" href=\"https:\/\/noticiasaldiayalahora.co\/author\/noticias\/\" target=\"_blank\" rel=\"noopener\">AL D\u00eda y a la Hora | @Notidiahora<\/a><\/span><br \/>\n<span class=\"entry-meta-date updated\">12 junio, 2024<\/span>\n<\/p>\n<div class=\"entry-content clearfix\">\n<p>Este mi\u00e9rcoles autoridades informaron el hallazgo del cuerpo del adolescente de 12 a\u00f1os de edad, Santiago Marcano Guaiquiri\u00e1n.<\/p>\n<p>El menor de edad, se encontraba desaparecido desde la tarde del pasado lunes 10 de junio, cuando se ba\u00f1aba en las aguas del r\u00edo Never\u00ed con un grupo de j\u00f3venes, a la altura del puente del sector Mayorqu\u00edn, en la capital del estado Anzo\u00e1tegui.<\/p>\n<p>Se conoci\u00f3 que el cuerpo apareci\u00f3 flotando en uno de los tanques de agua de la planta potabilizadora<\/p>\n<p>Los trabajadores de la hidrol\u00f3gica dieron aviso a las autoridades, y presumen que pudo haber sido succionado por una de las bombas.<\/p>\n<p>Desde este martes 11, efectivo del Cuerpo de Bomberos hab\u00edan activado \u201cun extenso operativo de rastreo en las aguas del r\u00edo Never\u00ed\u201d.<\/p>\n<\/div>\n<\/div>\n<p><a href=\"https:\/\/noticiasaldiayalahora.co\/sucesos\/hallado-cuerpo-de-adolescente-desaparecido-en-aguas-del-rio-neveri\/\" class=\" target=\" title=\"Hallado cuerpo de adolescente desaparecido en aguas del r\u00edo Never\u00ed\" target=\"_blank\" rel=\"noopener\">Ver fuente<\/a><\/p>\n","protected":false},"excerpt":{"rendered":"<p>Por: AL D\u00eda y a la Hora | @Notidiahora 12 junio, 2024 Este mi\u00e9rcoles autoridades informaron el hallazgo del cuerpo del adolescente de 12 a\u00f1os de edad, Santiago Marcano Guaiquiri\u00e1n. El menor de edad, se encontraba desaparecido desde la tarde del pasado lunes 10 de junio, cuando se ba\u00f1aba en las aguas del r\u00edo Never\u00ed [&hellip;]<\/p>\n","protected":false},"author":2,"featured_media":5814,"comment_status":"open","ping_status":"closed","sticky":false,"template":"","format":"standard","meta":{"footnotes":""},"categories":[5],"tags":[],"class_list":["post-5813","post","type-post","status-publish","format-standard","has-post-thumbnail","hentry","category-sucesos"],"_links":{"self":[{"href":"https:\/\/enfoquenoticioso.com\/index.php?rest_route=\/wp\/v2\/posts\/5813","targetHints":{"allow":["GET"]}}],"collection":[{"href":"https:\/\/enfoquenoticioso.com\/index.php?rest_route=\/wp\/v2\/posts"}],"about":[{"href":"https:\/\/enfoquenoticioso.com\/index.php?rest_route=\/wp\/v2\/types\/post"}],"author":[{"embeddable":true,"href":"https:\/\/enfoquenoticioso.com\/index.php?rest_route=\/wp\/v2\/users\/2"}],"replies":[{"embeddable":true,"href":"https:\/\/enfoquenoticioso.com\/index.php?rest_route=%2Fwp%2Fv2%2Fcomments&post=5813"}],"version-history":[{"count":0,"href":"https:\/\/enfoquenoticioso.com\/index.php?rest_route=\/wp\/v2\/posts\/5813\/revisions"}],"wp:featuredmedia":[{"embeddable":true,"href":"https:\/\/enfoquenoticioso.com\/index.php?rest_route=\/wp\/v2\/media\/5814"}],"wp:attachment":[{"href":"https:\/\/enfoquenoticioso.com\/index.php?rest_route=%2Fwp%2Fv2%2Fmedia&parent=5813"}],"wp:term":[{"taxonomy":"category","embeddable":true,"href":"https:\/\/enfoquenoticioso.com\/index.php?rest_route=%2Fwp%2Fv2%2Fcategories&post=5813"},{"taxonomy":"post_tag","embeddable":true,"href":"https:\/\/enfoquenoticioso.com\/index.php?rest_route=%2Fwp%2Fv2%2Ftags&post=5813"}],"curies":[{"name":"wp","href":"https:\/\/api.w.org\/{rel}","templated":true}]}}