{"id":6080,"date":"2024-06-14T11:52:15","date_gmt":"2024-06-14T11:52:15","guid":{"rendered":"https:\/\/enfoquenoticioso.com\/sucesos\/fallecen-2-ninos-y-un-adulto-en-incendio-de-apartamento\/"},"modified":"2024-06-14T11:52:15","modified_gmt":"2024-06-14T11:52:15","slug":"fallecen-2-ninos-y-un-adulto-en-incendio-de-apartamento","status":"publish","type":"post","link":"https:\/\/enfoquenoticioso.com\/?p=6080","title":{"rendered":"Fallecen 2 ni\u00f1os y un adulto en incendio de apartamento"},"content":{"rendered":"<div>\n<p>El ni\u00f1o, de 10 a\u00f1os, estaba recluido en el hospital Dr. Domingo Luciani del Llanito desde el 10 de junio. Ese lunes, a las 4:00 a.m., comenz\u00f3 a incendiarse el inmueble donde dorm\u00eda junto a su madre, Karen Daniela Palma Mart\u00ednez, de 36 a\u00f1os de edad, y su hermanita Arantza L\u00f3pez (12 a\u00f1os). Ambas murieron el mismo d\u00eda<span id=\"more-530654\"\/><\/p>\n<p>El ni\u00f1o Santiago L\u00f3pez\u00a0muri\u00f3 debido a las graves quemaduras durante el incendio\u00a0ocurrido en el apartamento 8 del edificio D-5, ubicado en la urbanizaci\u00f3n Los Girasoles de Guarenas, en el estado Miranda. Su deceso ocurri\u00f3 en horas de la madrugada de este 13 de junio<\/p>\n<p>El peque\u00f1o, de 10 a\u00f1os de edad, estaba recluido en el hospital Domingo Luciani de El Llanito, municipio Sucre, desde el 10 de junio. Ese lunes, a las 4:00 a.m., comenz\u00f3 a incendiarse el inmueble donde dorm\u00eda junto a su madre,\u00a0Karen Daniela Palma Mart\u00ednez, de 36 a\u00f1os de edad, y su hermanita Arantza L\u00f3pez, de 12 a\u00f1os. Ambas murieron el mismo d\u00eda.<\/p>\n<p>El 12 de junio, amigos de la familia estaban solicitando con urgencia 12 frascos de Enterex Plus para Santiago. Seg\u00fan refirieron, a trav\u00e9s de un audio enviado por WhatsApp, hab\u00edan acudido a diferentes farmacias en Caracas y no lo consiguieron.<\/p>\n<p>Un vecino de la urbanizaci\u00f3n Los Girasoles indic\u00f3 a\u00a0<strong>El Pitazo\u00a0<\/strong>que el ni\u00f1o ten\u00eda quemaduras en al menos 65 % de su cuerpo y, presuntamente, algunas zonas cut\u00e1neas necrosadas. Estaba orinando a trav\u00e9s de sondas y desde el momento en que fue ingresado al centro de salud su estado era delicado.<\/p>\n<p>\u201cLamentablemente, los m\u00e9dicos no lograron salvarle la vida a este angelito; estaba intubado y ten\u00eda los ri\u00f1ones comprometidos. Lo que ocurri\u00f3 es una tragedia\u201d, indic\u00f3 el vecino.<\/p>\n<p>El clamor de todos los residentes de Los Girasoles es que se indaguen los hechos. A trav\u00e9s de las redes sociales, moradores y quienes viven en zonas cercanas han manifestado su pesar por lo sucedido. \u201cGigantesca la tristeza y la indignaci\u00f3n en Guarenas\u201d, escribi\u00f3 Mu\u00e9vete Guarenas en X.<\/p>\n<blockquote class=\"twitter-tweet\" data-media-max-width=\"560\">\n<p dir=\"ltr\" lang=\"es\">Gigantescas la tristeza y la indignaci\u00f3n en Guarenas.<br \/>Falleci\u00f3 el ni\u00f1o Santiago L\u00f3pez.<br \/>Tercera v\u00edctima fatal del incendio en la urbanizaci\u00f3n Los Girasoles del pasado lunes <a href=\"https:\/\/twitter.com\/hashtag\/10Jun?src=hash&amp;ref_src=twsrc%5Etfw\" target=\"_blank\" rel=\"noopener\">#10Jun<\/a> en la madrugada. <a href=\"https:\/\/t.co\/dRtKQB8ern\">pic.twitter.com\/dRtKQB8ern<\/a><\/p>\n<p>\u2014 Mu\u00e9vete Guarenas (@MueveteGuarenas) <a href=\"https:\/\/twitter.com\/MueveteGuarenas\/status\/1801262094668496926?ref_src=twsrc%5Etfw\" target=\"_blank\" rel=\"noopener\">June 13, 2024<\/a><\/p>\n<\/blockquote>\n<p>La comunidad tambi\u00e9n solicita que las autoridades establezcan responsabilidades una vez que se determine qu\u00e9 ocurri\u00f3, y que\u00a0se dote de equipos, herramientas y unidades al Cuerpo de Bomberos de Miranda.<\/p>\n<p><strong>El Pitazo\u00a0<\/strong>conoci\u00f3 que funcionarios bomberiles, expertos en este tipo de incidentes, estuvieron en Los Girasoles como parte de las averiguaciones. Las otras dos personas que resultaron lesionadas en el incendio se recuperan. Se trata de Tania Josefina Mart\u00ednez Barreto (60 a\u00f1os) y Valent\u00edn Palma (28 a\u00f1os). Ellos son la madre y el hermano de Karen Daniela. La adulta mayor a\u00fan permanece en estado de\u00a0<em>shock.<\/em><\/p>\n<p>por <strong>El Pitazo<\/strong><\/p>\n<div id=\"ez-toc-container\" class=\"ez-toc-v2_0_81 counter-hierarchy ez-toc-counter ez-toc-grey ez-toc-container-direction\">\n<div class=\"ez-toc-title-container\">\n<p class=\"ez-toc-title\" style=\"cursor:inherit\">Tabla de Contenido<\/p>\n<span class=\"ez-toc-title-toggle\"><a href=\"#\" class=\"ez-toc-pull-right ez-toc-btn ez-toc-btn-xs ez-toc-btn-default ez-toc-toggle\" aria-label=\"Alternar tabla de contenidos\"><span class=\"ez-toc-js-icon-con\"><span class=\"\"><span class=\"eztoc-hide\" style=\"display:none;\">Toggle<\/span><span class=\"ez-toc-icon-toggle-span\"><svg style=\"fill: #999;color:#999\" xmlns=\"http:\/\/www.w3.org\/2000\/svg\" class=\"list-377408\" width=\"20px\" height=\"20px\" viewBox=\"0 0 24 24\" fill=\"none\"><path d=\"M6 6H4v2h2V6zm14 0H8v2h12V6zM4 11h2v2H4v-2zm16 0H8v2h12v-2zM4 16h2v2H4v-2zm16 0H8v2h12v-2z\" fill=\"currentColor\"><\/path><\/svg><svg style=\"fill: #999;color:#999\" class=\"arrow-unsorted-368013\" xmlns=\"http:\/\/www.w3.org\/2000\/svg\" width=\"10px\" height=\"10px\" viewBox=\"0 0 24 24\" version=\"1.2\" baseProfile=\"tiny\"><path d=\"M18.2 9.3l-6.2-6.3-6.2 6.3c-.2.2-.3.4-.3.7s.1.5.3.7c.2.2.4.3.7.3h11c.3 0 .5-.1.7-.3.2-.2.3-.5.3-.7s-.1-.5-.3-.7zM5.8 14.7l6.2 6.3 6.2-6.3c.2-.2.3-.5.3-.7s-.1-.5-.3-.7c-.2-.2-.4-.3-.7-.3h-11c-.3 0-.5.1-.7.3-.2.2-.3.5-.3.7s.1.5.3.7z\"\/><\/svg><\/span><\/span><\/span><\/a><\/span><\/div>\n<nav><ul class='ez-toc-list ez-toc-list-level-1 ' ><li class='ez-toc-page-1 ez-toc-heading-level-4'><a class=\"ez-toc-link ez-toc-heading-1\" href=\"https:\/\/enfoquenoticioso.com\/?p=6080\/#Sigue_al_canal_de_noticias_en_Whatsaap\" >Sigue al canal de noticias en Whatsaap\u00a0<\/a><\/li><\/ul><\/nav><\/div>\n<h4><span class=\"ez-toc-section\" id=\"Sigue_al_canal_de_noticias_en_Whatsaap\"><\/span><strong><a href=\"https:\/\/whatsapp.com\/channel\/0029VaDXFnLId7nFFiDdVI26?fbclid=IwAR1LnVJqcByTELJH4Ht086FYRmdx18pRnV7CrkzmTJ5JaLHYY0igukfL9Yk\" target=\"_blank\" rel=\"noopener\">Sigue al canal de noticias en Whatsaap\u00a0<\/a><\/strong><span class=\"ez-toc-section-end\"><\/span><\/h4>\n<\/div>\n<p><script async src=\"\/\/platform.twitter.com\/widgets.js\" charset=\"utf-8\"><\/script><br \/>\n<br \/><a href=\"https:\/\/noticiasaldiayalahora.co\/sucesos\/guarenas-de-luto-fallecen-2-ninos-y-un-adulto-en-incendio-de-apartamento\/\" class=\" target=\" title=\"Fallecen 2 ni\u00f1os y un adulto en incendio de apartamento\" target=\"_blank\" rel=\"noopener\">Ver fuente<\/a><\/p>\n","protected":false},"excerpt":{"rendered":"<p>El ni\u00f1o, de 10 a\u00f1os, estaba recluido en el hospital Dr. Domingo Luciani del Llanito desde el 10 de junio. Ese lunes, a las 4:00 a.m., comenz\u00f3 a incendiarse el inmueble donde dorm\u00eda junto a su madre, Karen Daniela Palma Mart\u00ednez, de 36 a\u00f1os de edad, y su hermanita Arantza L\u00f3pez (12 a\u00f1os). Ambas murieron [&hellip;]<\/p>\n","protected":false},"author":2,"featured_media":6081,"comment_status":"open","ping_status":"closed","sticky":false,"template":"","format":"standard","meta":{"footnotes":""},"categories":[5],"tags":[],"class_list":["post-6080","post","type-post","status-publish","format-standard","has-post-thumbnail","hentry","category-sucesos"],"_links":{"self":[{"href":"https:\/\/enfoquenoticioso.com\/index.php?rest_route=\/wp\/v2\/posts\/6080","targetHints":{"allow":["GET"]}}],"collection":[{"href":"https:\/\/enfoquenoticioso.com\/index.php?rest_route=\/wp\/v2\/posts"}],"about":[{"href":"https:\/\/enfoquenoticioso.com\/index.php?rest_route=\/wp\/v2\/types\/post"}],"author":[{"embeddable":true,"href":"https:\/\/enfoquenoticioso.com\/index.php?rest_route=\/wp\/v2\/users\/2"}],"replies":[{"embeddable":true,"href":"https:\/\/enfoquenoticioso.com\/index.php?rest_route=%2Fwp%2Fv2%2Fcomments&post=6080"}],"version-history":[{"count":0,"href":"https:\/\/enfoquenoticioso.com\/index.php?rest_route=\/wp\/v2\/posts\/6080\/revisions"}],"wp:featuredmedia":[{"embeddable":true,"href":"https:\/\/enfoquenoticioso.com\/index.php?rest_route=\/wp\/v2\/media\/6081"}],"wp:attachment":[{"href":"https:\/\/enfoquenoticioso.com\/index.php?rest_route=%2Fwp%2Fv2%2Fmedia&parent=6080"}],"wp:term":[{"taxonomy":"category","embeddable":true,"href":"https:\/\/enfoquenoticioso.com\/index.php?rest_route=%2Fwp%2Fv2%2Fcategories&post=6080"},{"taxonomy":"post_tag","embeddable":true,"href":"https:\/\/enfoquenoticioso.com\/index.php?rest_route=%2Fwp%2Fv2%2Ftags&post=6080"}],"curies":[{"name":"wp","href":"https:\/\/api.w.org\/{rel}","templated":true}]}}