{"id":6192,"date":"2024-06-15T00:34:07","date_gmt":"2024-06-15T00:34:07","guid":{"rendered":"https:\/\/enfoquenoticioso.com\/sucesos\/identificadas-las-victimas-del-puente-colapsado-en-la-carretera-falcon\/"},"modified":"2024-06-15T00:34:07","modified_gmt":"2024-06-15T00:34:07","slug":"identificadas-las-victimas-del-puente-colapsado-en-la-carretera-falcon","status":"publish","type":"post","link":"https:\/\/enfoquenoticioso.com\/?p=6192","title":{"rendered":"Identificadas las v\u00edctimas del puente colapsado en la carretera Falc\u00f3n"},"content":{"rendered":"<div id=\"post-530725\">\n<div class=\"entry-thumbnail\">\n<img width=\"777\" height=\"437\" src=\"https:\/\/i0.wp.com\/noticiasaldiayalahora.co\/wp-content\/uploads\/2024\/06\/accidente-falcon-zulia.jpg?resize=777%2C437&amp;ssl=1\" class=\"attachment-content-single size-content-single wp-post-image\" alt=\"\" decoding=\"async\" fetchpriority=\"high\" srcset=\"https:\/\/i0.wp.com\/noticiasaldiayalahora.co\/wp-content\/uploads\/2024\/06\/accidente-falcon-zulia.jpg?w=1242&amp;ssl=1 1242w, https:\/\/i0.wp.com\/noticiasaldiayalahora.co\/wp-content\/uploads\/2024\/06\/accidente-falcon-zulia.jpg?resize=300%2C169&amp;ssl=1 300w, https:\/\/i0.wp.com\/noticiasaldiayalahora.co\/wp-content\/uploads\/2024\/06\/accidente-falcon-zulia.jpg?resize=1024%2C576&amp;ssl=1 1024w, https:\/\/i0.wp.com\/noticiasaldiayalahora.co\/wp-content\/uploads\/2024\/06\/accidente-falcon-zulia.jpg?resize=768%2C432&amp;ssl=1 768w, https:\/\/i0.wp.com\/noticiasaldiayalahora.co\/wp-content\/uploads\/2024\/06\/accidente-falcon-zulia.jpg?resize=777%2C437&amp;ssl=1 777w, https:\/\/i0.wp.com\/noticiasaldiayalahora.co\/wp-content\/uploads\/2024\/06\/accidente-falcon-zulia.jpg?resize=180%2C101&amp;ssl=1 180w, https:\/\/i0.wp.com\/noticiasaldiayalahora.co\/wp-content\/uploads\/2024\/06\/accidente-falcon-zulia.jpg?resize=260%2C146&amp;ssl=1 260w, https:\/\/i0.wp.com\/noticiasaldiayalahora.co\/wp-content\/uploads\/2024\/06\/accidente-falcon-zulia.jpg?resize=373%2C210&amp;ssl=1 373w, https:\/\/i0.wp.com\/noticiasaldiayalahora.co\/wp-content\/uploads\/2024\/06\/accidente-falcon-zulia.jpg?resize=120%2C67&amp;ssl=1 120w\" sizes=\"(max-width: 777px) 100vw, 777px\"\/><\/div>\n<p class=\"entry-meta\">\n<span class=\"entry-meta-author vcard author\">Por: <a class=\"fn\" href=\"https:\/\/noticiasaldiayalahora.co\/author\/noticias\/\" target=\"_blank\" rel=\"noopener\">AL D\u00eda y a la Hora | @Notidiahora<\/a><\/span><br \/>\n<span class=\"entry-meta-date updated\">14 junio, 2024<\/span>\n<\/p>\n<div class=\"entry-content clearfix\">\n<p>Despu\u00e9s del tr\u00e1gico accidente registrado la ma\u00f1ana de este viernes tras el desplome del puente Cocuiza en la carretera Falc\u00f3n-Zulia, donde una persona perdi\u00f3 la vida y otras tres resultaron heridas, las autoridades lograron identificar a las v\u00edctimas de este lamentable suceso.<\/p>\n<p>Seg\u00fan los organismos de seguridad, la persona fallecida fue identificada como Claudia Godoy, quien se iba a bordo de una camioneta blanca de la empresa de telecomunicaciones Airtek, donde laboraba como abogada.<\/p>\n<p>La informaci\u00f3n fue confirmada por la empresa, que a trav\u00e9s de un comunicado en sus redes sociales, donde expres\u00f3 sus condolencias a los familiares de la v\u00edctima.<\/p>\n<p>\u00abAdscrita a Consultor\u00eda Jur\u00eddica Sede Administrativa Maracaibo. Transmitimos nuestras m\u00e1s sinceras condolencias y nuestro respaldo a sus familiares y amigos en estos momentos de gran tristeza\u00bb, reza el escrito.<\/p>\n<p><a href=\"https:\/\/i0.wp.com\/noticiasaldiayalahora.co\/wp-content\/uploads\/2024\/06\/nota-luctuosa-Airtek.png?ssl=1\" target=\"_blank\" rel=\"noopener\"><img loading=\"lazy\" decoding=\"async\" class=\"alignnone size-large wp-image-530726\" src=\"https:\/\/i0.wp.com\/noticiasaldiayalahora.co\/wp-content\/uploads\/2024\/06\/nota-luctuosa-Airtek.png?resize=1024%2C737&amp;ssl=1\" alt=\"\" width=\"1024\" height=\"737\" srcset=\"https:\/\/i0.wp.com\/noticiasaldiayalahora.co\/wp-content\/uploads\/2024\/06\/nota-luctuosa-Airtek.png?resize=1024%2C737&amp;ssl=1 1024w, https:\/\/i0.wp.com\/noticiasaldiayalahora.co\/wp-content\/uploads\/2024\/06\/nota-luctuosa-Airtek.png?resize=300%2C216&amp;ssl=1 300w, https:\/\/i0.wp.com\/noticiasaldiayalahora.co\/wp-content\/uploads\/2024\/06\/nota-luctuosa-Airtek.png?resize=768%2C553&amp;ssl=1 768w, https:\/\/i0.wp.com\/noticiasaldiayalahora.co\/wp-content\/uploads\/2024\/06\/nota-luctuosa-Airtek.png?w=1080&amp;ssl=1 1080w\" sizes=\"auto, (max-width: 1000px) 100vw, 1000px\" data-recalc-dims=\"1\"\/><\/a><\/p>\n<p>Por su parte, los lesionados fueron identificados como Joel Albarr\u00e1n, Alexander Villalobos y Rafael Ram\u00edrez, quienes fueron trasladados por oficiales de la Zona para la Defensa Integral (Zoedan) a diferentes centros asistenciales. El colapso ocurri\u00f3 a las 6:40 de la ma\u00f1ana aproximadamente.<\/p>\n<p>El viceministro para la Gesti\u00f3n de Riesgo y Protecci\u00f3n Civil, Carlos P\u00e9rez Ampueda, se\u00f1al\u00f3 que el suceso se registr\u00f3 en el sector La Cooperativa entre el municipio Mauroa (Falc\u00f3n) y la zona de La Raya (Zulia), espec\u00edficamente en el puente de la Troncal 3.<\/p>\n<p>El tr\u00e1nsito en la zona se desvi\u00f3 hacia una v\u00eda alterna que va paralela a la tuber\u00eda de Pdvsa conocida como La Williams.<\/p>\n<p>Hasta el momento, las autoridades se mantienen en el sitio atendiendo la situaci\u00f3n.<\/p>\n<\/div>\n<\/div>\n<p><a href=\"https:\/\/noticiasaldiayalahora.co\/sucesos\/identificadas-las-victimas-del-puente-colapsado-en-la-carretera-falcon-zulia\/\" class=\" target=\" title=\"Identificadas las v\u00edctimas del puente colapsado en la carretera Falc\u00f3n\" target=\"_blank\" rel=\"noopener\">Ver fuente<\/a><\/p>\n","protected":false},"excerpt":{"rendered":"<p>Por: AL D\u00eda y a la Hora | @Notidiahora 14 junio, 2024 Despu\u00e9s del tr\u00e1gico accidente registrado la ma\u00f1ana de este viernes tras el desplome del puente Cocuiza en la carretera Falc\u00f3n-Zulia, donde una persona perdi\u00f3 la vida y otras tres resultaron heridas, las autoridades lograron identificar a las v\u00edctimas de este lamentable suceso. Seg\u00fan [&hellip;]<\/p>\n","protected":false},"author":2,"featured_media":6193,"comment_status":"open","ping_status":"closed","sticky":false,"template":"","format":"standard","meta":{"footnotes":""},"categories":[5],"tags":[],"class_list":["post-6192","post","type-post","status-publish","format-standard","has-post-thumbnail","hentry","category-sucesos"],"_links":{"self":[{"href":"https:\/\/enfoquenoticioso.com\/index.php?rest_route=\/wp\/v2\/posts\/6192","targetHints":{"allow":["GET"]}}],"collection":[{"href":"https:\/\/enfoquenoticioso.com\/index.php?rest_route=\/wp\/v2\/posts"}],"about":[{"href":"https:\/\/enfoquenoticioso.com\/index.php?rest_route=\/wp\/v2\/types\/post"}],"author":[{"embeddable":true,"href":"https:\/\/enfoquenoticioso.com\/index.php?rest_route=\/wp\/v2\/users\/2"}],"replies":[{"embeddable":true,"href":"https:\/\/enfoquenoticioso.com\/index.php?rest_route=%2Fwp%2Fv2%2Fcomments&post=6192"}],"version-history":[{"count":0,"href":"https:\/\/enfoquenoticioso.com\/index.php?rest_route=\/wp\/v2\/posts\/6192\/revisions"}],"wp:featuredmedia":[{"embeddable":true,"href":"https:\/\/enfoquenoticioso.com\/index.php?rest_route=\/wp\/v2\/media\/6193"}],"wp:attachment":[{"href":"https:\/\/enfoquenoticioso.com\/index.php?rest_route=%2Fwp%2Fv2%2Fmedia&parent=6192"}],"wp:term":[{"taxonomy":"category","embeddable":true,"href":"https:\/\/enfoquenoticioso.com\/index.php?rest_route=%2Fwp%2Fv2%2Fcategories&post=6192"},{"taxonomy":"post_tag","embeddable":true,"href":"https:\/\/enfoquenoticioso.com\/index.php?rest_route=%2Fwp%2Fv2%2Ftags&post=6192"}],"curies":[{"name":"wp","href":"https:\/\/api.w.org\/{rel}","templated":true}]}}