{"id":6411,"date":"2024-06-16T14:35:34","date_gmt":"2024-06-16T14:35:34","guid":{"rendered":"https:\/\/enfoquenoticioso.com\/actualidad\/guillermo-benzecry-responsabilidad-social-y-ambiental-una-prioridad-de-la-gestion-empresarial\/"},"modified":"2024-06-16T14:35:34","modified_gmt":"2024-06-16T14:35:34","slug":"guillermo-benzecry-responsabilidad-social-y-ambiental-una-prioridad-de-la-gestion-empresarial","status":"publish","type":"post","link":"https:\/\/enfoquenoticioso.com\/?p=6411","title":{"rendered":"Guillermo Benzecry: Responsabilidad social y ambiental: \u00a1Una prioridad de la gesti\u00f3n empresarial!"},"content":{"rendered":"<p><strong><em>DAT.-<\/em><\/strong> Una de las principales caracter\u00edsticas que definen al especialista en negocios venezolano <strong>Guillermo Benzecry<\/strong> es su enorme <strong>compromiso con la sostenibilidad ambiental y la responsabilidad social en el \u00e1mbito empresarial<\/strong>, el cual, a lo largo de sus m\u00e1s de diez a\u00f1os de trayectoria, ha ido m\u00e1s all\u00e1 de las simples palabras.<\/p>\n<p>Y es que, como l\u00edder empresarial que es, Benzecry ha tenido claro desde sus inicios que <strong>es de vital importancia el generar un impacto positivo tanto en la sociedad como en el medio ambiente<\/strong> a trav\u00e9s de todas y cada una de sus iniciativas comerciales.<\/p>\n<p>En ese sentido, en los \u00faltimos a\u00f1os el tambi\u00e9n analista y desarrollador ha impulsado una gran cantidad de <strong>iniciativas concretas especialmente dise\u00f1adas para contribuir directamente al bienestar<\/strong> de las comunidades menos favorecidas y, por supuesto, la preservaci\u00f3n de la ecolog\u00eda en el planeta.<\/p>\n<p>Esas iniciativas que ha liderado el empresario venezolano durante su carrera destacan por ser muy innovadoras, adem\u00e1s de por tener como claro objetivo el <strong>promover pr\u00e1cticas comerciales responsables<\/strong> y la <strong>adopci\u00f3n de tecnolog\u00edas sostenibles<\/strong>.<\/p>\n<p>Este apego del quehacer empresarial de Benzecry para con lo social y ambiental forma parte de su <strong>compromiso con la excelencia<\/strong>. En su b\u00fasqueda implacable de ella, el experto en negocios engloba m\u00faltiples aspectos que benefician su actividad y al sector en general, generando una sinergia que aspira a la perfecci\u00f3n en todo lo que emprende.<\/p>\n<\/p>\n<div id=\"ez-toc-container\" class=\"ez-toc-v2_0_81 counter-hierarchy ez-toc-counter ez-toc-grey ez-toc-container-direction\">\n<div class=\"ez-toc-title-container\">\n<p class=\"ez-toc-title\" style=\"cursor:inherit\">Tabla de Contenido<\/p>\n<span class=\"ez-toc-title-toggle\"><a href=\"#\" class=\"ez-toc-pull-right ez-toc-btn ez-toc-btn-xs ez-toc-btn-default ez-toc-toggle\" aria-label=\"Alternar tabla de contenidos\"><span class=\"ez-toc-js-icon-con\"><span class=\"\"><span class=\"eztoc-hide\" style=\"display:none;\">Toggle<\/span><span class=\"ez-toc-icon-toggle-span\"><svg style=\"fill: #999;color:#999\" xmlns=\"http:\/\/www.w3.org\/2000\/svg\" class=\"list-377408\" width=\"20px\" height=\"20px\" viewBox=\"0 0 24 24\" fill=\"none\"><path d=\"M6 6H4v2h2V6zm14 0H8v2h12V6zM4 11h2v2H4v-2zm16 0H8v2h12v-2zM4 16h2v2H4v-2zm16 0H8v2h12v-2z\" fill=\"currentColor\"><\/path><\/svg><svg style=\"fill: #999;color:#999\" class=\"arrow-unsorted-368013\" xmlns=\"http:\/\/www.w3.org\/2000\/svg\" width=\"10px\" height=\"10px\" viewBox=\"0 0 24 24\" version=\"1.2\" baseProfile=\"tiny\"><path d=\"M18.2 9.3l-6.2-6.3-6.2 6.3c-.2.2-.3.4-.3.7s.1.5.3.7c.2.2.4.3.7.3h11c.3 0 .5-.1.7-.3.2-.2.3-.5.3-.7s-.1-.5-.3-.7zM5.8 14.7l6.2 6.3 6.2-6.3c.2-.2.3-.5.3-.7s-.1-.5-.3-.7c-.2-.2-.4-.3-.7-.3h-11c-.3 0-.5.1-.7.3-.2.2-.3.5-.3.7s.1.5.3.7z\"\/><\/svg><\/span><\/span><\/span><\/a><\/span><\/div>\n<nav><ul class='ez-toc-list ez-toc-list-level-1 ' ><ul class='ez-toc-list-level-5' ><li class='ez-toc-heading-level-5'><ul class='ez-toc-list-level-5' ><li class='ez-toc-heading-level-5'><ul class='ez-toc-list-level-5' ><li class='ez-toc-heading-level-5'><a class=\"ez-toc-link ez-toc-heading-1\" href=\"https:\/\/enfoquenoticioso.com\/?p=6411\/#LEA_TAMBIEN_Vision_e_innovacion_factores_claves_del_exito_del_empresario_venezolano_Guillermo_Benzecry\" >LEA TAMBI\u00c9N | Visi\u00f3n e innovaci\u00f3n, factores claves del \u00e9xito del empresario venezolano Guillermo Benzecry<\/a><\/li><\/ul><\/li><\/ul><\/li><\/ul><\/li><li class='ez-toc-page-1 ez-toc-heading-level-2'><a class=\"ez-toc-link ez-toc-heading-2\" href=\"https:\/\/enfoquenoticioso.com\/?p=6411\/#Dejando_huella_en_El_Hatillo_y_Baruta\" >Dejando huella en El Hatillo y Baruta<\/a><\/li><\/ul><\/nav><\/div>\n<h5 class=\"wp-block-heading\"><span class=\"ez-toc-section\" id=\"LEA_TAMBIEN_Vision_e_innovacion_factores_claves_del_exito_del_empresario_venezolano_Guillermo_Benzecry\"><\/span>LEA TAMBI\u00c9N | <a href=\"https:\/\/dateando.com\/reportero-dateando\/guillermo-benzecry-vision-e-innovacion-claves-del-exito-empresarial\/\" target=\"_blank\" rel=\"noopener\">Visi\u00f3n e innovaci\u00f3n, factores claves del \u00e9xito del empresario venezolano Guillermo Benzecry<\/a><span class=\"ez-toc-section-end\"><\/span><\/h5>\n<\/p>\n<h2 class=\"wp-block-heading\"><span class=\"ez-toc-section\" id=\"Dejando_huella_en_El_Hatillo_y_Baruta\"><\/span>Dejando huella en El Hatillo y Baruta<span class=\"ez-toc-section-end\"><\/span><\/h2>\n<p>La trayectoria empresarial de <strong><a href=\"https:\/\/dateando.com\/reportero-dateando\/empresario-venezolano-guillermo-benzecry-anuncia-apertura-de-oficina-en-florida\/\" data-type=\"link\" data-id=\"https:\/\/dateando.com\/reportero-dateando\/empresario-venezolano-guillermo-benzecry-anuncia-apertura-de-oficina-en-florida\/\" target=\"_blank\" rel=\"noopener\">Guillermo Andr\u00e9s Benzecry Izaguirre<\/a><\/strong> abarca mucho m\u00e1s de una d\u00e9cada tanto a nivel nacional como en el escenario internacional. En Venezuela, su labor experta y sus emprendimientos no solo han contribuido al desarrollo econ\u00f3mico y comercial del pa\u00eds, sino que le ha permitido <strong>aportar un granito de arena a favor de la comunidad<\/strong>.<\/p>\n<p>Un buen ejemplo de esto es el trabajo realizado por el especialista en las alcald\u00edas de <strong>El Hatillo y Baruta<\/strong>, en la Gran Caracas.<\/p>\n<p>Y es que <strong>Benzecry asisti\u00f3 a las autoridades de ambos municipios en el an\u00e1lisis y desarrollo de un gran proyecto<\/strong>, realizando un diagn\u00f3stico integral de la totalidad de las instituciones educativas p\u00fablicas de estas localidades con el objetivo de identificar sus necesidades m\u00e1s importantes en materia de infraestructura, implementos y suministros.<\/p>\n<p>El proyecto <strong>permiti\u00f3 que el sector de la educaci\u00f3n p\u00fablica mejorara exponencialmente<\/strong> en ambas jurisdicciones, con los sistemas que se desarrollaron a trav\u00e9s de esta iniciativa manteni\u00e9ndose operativos y dando resultados positivos.<\/p>\n<p>Por esta labor, <strong>Benzecry recibi\u00f3 varios reconocimientos y proclamas por parte de las autoridades de El Hatillo y Baruta<\/strong>, los cuales validan su compromiso en construir un entorno empresarial que sea capaz de contribuir directamente al bienestar de la sociedad y al mantenimiento del medio ambiente.<\/p>\n<p><strong><em>(Con informaci\u00f3n de Guillermo Benzecry)<\/em><\/strong><\/p>\n<p>&lt;p&gt;The post <a rel=\"nofollow noopener\" href=\"https:\/\/dateando.com\/reportero-dateando\/guillermo-benzecry-responsabilidad-social-y-ambiental-prioridad-de-la-gestion-empresarial\/\" target=\"_blank\">Guillermo Benzecry: Responsabilidad social y ambiental: \u00a1Una prioridad de la gesti\u00f3n empresarial!<\/a> first appeared on <a rel=\"nofollow noopener\" href=\"https:\/\/dateando.com\" target=\"_blank\">Dateando<\/a>.&lt;\/p&gt;<\/p>\n<p><a href=\"https:\/\/dateando.com\/reportero-dateando\/guillermo-benzecry-responsabilidad-social-y-ambiental-prioridad-de-la-gestion-empresarial\/\" class=\" target=\" title=\"Guillermo Benzecry: Responsabilidad social y ambiental: \u00a1Una prioridad de la gesti\u00f3n empresarial!\" target=\"_blank\" rel=\"noopener\">Ver fuente<\/a><\/p>\n","protected":false},"excerpt":{"rendered":"<p>DAT.- Una de las principales caracter\u00edsticas que definen al especialista en negocios venezolano Guillermo Benzecry es su enorme compromiso con la sostenibilidad ambiental y la responsabilidad social en el \u00e1mbito empresarial, el cual, a lo largo de sus m\u00e1s de diez a\u00f1os de trayectoria, ha ido m\u00e1s all\u00e1 de las simples palabras. Y es que, [&hellip;]<\/p>\n","protected":false},"author":2,"featured_media":6412,"comment_status":"open","ping_status":"closed","sticky":false,"template":"","format":"standard","meta":{"footnotes":""},"categories":[11],"tags":[],"class_list":["post-6411","post","type-post","status-publish","format-standard","has-post-thumbnail","hentry","category-actualidad"],"_links":{"self":[{"href":"https:\/\/enfoquenoticioso.com\/index.php?rest_route=\/wp\/v2\/posts\/6411","targetHints":{"allow":["GET"]}}],"collection":[{"href":"https:\/\/enfoquenoticioso.com\/index.php?rest_route=\/wp\/v2\/posts"}],"about":[{"href":"https:\/\/enfoquenoticioso.com\/index.php?rest_route=\/wp\/v2\/types\/post"}],"author":[{"embeddable":true,"href":"https:\/\/enfoquenoticioso.com\/index.php?rest_route=\/wp\/v2\/users\/2"}],"replies":[{"embeddable":true,"href":"https:\/\/enfoquenoticioso.com\/index.php?rest_route=%2Fwp%2Fv2%2Fcomments&post=6411"}],"version-history":[{"count":0,"href":"https:\/\/enfoquenoticioso.com\/index.php?rest_route=\/wp\/v2\/posts\/6411\/revisions"}],"wp:featuredmedia":[{"embeddable":true,"href":"https:\/\/enfoquenoticioso.com\/index.php?rest_route=\/wp\/v2\/media\/6412"}],"wp:attachment":[{"href":"https:\/\/enfoquenoticioso.com\/index.php?rest_route=%2Fwp%2Fv2%2Fmedia&parent=6411"}],"wp:term":[{"taxonomy":"category","embeddable":true,"href":"https:\/\/enfoquenoticioso.com\/index.php?rest_route=%2Fwp%2Fv2%2Fcategories&post=6411"},{"taxonomy":"post_tag","embeddable":true,"href":"https:\/\/enfoquenoticioso.com\/index.php?rest_route=%2Fwp%2Fv2%2Ftags&post=6411"}],"curies":[{"name":"wp","href":"https:\/\/api.w.org\/{rel}","templated":true}]}}