{"id":6527,"date":"2024-06-17T07:29:17","date_gmt":"2024-06-17T07:29:17","guid":{"rendered":"https:\/\/enfoquenoticioso.com\/actualidad\/aseinc-beneficiaria-del-programa-un-gesto-solidario-en-junio\/"},"modified":"2024-06-17T07:29:17","modified_gmt":"2024-06-17T07:29:17","slug":"aseinc-beneficiaria-del-programa-un-gesto-solidario-en-junio","status":"publish","type":"post","link":"https:\/\/enfoquenoticioso.com\/?p=6527","title":{"rendered":"ASEINC\u2026 \u00a1Beneficiaria del programa \u2018Un Gesto Solidario\u2019 en junio!"},"content":{"rendered":"<div>\n<p><strong><em>DAT.-<\/em><\/strong> La <strong><a href=\"https:\/\/www.instagram.com\/trakifundacion\/\" data-type=\"link\" data-id=\"https:\/\/www.instagram.com\/trakifundacion\/\" target=\"_blank\" rel=\"noopener\">Fundaci\u00f3n Traki<\/a><\/strong>, encabezada por su directora ejecutiva <strong>Alexandra Butler de Chambra<\/strong>, esposa de Antonio Chambra Brouri (presidente de Traki), anunci\u00f3 a trav\u00e9s de sus redes sociales que <strong>ASEINC<\/strong> (Asociaci\u00f3n para el Desarrollo de la Educaci\u00f3n Integral y Comunitaria) estar\u00e1 siendo la ONG beneficiada de su programa <strong>\u2018Un Gesto Solidario\u2019<\/strong> este mes de <strong>junio<\/strong>.<\/p>\n<p>\u2018Un Gesto Solidario\u2019 es una iniciativa a trav\u00e9s de la cual el brazo social del Grupo Traki aporta su granito de arena a las ONG aliadas, <strong>recaudando fondos a lo largo de todo un mes<\/strong> en las tiendas de la franquicia en el pa\u00eds, y <strong>entregando lo acumulado a una instituci\u00f3n amiga espec\u00edfica<\/strong> para que esta tenga insumos suficientes para desarrollar sus actividades en pro del bienestar social en Venezuela.<\/p>\n<p>Desde su creaci\u00f3n en 2009, <strong>ASEINC se ha dedicado a dise\u00f1ar, implementar y evaluar diversos programas educativos<\/strong> con el fin de reducir la brecha educativa y garantizar la calidad de la educaci\u00f3n para ni\u00f1os, ni\u00f1as y adolescentes en situaci\u00f3n de vulnerabilidad, protegiendo as\u00ed sus derechos fundamentales.<\/p>\n<p>Los programas educativos de ASEINC se desarrollan en <strong>dos modalidades<\/strong> distintas:<\/p>\n<ul class=\"wp-block-list\">\n<li>Cuando se implementan en escuelas, la organizaci\u00f3n se comunica directamente con las autoridades educativas a nivel local y nacional.<\/li>\n<li>Por otro lado, si el programa est\u00e1 destinado a beneficiar a una comunidad espec\u00edfica, establece alianzas estrat\u00e9gicas con l\u00edderes comunitarios y autoridades locales y regionales.<\/li>\n<\/ul>\n<p>Los programas educativos de ASEINC se centran en el desarrollo de habilidades como <strong>lectoescritura y matem\u00e1ticas<\/strong>, adem\u00e1s de enfocarse en la protecci\u00f3n de la infancia. De esta manera, aseguran una mayor inclusi\u00f3n educativa en comunidades vulnerables.<\/p>\n<p>Para llevar a cabo su labor, una ONG no solo debe tener un objetivo claro, sino tambi\u00e9n contar con una <strong>serie de valores<\/strong> que la gu\u00eden en su d\u00eda a d\u00eda. En el caso de ASEINC, estos son los tres que marcan la diferencia:<\/p>\n<ul class=\"wp-block-list\">\n<li><strong>Creatividad:<\/strong> busca fomentar la imaginaci\u00f3n y la generaci\u00f3n de nuevas ideas.<\/li>\n<li><strong>Respeto:<\/strong> se mantienen receptivos a las opiniones de todas las personas involucradas en sus programas, trabajando juntos en pro del bien com\u00fan.<\/li>\n<li><strong>Solidaridad:<\/strong> Promueven la conexi\u00f3n y el apoyo mutuo con las personas a las que benefician, buscando alcanzar resultados positivos de manera conjunta.<\/li>\n<\/ul>\n<p>La <strong>Fundaci\u00f3n Traki invita entonces al p\u00fablico a unirse a ellos y apoyar la causa de ASEINC<\/strong> dejando una contribuci\u00f3n en la tienda Traki m\u00e1s cercana por todo este mes de junio. Solo basta con dirigirse a la zona de pagos e indicarles a los cajeros que se quiere realizar un aporte para la fundaci\u00f3n aliada de turno.<\/p>\n<blockquote class=\"wp-block-quote is-layout-flow wp-block-quote-is-layout-flow\">\n<p><a href=\"https:\/\/www.instagram.com\/p\/C8K2dJGPHMg\/?utm_source=ig_embed&amp;utm_campaign=loading\" target=\"_blank\" rel=\"noreferrer noopener\">Ver esta publicaci\u00f3n en Instagram<\/a><\/p>\n<p><a href=\"https:\/\/www.instagram.com\/p\/C8K2dJGPHMg\/?utm_source=ig_embed&amp;utm_campaign=loading\" target=\"_blank\" rel=\"noreferrer noopener\">Una publicaci\u00f3n compartida por Fundaci\u00f3n Traki (@trakifundacion)<\/a><\/p>\n<\/blockquote>\n<div id=\"ez-toc-container\" class=\"ez-toc-v2_0_81 counter-hierarchy ez-toc-counter ez-toc-grey ez-toc-container-direction\">\n<div class=\"ez-toc-title-container\">\n<p class=\"ez-toc-title\" style=\"cursor:inherit\">Tabla de Contenido<\/p>\n<span class=\"ez-toc-title-toggle\"><a href=\"#\" class=\"ez-toc-pull-right ez-toc-btn ez-toc-btn-xs ez-toc-btn-default ez-toc-toggle\" aria-label=\"Alternar tabla de contenidos\"><span class=\"ez-toc-js-icon-con\"><span class=\"\"><span class=\"eztoc-hide\" style=\"display:none;\">Toggle<\/span><span class=\"ez-toc-icon-toggle-span\"><svg style=\"fill: #999;color:#999\" xmlns=\"http:\/\/www.w3.org\/2000\/svg\" class=\"list-377408\" width=\"20px\" height=\"20px\" viewBox=\"0 0 24 24\" fill=\"none\"><path d=\"M6 6H4v2h2V6zm14 0H8v2h12V6zM4 11h2v2H4v-2zm16 0H8v2h12v-2zM4 16h2v2H4v-2zm16 0H8v2h12v-2z\" fill=\"currentColor\"><\/path><\/svg><svg style=\"fill: #999;color:#999\" class=\"arrow-unsorted-368013\" xmlns=\"http:\/\/www.w3.org\/2000\/svg\" width=\"10px\" height=\"10px\" viewBox=\"0 0 24 24\" version=\"1.2\" baseProfile=\"tiny\"><path d=\"M18.2 9.3l-6.2-6.3-6.2 6.3c-.2.2-.3.4-.3.7s.1.5.3.7c.2.2.4.3.7.3h11c.3 0 .5-.1.7-.3.2-.2.3-.5.3-.7s-.1-.5-.3-.7zM5.8 14.7l6.2 6.3 6.2-6.3c.2-.2.3-.5.3-.7s-.1-.5-.3-.7c-.2-.2-.4-.3-.7-.3h-11c-.3 0-.5.1-.7.3-.2.2-.3.5-.3.7s.1.5.3.7z\"\/><\/svg><\/span><\/span><\/span><\/a><\/span><\/div>\n<nav><ul class='ez-toc-list ez-toc-list-level-1 ' ><li class='ez-toc-page-1 ez-toc-heading-level-2'><a class=\"ez-toc-link ez-toc-heading-1\" href=\"https:\/\/enfoquenoticioso.com\/?p=6527\/#De_la_Fundacion_Traki_y_%E2%80%98Un_Gesto_Solidario\" >De la Fundaci\u00f3n Traki y \u2018Un Gesto Solidario\u2019<\/a><ul class='ez-toc-list-level-5' ><li class='ez-toc-heading-level-5'><ul class='ez-toc-list-level-5' ><li class='ez-toc-heading-level-5'><ul class='ez-toc-list-level-5' ><li class='ez-toc-heading-level-5'><a class=\"ez-toc-link ez-toc-heading-2\" href=\"https:\/\/enfoquenoticioso.com\/?p=6527\/#LEA_TAMBIEN_Fundacion_Traki_%E2%80%98Nina_Madre_es_la_ONG_beneficiaria_de_%E2%80%98Un_Gesto_Solidario_en_mayo\" >LEA TAMBI\u00c9N | Fundaci\u00f3n Traki | \u2018Ni\u00f1a Madre\u2019 es la ONG beneficiaria de \u2018Un Gesto Solidario\u2019 en mayo<\/a><\/li><\/ul><\/li><\/ul><\/li><\/ul><\/li><\/ul><\/nav><\/div>\n<h2 class=\"wp-block-heading\"><span class=\"ez-toc-section\" id=\"De_la_Fundacion_Traki_y_%E2%80%98Un_Gesto_Solidario\"><\/span><span id=\"De_la_Fundacion_Traki_y_Un_Gesto_Solidario\">De la Fundaci\u00f3n Traki y \u2018Un Gesto Solidario\u2019<\/span><span class=\"ez-toc-section-end\"><\/span><\/h2>\n<p>La <strong>Fundaci\u00f3n Traki es una organizaci\u00f3n sin fines de lucro nacida en 2019 para fungir como el brazo ejecutor de los programas de Responsabilidad Social Empresarial de la cadena de Tiendas Traki<\/strong>, teniendo como objetivo el abogar por el bienestar de la poblaci\u00f3n m\u00e1s vulnerable del pa\u00eds a trav\u00e9s de acciones directas y, sobre todo, el apoyo a otras organizaciones no gubernamentales (ONG).<\/p>\n<h5 class=\"wp-block-heading\"><span class=\"ez-toc-section\" id=\"LEA_TAMBIEN_Fundacion_Traki_%E2%80%98Nina_Madre_es_la_ONG_beneficiaria_de_%E2%80%98Un_Gesto_Solidario_en_mayo\"><\/span><span id=\"LEA_TAMBIEN_Fundacion_Traki_Nina_Madre_es_la_ONG_beneficiaria_de_Un_Gesto_Solidario_en_mayo\">LEA TAMBI\u00c9N | <a href=\"https:\/\/dateando.com\/reportero-dateando\/fundacion-traki-nina-madre-un-gesto-solidario-mayo\/\" target=\"_blank\" rel=\"noopener\">Fundaci\u00f3n Traki | \u2018Ni\u00f1a Madre\u2019 es la ONG beneficiaria de \u2018Un Gesto Solidario\u2019 en mayo<\/a><\/span><span class=\"ez-toc-section-end\"><\/span><\/h5>\n<p>Este prop\u00f3sito ha permitido que la Fundaci\u00f3n Traki cuente con <strong>m\u00e1s de 40 alianzas construidas con organizaciones sin fines de lucro en todo el pa\u00eds<\/strong>, lo cual le ha permitido alcanzar hitos tales como: presencia en 19 estados de Venezuela; 223.332 ni\u00f1os, ni\u00f1as, adolescentes y j\u00f3venes beneficiados; 3.724 representantes y docentes; y 139.022 personas beneficiadas de forma indirecta.<\/p>\n<p><strong><em>(Con informaci\u00f3n de Fundaci\u00f3n Traki)<\/em><\/strong><\/p>\n<\/p><\/div>\n<p><script async src=\"\/\/www.instagram.com\/embed.js\"><\/script><br \/>\n<br \/><a href=\"https:\/\/dateando.com\/reportero-dateando\/fundacion-traki-aseinc-un-gesto-solidario-junio\/\" class=\" target=\" title=\"ASEINC\u2026 \u00a1Beneficiaria del programa \u2018Un Gesto Solidario\u2019 en junio!\" target=\"_blank\" rel=\"noopener\">Ver fuente<\/a><\/p>\n","protected":false},"excerpt":{"rendered":"<p>DAT.- La Fundaci\u00f3n Traki, encabezada por su directora ejecutiva Alexandra Butler de Chambra, esposa de Antonio Chambra Brouri (presidente de Traki), anunci\u00f3 a trav\u00e9s de sus redes sociales que ASEINC (Asociaci\u00f3n para el Desarrollo de la Educaci\u00f3n Integral y Comunitaria) estar\u00e1 siendo la ONG beneficiada de su programa \u2018Un Gesto Solidario\u2019 este mes de junio. [&hellip;]<\/p>\n","protected":false},"author":2,"featured_media":6528,"comment_status":"open","ping_status":"closed","sticky":false,"template":"","format":"standard","meta":{"footnotes":""},"categories":[11],"tags":[],"class_list":["post-6527","post","type-post","status-publish","format-standard","has-post-thumbnail","hentry","category-actualidad"],"_links":{"self":[{"href":"https:\/\/enfoquenoticioso.com\/index.php?rest_route=\/wp\/v2\/posts\/6527","targetHints":{"allow":["GET"]}}],"collection":[{"href":"https:\/\/enfoquenoticioso.com\/index.php?rest_route=\/wp\/v2\/posts"}],"about":[{"href":"https:\/\/enfoquenoticioso.com\/index.php?rest_route=\/wp\/v2\/types\/post"}],"author":[{"embeddable":true,"href":"https:\/\/enfoquenoticioso.com\/index.php?rest_route=\/wp\/v2\/users\/2"}],"replies":[{"embeddable":true,"href":"https:\/\/enfoquenoticioso.com\/index.php?rest_route=%2Fwp%2Fv2%2Fcomments&post=6527"}],"version-history":[{"count":0,"href":"https:\/\/enfoquenoticioso.com\/index.php?rest_route=\/wp\/v2\/posts\/6527\/revisions"}],"wp:featuredmedia":[{"embeddable":true,"href":"https:\/\/enfoquenoticioso.com\/index.php?rest_route=\/wp\/v2\/media\/6528"}],"wp:attachment":[{"href":"https:\/\/enfoquenoticioso.com\/index.php?rest_route=%2Fwp%2Fv2%2Fmedia&parent=6527"}],"wp:term":[{"taxonomy":"category","embeddable":true,"href":"https:\/\/enfoquenoticioso.com\/index.php?rest_route=%2Fwp%2Fv2%2Fcategories&post=6527"},{"taxonomy":"post_tag","embeddable":true,"href":"https:\/\/enfoquenoticioso.com\/index.php?rest_route=%2Fwp%2Fv2%2Ftags&post=6527"}],"curies":[{"name":"wp","href":"https:\/\/api.w.org\/{rel}","templated":true}]}}