{"id":6556,"date":"2024-06-17T11:20:15","date_gmt":"2024-06-17T11:20:15","guid":{"rendered":"https:\/\/enfoquenoticioso.com\/internacionales\/el-padre-de-la-vicepresidenta-de-colombia-sufrio-un-atentado\/"},"modified":"2024-06-17T11:20:15","modified_gmt":"2024-06-17T11:20:15","slug":"el-padre-de-la-vicepresidenta-de-colombia-sufrio-un-atentado","status":"publish","type":"post","link":"https:\/\/enfoquenoticioso.com\/?p=6556","title":{"rendered":"El padre de la vicepresidenta de Colombia sufri\u00f3 un atentado"},"content":{"rendered":"<div>\n<p>El padre de la vicepresidenta colombiana, Francia M\u00e1rquez<strong>,<\/strong>\u00a0sufri\u00f3 un ataque armado este domingo en la ciudad de Jamund\u00ed.<span id=\"more-530854\"\/><\/p>\n<p>La Polic\u00eda comunic\u00f3 que Sigifredo M\u00e1rquez Trujillo viajaba en coche en compa\u00f1\u00eda de un menor de edad cuando alguien dispar\u00f3 cuatro veces contra el auto. Ambas personas \u201cse encuentran ilesas en la subestaci\u00f3n de Polic\u00eda Robles-Jamund\u00ed\u201d, inform\u00f3 el cuerpo. Reportan que el padre de la vicepresidenta fue evacuado por militares en helic\u00f3ptero a la ciudad de Cali.<\/p>\n<p>\u201cMe duele el coraz\u00f3n que justo en este d\u00eda hayan atentado contra mi padre. Informo que mi padre, junto a mi sobrino de 6 a\u00f1os y los dos hombres de protecci\u00f3n, sufrieron un atentado en la v\u00eda Su\u00e1rez-Cali, a la altura de Timba, afortunadamente salieron ilesos del ataque y se encuentran bien\u201d, escribi\u00f3 la vicepresidenta colombiana, agregando: \u201cManifiesto mi preocupaci\u00f3n por la seguridad en el Cauca, Valle del Cauca, en el municipio de Su\u00e1rez y el corregimiento de La Toma, as\u00ed como por la seguridad de mi comunidad y mi familia\u201d.<\/p>\n<p>Adem\u00e1s, M\u00e1rquez solicit\u00f3 a la Fiscal\u00eda iniciar investigaciones de lo ocurrido y orden\u00f3 al Ministerio de Defensa Nacional a tomar las medidas necesarias para fortalecer la presencia de las fuerzas militares y de Polic\u00eda en la regi\u00f3n. \u201cEn estos dif\u00edciles momentos hago un llamado a toda Colombia, a sumar los esfuerzos que sean necesarios para conducir nuestra sociedad a la paz. Si trabajamos en unidad podremos pasar esta p\u00e1gina de dolor y violencia\u201d, asever\u00f3 la funcionaria.<\/p>\n<p>El presidente colombiano, Gustavo Petro, tambi\u00e9n reaccion\u00f3 al incidente. \u201cUn abrazo de solidaridad para la vicepresidenta Francia M\u00e1rquez por el atentado contra su padre\u201d, expres\u00f3 el mandatario, que pidi\u00f3 a las autoridades \u201ciniciar las investigaciones pertinentes\u201d.<\/p>\n<p>RT<\/p>\n<blockquote class=\"twitter-tweet\" data-media-max-width=\"560\">\n<p dir=\"ltr\" lang=\"es\">Atentado contra el Padre de la Vicepresidenta de Colombia <a href=\"https:\/\/twitter.com\/FranciaMarquezM?ref_src=twsrc%5Etfw\" target=\"_blank\" rel=\"noopener\">@FranciaMarquezM<\/a><\/p>\n<p>Los hechos ocurrieron en el Corregimiento de Robles, zona rural del municipio de Jamund\u00ed. El veh\u00edculo fue impactado en 4 ocasiones<\/p>\n<p>Sigifredo M\u00e1rquez Trujillo est\u00e1 fuera de peligro <a href=\"https:\/\/t.co\/eNj8v1xaAr\">pic.twitter.com\/eNj8v1xaAr<\/a><\/p>\n<p>\u2014 Debates Televisi\u00f3n (@Debatestv) <a href=\"https:\/\/twitter.com\/Debatestv\/status\/1802457337891828111?ref_src=twsrc%5Etfw\" target=\"_blank\" rel=\"noopener\">June 16, 2024<\/a><\/p>\n<\/blockquote>\n<p>\u00a0<\/p>\n<\/div>\n<p><script async src=\"\/\/platform.twitter.com\/widgets.js\" charset=\"utf-8\"><\/script><br \/>\n<br \/><a href=\"https:\/\/noticiasaldiayalahora.co\/internacionales\/el-padre-de-la-vicepresidenta-de-colombia-sufrio-un-atentado\/\" class=\" target=\" title=\"El padre de la vicepresidenta de Colombia sufri\u00f3 un atentado\" target=\"_blank\" rel=\"noopener\">Ver fuente<\/a><\/p>\n","protected":false},"excerpt":{"rendered":"<p>El padre de la vicepresidenta colombiana, Francia M\u00e1rquez,\u00a0sufri\u00f3 un ataque armado este domingo en la ciudad de Jamund\u00ed. La Polic\u00eda comunic\u00f3 que Sigifredo M\u00e1rquez Trujillo viajaba en coche en compa\u00f1\u00eda de un menor de edad cuando alguien dispar\u00f3 cuatro veces contra el auto. Ambas personas \u201cse encuentran ilesas en la subestaci\u00f3n de Polic\u00eda Robles-Jamund\u00ed\u201d, inform\u00f3 [&hellip;]<\/p>\n","protected":false},"author":2,"featured_media":6557,"comment_status":"open","ping_status":"closed","sticky":false,"template":"","format":"standard","meta":{"footnotes":""},"categories":[6],"tags":[],"class_list":["post-6556","post","type-post","status-publish","format-standard","has-post-thumbnail","hentry","category-internacionales"],"_links":{"self":[{"href":"https:\/\/enfoquenoticioso.com\/index.php?rest_route=\/wp\/v2\/posts\/6556","targetHints":{"allow":["GET"]}}],"collection":[{"href":"https:\/\/enfoquenoticioso.com\/index.php?rest_route=\/wp\/v2\/posts"}],"about":[{"href":"https:\/\/enfoquenoticioso.com\/index.php?rest_route=\/wp\/v2\/types\/post"}],"author":[{"embeddable":true,"href":"https:\/\/enfoquenoticioso.com\/index.php?rest_route=\/wp\/v2\/users\/2"}],"replies":[{"embeddable":true,"href":"https:\/\/enfoquenoticioso.com\/index.php?rest_route=%2Fwp%2Fv2%2Fcomments&post=6556"}],"version-history":[{"count":0,"href":"https:\/\/enfoquenoticioso.com\/index.php?rest_route=\/wp\/v2\/posts\/6556\/revisions"}],"wp:featuredmedia":[{"embeddable":true,"href":"https:\/\/enfoquenoticioso.com\/index.php?rest_route=\/wp\/v2\/media\/6557"}],"wp:attachment":[{"href":"https:\/\/enfoquenoticioso.com\/index.php?rest_route=%2Fwp%2Fv2%2Fmedia&parent=6556"}],"wp:term":[{"taxonomy":"category","embeddable":true,"href":"https:\/\/enfoquenoticioso.com\/index.php?rest_route=%2Fwp%2Fv2%2Fcategories&post=6556"},{"taxonomy":"post_tag","embeddable":true,"href":"https:\/\/enfoquenoticioso.com\/index.php?rest_route=%2Fwp%2Fv2%2Ftags&post=6556"}],"curies":[{"name":"wp","href":"https:\/\/api.w.org\/{rel}","templated":true}]}}