{"id":6570,"date":"2024-06-17T12:47:02","date_gmt":"2024-06-17T12:47:02","guid":{"rendered":"https:\/\/enfoquenoticioso.com\/sucesos\/detienen-a-un-venezolano-en-brasil-por-torturar-y-matar-a-su-hijastro-de-2-anos\/"},"modified":"2024-06-17T12:47:02","modified_gmt":"2024-06-17T12:47:02","slug":"detienen-a-un-venezolano-en-brasil-por-torturar-y-matar-a-su-hijastro-de-2-anos","status":"publish","type":"post","link":"https:\/\/enfoquenoticioso.com\/?p=6570","title":{"rendered":"Detienen a un venezolano en Brasil por torturar y matar a su hijastro de 2 a\u00f1os"},"content":{"rendered":"<div id=\"post-530857\">\n<div class=\"entry-thumbnail\">\n<img width=\"768\" height=\"437\" src=\"https:\/\/i0.wp.com\/noticiasaldiayalahora.co\/wp-content\/uploads\/2020\/05\/Presos.jpg?resize=768%2C437&amp;ssl=1\" class=\"attachment-content-single size-content-single wp-post-image\" alt=\"\" decoding=\"async\" fetchpriority=\"high\" srcset=\"https:\/\/i0.wp.com\/noticiasaldiayalahora.co\/wp-content\/uploads\/2020\/05\/Presos.jpg?resize=768%2C437&amp;ssl=1 768w, https:\/\/i0.wp.com\/noticiasaldiayalahora.co\/wp-content\/uploads\/2020\/05\/Presos.jpg?resize=180%2C101&amp;ssl=1 180w, https:\/\/i0.wp.com\/noticiasaldiayalahora.co\/wp-content\/uploads\/2020\/05\/Presos.jpg?resize=120%2C67&amp;ssl=1 120w\" sizes=\"(max-width: 768px) 100vw, 768px\"\/><\/div>\n<p class=\"entry-meta\">\n<span class=\"entry-meta-author vcard author\">Por: <a class=\"fn\" href=\"https:\/\/noticiasaldiayalahora.co\/author\/redaccion\/\" target=\"_blank\" rel=\"noopener\">Redacci\u00f3n Noticias al Dia y a la Hora<\/a><\/span><br \/>\n<span class=\"entry-meta-date updated\">17 junio, 2024<\/span>\n<\/p>\n<div class=\"entry-content clearfix\">\n<p>Un venezolano fue detenido en Brasil por la Polic\u00eda Federal el pasado s\u00e1bado por supuestamente haber cometido el delito de tortura que result\u00f3 en la muerte de su hijastro de dos a\u00f1os de edad, informaron fuentes oficiales.<span id=\"more-530857\"\/><\/p>\n<p>La prisi\u00f3n preventiva del sospechoso tuvo lugar en la ciudad de Pacaraima, en la frontera con Venezuela. All\u00ed pretend\u00eda fugarse pr\u00f3ximamente, seg\u00fan se\u00f1al\u00f3 la Polic\u00eda Federal de Brasil en un comunicado.<\/p>\n<p>El hombre estaba en la lista roja de la Interpol por presuntamente agredir de forma grave a su hijastro. El hecho ocurri\u00f3 el pasado mes de abril en la ciudad de Curitiba, situada en el sur del pa\u00eds, a unos 5.000 kil\u00f3metros de distancia de Pacaraima.<\/p>\n<div id=\"ez-toc-container\" class=\"ez-toc-v2_0_81 counter-hierarchy ez-toc-counter ez-toc-grey ez-toc-container-direction\">\n<div class=\"ez-toc-title-container\">\n<p class=\"ez-toc-title\" style=\"cursor:inherit\">Tabla de Contenido<\/p>\n<span class=\"ez-toc-title-toggle\"><a href=\"#\" class=\"ez-toc-pull-right ez-toc-btn ez-toc-btn-xs ez-toc-btn-default ez-toc-toggle\" aria-label=\"Alternar tabla de contenidos\"><span class=\"ez-toc-js-icon-con\"><span class=\"\"><span class=\"eztoc-hide\" style=\"display:none;\">Toggle<\/span><span class=\"ez-toc-icon-toggle-span\"><svg style=\"fill: #999;color:#999\" xmlns=\"http:\/\/www.w3.org\/2000\/svg\" class=\"list-377408\" width=\"20px\" height=\"20px\" viewBox=\"0 0 24 24\" fill=\"none\"><path d=\"M6 6H4v2h2V6zm14 0H8v2h12V6zM4 11h2v2H4v-2zm16 0H8v2h12v-2zM4 16h2v2H4v-2zm16 0H8v2h12v-2z\" fill=\"currentColor\"><\/path><\/svg><svg style=\"fill: #999;color:#999\" class=\"arrow-unsorted-368013\" xmlns=\"http:\/\/www.w3.org\/2000\/svg\" width=\"10px\" height=\"10px\" viewBox=\"0 0 24 24\" version=\"1.2\" baseProfile=\"tiny\"><path d=\"M18.2 9.3l-6.2-6.3-6.2 6.3c-.2.2-.3.4-.3.7s.1.5.3.7c.2.2.4.3.7.3h11c.3 0 .5-.1.7-.3.2-.2.3-.5.3-.7s-.1-.5-.3-.7zM5.8 14.7l6.2 6.3 6.2-6.3c.2-.2.3-.5.3-.7s-.1-.5-.3-.7c-.2-.2-.4-.3-.7-.3h-11c-.3 0-.5.1-.7.3-.2.2-.3.5-.3.7s.1.5.3.7z\"\/><\/svg><\/span><\/span><\/span><\/a><\/span><\/div>\n<nav><ul class='ez-toc-list ez-toc-list-level-1 ' ><li class='ez-toc-page-1 ez-toc-heading-level-3'><a class=\"ez-toc-link ez-toc-heading-1\" href=\"https:\/\/enfoquenoticioso.com\/?p=6570\/#Detenido_en_Brasil_un_venezolano\" >Detenido en Brasil un venezolano<\/a><ul class='ez-toc-list-level-4' ><li class='ez-toc-heading-level-4'><a class=\"ez-toc-link ez-toc-heading-2\" href=\"https:\/\/enfoquenoticioso.com\/?p=6570\/#Sigue_al_canal_de_noticias_en_Whatsaap\" >Sigue al canal de noticias en Whatsaap\u00a0<\/a><\/li><\/ul><\/li><\/ul><\/nav><\/div>\n<h3><span class=\"ez-toc-section\" id=\"Detenido_en_Brasil_un_venezolano\"><\/span>Detenido en Brasil un venezolano<span class=\"ez-toc-section-end\"><\/span><\/h3>\n<p>El menor falleci\u00f3 d\u00edas despu\u00e9s en un hospital como consecuencia de \u00ablas m\u00faltiples agresiones causadas por el padrastro\u00bb, de acuerdo con la informaci\u00f3n oficial.<\/p>\n<p>A partir de ah\u00ed, la Polic\u00eda brasile\u00f1a realiz\u00f3 diversas diligencias y dio con el paradero del sospechoso en Pacaraima, en el estado de Roraima (norte), en la frontera con Venezuela, donde fue detenido.<\/p>\n<h4><span class=\"ez-toc-section\" id=\"Sigue_al_canal_de_noticias_en_Whatsaap\"><\/span><strong><a href=\"https:\/\/whatsapp.com\/channel\/0029VaDXFnLId7nFFiDdVI26?fbclid=IwAR1LnVJqcByTELJH4Ht086FYRmdx18pRnV7CrkzmTJ5JaLHYY0igukfL9Yk\" target=\"_blank\" rel=\"noopener\">Sigue al canal de noticias en Whatsaap\u00a0<\/a><\/strong><span class=\"ez-toc-section-end\"><\/span><\/h4>\n<\/div>\n<\/div>\n<p><a href=\"https:\/\/noticiasaldiayalahora.co\/sucesos\/detienen-a-un-venezolano-en-brasil-por-torturar-y-matar-a-su-hijastro-de-2-anos\/\" class=\" target=\" title=\"Detienen a un venezolano en Brasil por torturar y matar a su hijastro de 2 a\u00f1os\" target=\"_blank\" rel=\"noopener\">Ver fuente<\/a><\/p>\n","protected":false},"excerpt":{"rendered":"<p>Por: Redacci\u00f3n Noticias al Dia y a la Hora 17 junio, 2024 Un venezolano fue detenido en Brasil por la Polic\u00eda Federal el pasado s\u00e1bado por supuestamente haber cometido el delito de tortura que result\u00f3 en la muerte de su hijastro de dos a\u00f1os de edad, informaron fuentes oficiales. La prisi\u00f3n preventiva del sospechoso tuvo [&hellip;]<\/p>\n","protected":false},"author":2,"featured_media":3996,"comment_status":"open","ping_status":"closed","sticky":false,"template":"","format":"standard","meta":{"footnotes":""},"categories":[5],"tags":[],"class_list":["post-6570","post","type-post","status-publish","format-standard","has-post-thumbnail","hentry","category-sucesos"],"_links":{"self":[{"href":"https:\/\/enfoquenoticioso.com\/index.php?rest_route=\/wp\/v2\/posts\/6570","targetHints":{"allow":["GET"]}}],"collection":[{"href":"https:\/\/enfoquenoticioso.com\/index.php?rest_route=\/wp\/v2\/posts"}],"about":[{"href":"https:\/\/enfoquenoticioso.com\/index.php?rest_route=\/wp\/v2\/types\/post"}],"author":[{"embeddable":true,"href":"https:\/\/enfoquenoticioso.com\/index.php?rest_route=\/wp\/v2\/users\/2"}],"replies":[{"embeddable":true,"href":"https:\/\/enfoquenoticioso.com\/index.php?rest_route=%2Fwp%2Fv2%2Fcomments&post=6570"}],"version-history":[{"count":0,"href":"https:\/\/enfoquenoticioso.com\/index.php?rest_route=\/wp\/v2\/posts\/6570\/revisions"}],"wp:featuredmedia":[{"embeddable":true,"href":"https:\/\/enfoquenoticioso.com\/index.php?rest_route=\/wp\/v2\/media\/3996"}],"wp:attachment":[{"href":"https:\/\/enfoquenoticioso.com\/index.php?rest_route=%2Fwp%2Fv2%2Fmedia&parent=6570"}],"wp:term":[{"taxonomy":"category","embeddable":true,"href":"https:\/\/enfoquenoticioso.com\/index.php?rest_route=%2Fwp%2Fv2%2Fcategories&post=6570"},{"taxonomy":"post_tag","embeddable":true,"href":"https:\/\/enfoquenoticioso.com\/index.php?rest_route=%2Fwp%2Fv2%2Ftags&post=6570"}],"curies":[{"name":"wp","href":"https:\/\/api.w.org\/{rel}","templated":true}]}}