{"id":6577,"date":"2024-06-17T14:28:02","date_gmt":"2024-06-17T14:28:02","guid":{"rendered":"https:\/\/enfoquenoticioso.com\/actualidad\/fundacion-traki-punto-padel-acogio-torneo-a-beneficio-de-autismo-y-vida\/"},"modified":"2024-06-17T14:28:02","modified_gmt":"2024-06-17T14:28:02","slug":"fundacion-traki-punto-padel-acogio-torneo-a-beneficio-de-autismo-y-vida","status":"publish","type":"post","link":"https:\/\/enfoquenoticioso.com\/?p=6577","title":{"rendered":"Fundaci\u00f3n Traki | Punto P\u00e1del acogi\u00f3 torneo a beneficio de \u2018Autismo y Vida\u2019"},"content":{"rendered":"<div>\n<p><strong><em>DAT.-<\/em><\/strong> Las instalaciones de <strong>Punto P\u00e1del<\/strong>, ubicadas en el <strong>Centro Traki La Trinidad<\/strong>, acogieron entre el 7 y el 9 de junio un s\u00faper evento deportivo donde la solidaridad fue la principal protagonista. Se trat\u00f3 del primer <strong>torneo especial de p\u00e1del<\/strong> organizado por la <strong><a href=\"https:\/\/www.instagram.com\/trakifundacion\/\" data-type=\"link\" data-id=\"https:\/\/www.instagram.com\/trakifundacion\/\" target=\"_blank\" rel=\"noopener\">Fundaci\u00f3n Traki<\/a><\/strong> a beneficio de la <strong>Fundaci\u00f3n Autismo y Vida<\/strong>.<\/p>\n<p>Y es que en la Fundaci\u00f3n Traki, bajo el liderazgo de su directora ejecutiva <strong>Alexandra Butler de Chambra<\/strong>, esposa de Antonio Chambra Brouri (presidente de Traki), tienen muy presente su rol como <strong>entidad comprometida con las causas m\u00e1s nobles<\/strong> que ayudan a aportar en pro del bienestar de la poblaci\u00f3n m\u00e1s vulnerable del pa\u00eds.<\/p>\n<p>En ese sentido, los d\u00edas <strong>7, 8 y 9 de junio<\/strong> se congregaron en Punto P\u00e1del, que es un espacio que tiene la particularidad de contar con lo que son las primeras canchas indoor de p\u00e1del en Venezuela, diversas personas que, raqueta en mano, quisieron <strong>jugar por una buena causa<\/strong>.<\/p>\n<p>El torneo, cuya meta era <strong>concientizar a trav\u00e9s del deporte<\/strong>, disput\u00f3 choques en hasta cinco categor\u00edas: 4ta femenino, 5ta masculino, 5ta femenino, 6ta masculino y SUMA 8 mixto.<\/p>\n<div id=\"ez-toc-container\" class=\"ez-toc-v2_0_81 counter-hierarchy ez-toc-counter ez-toc-grey ez-toc-container-direction\">\n<div class=\"ez-toc-title-container\">\n<p class=\"ez-toc-title\" style=\"cursor:inherit\">Tabla de Contenido<\/p>\n<span class=\"ez-toc-title-toggle\"><a href=\"#\" class=\"ez-toc-pull-right ez-toc-btn ez-toc-btn-xs ez-toc-btn-default ez-toc-toggle\" aria-label=\"Alternar tabla de contenidos\"><span class=\"ez-toc-js-icon-con\"><span class=\"\"><span class=\"eztoc-hide\" style=\"display:none;\">Toggle<\/span><span class=\"ez-toc-icon-toggle-span\"><svg style=\"fill: #999;color:#999\" xmlns=\"http:\/\/www.w3.org\/2000\/svg\" class=\"list-377408\" width=\"20px\" height=\"20px\" viewBox=\"0 0 24 24\" fill=\"none\"><path d=\"M6 6H4v2h2V6zm14 0H8v2h12V6zM4 11h2v2H4v-2zm16 0H8v2h12v-2zM4 16h2v2H4v-2zm16 0H8v2h12v-2z\" fill=\"currentColor\"><\/path><\/svg><svg style=\"fill: #999;color:#999\" class=\"arrow-unsorted-368013\" xmlns=\"http:\/\/www.w3.org\/2000\/svg\" width=\"10px\" height=\"10px\" viewBox=\"0 0 24 24\" version=\"1.2\" baseProfile=\"tiny\"><path d=\"M18.2 9.3l-6.2-6.3-6.2 6.3c-.2.2-.3.4-.3.7s.1.5.3.7c.2.2.4.3.7.3h11c.3 0 .5-.1.7-.3.2-.2.3-.5.3-.7s-.1-.5-.3-.7zM5.8 14.7l6.2 6.3 6.2-6.3c.2-.2.3-.5.3-.7s-.1-.5-.3-.7c-.2-.2-.4-.3-.7-.3h-11c-.3 0-.5.1-.7.3-.2.2-.3.5-.3.7s.1.5.3.7z\"\/><\/svg><\/span><\/span><\/span><\/a><\/span><\/div>\n<nav><ul class='ez-toc-list ez-toc-list-level-1 ' ><li class='ez-toc-page-1 ez-toc-heading-level-5'><a class=\"ez-toc-link ez-toc-heading-1\" href=\"https:\/\/enfoquenoticioso.com\/?p=6577\/#LEA_TAMBIEN_Fundacion_Traki_ASEINC%E2%80%A6_%C2%A1Beneficiaria_del_programa_%E2%80%98Un_Gesto_Solidario_en_junio\" >LEA TAMBI\u00c9N | Fundaci\u00f3n Traki: ASEINC\u2026 \u00a1Beneficiaria del programa \u2018Un Gesto Solidario\u2019 en junio!<\/a><\/li><\/ul><\/nav><\/div>\n<h5 class=\"wp-block-heading\"><span class=\"ez-toc-section\" id=\"LEA_TAMBIEN_Fundacion_Traki_ASEINC%E2%80%A6_%C2%A1Beneficiaria_del_programa_%E2%80%98Un_Gesto_Solidario_en_junio\"><\/span>LEA TAMBI\u00c9N | <a href=\"https:\/\/dateando.com\/reportero-dateando\/fundacion-traki-aseinc-un-gesto-solidario-junio\/\" target=\"_blank\" rel=\"noopener\">Fundaci\u00f3n Traki: ASEINC\u2026 \u00a1Beneficiaria del programa \u2018Un Gesto Solidario\u2019 en junio!<\/a><span class=\"ez-toc-section-end\"><\/span><\/h5>\n<p><strong>Todo lo recaudado en el evento fue en beneficio de la Fundaci\u00f3n Autismo y Vida<\/strong>, la cual tiene como prop\u00f3sito el crear conciencia en pro del entendimiento y convivencia de las personas con esta condici\u00f3n y otras habilidades especiales.<\/p>\n<p>La Fundaci\u00f3n Traki, a trav\u00e9s de sus redes sociales, expres\u00f3 su agradecimiento a todos los participantes de la actividad: <strong>\u201cHoy queremos agradecer a todos aquellos que fueron parte del primer torneo de p\u00e1del de Autismo y Vida y Fundaci\u00f3n Traki. Gracias a ustedes el torneo fue un gran \u00e9xito\u201d<\/strong>.<\/p>\n<p>\u201cLo m\u00e1s importante es que juntos logramos recaudar fondos para crear la primera escuela para padres de ni\u00f1os con autismo en Venezuela\u201d, prosigui\u00f3, agregando: <strong>\u201cCon esta escuela brindaremos a los padres las herramientas y el conocimiento necesarios para apoyar a sus hijos en su desarrollo y crecimiento\u201d<\/strong>.<\/p>\n<blockquote class=\"wp-block-quote is-layout-flow wp-block-quote-is-layout-flow\">\n<p><a href=\"https:\/\/www.instagram.com\/reel\/C8IuWPFt6Hq\/?utm_source=ig_embed&amp;utm_campaign=loading\" target=\"_blank\" rel=\"noreferrer noopener\">Ver esta publicaci\u00f3n en Instagram<\/a><\/p>\n<p><a href=\"https:\/\/www.instagram.com\/reel\/C8IuWPFt6Hq\/?utm_source=ig_embed&amp;utm_campaign=loading\" target=\"_blank\" rel=\"noreferrer noopener\">Una publicaci\u00f3n compartida por Fundaci\u00f3n Traki (@trakifundacion)<\/a><\/p>\n<\/blockquote>\n<p><strong><em>(Con informaci\u00f3n de Fundaci\u00f3n Traki)<\/em><\/strong><\/p>\n<\/p><\/div>\n<p><script async src=\"\/\/www.instagram.com\/embed.js\"><\/script><br \/>\n<br \/><a href=\"https:\/\/dateando.com\/reportero-dateando\/fundacion-traki-punto-padel-torneo-benefico-autismo-y-vida\/\" class=\" target=\" title=\"Fundaci\u00f3n Traki | Punto P\u00e1del acogi\u00f3 torneo a beneficio de \u2018Autismo y Vida\u2019\" target=\"_blank\" rel=\"noopener\">Ver fuente<\/a><\/p>\n","protected":false},"excerpt":{"rendered":"<p>DAT.- Las instalaciones de Punto P\u00e1del, ubicadas en el Centro Traki La Trinidad, acogieron entre el 7 y el 9 de junio un s\u00faper evento deportivo donde la solidaridad fue la principal protagonista. Se trat\u00f3 del primer torneo especial de p\u00e1del organizado por la Fundaci\u00f3n Traki a beneficio de la Fundaci\u00f3n Autismo y Vida. Y [&hellip;]<\/p>\n","protected":false},"author":2,"featured_media":6578,"comment_status":"open","ping_status":"closed","sticky":false,"template":"","format":"standard","meta":{"footnotes":""},"categories":[11],"tags":[],"class_list":["post-6577","post","type-post","status-publish","format-standard","has-post-thumbnail","hentry","category-actualidad"],"_links":{"self":[{"href":"https:\/\/enfoquenoticioso.com\/index.php?rest_route=\/wp\/v2\/posts\/6577","targetHints":{"allow":["GET"]}}],"collection":[{"href":"https:\/\/enfoquenoticioso.com\/index.php?rest_route=\/wp\/v2\/posts"}],"about":[{"href":"https:\/\/enfoquenoticioso.com\/index.php?rest_route=\/wp\/v2\/types\/post"}],"author":[{"embeddable":true,"href":"https:\/\/enfoquenoticioso.com\/index.php?rest_route=\/wp\/v2\/users\/2"}],"replies":[{"embeddable":true,"href":"https:\/\/enfoquenoticioso.com\/index.php?rest_route=%2Fwp%2Fv2%2Fcomments&post=6577"}],"version-history":[{"count":0,"href":"https:\/\/enfoquenoticioso.com\/index.php?rest_route=\/wp\/v2\/posts\/6577\/revisions"}],"wp:featuredmedia":[{"embeddable":true,"href":"https:\/\/enfoquenoticioso.com\/index.php?rest_route=\/wp\/v2\/media\/6578"}],"wp:attachment":[{"href":"https:\/\/enfoquenoticioso.com\/index.php?rest_route=%2Fwp%2Fv2%2Fmedia&parent=6577"}],"wp:term":[{"taxonomy":"category","embeddable":true,"href":"https:\/\/enfoquenoticioso.com\/index.php?rest_route=%2Fwp%2Fv2%2Fcategories&post=6577"},{"taxonomy":"post_tag","embeddable":true,"href":"https:\/\/enfoquenoticioso.com\/index.php?rest_route=%2Fwp%2Fv2%2Ftags&post=6577"}],"curies":[{"name":"wp","href":"https:\/\/api.w.org\/{rel}","templated":true}]}}