{"id":6585,"date":"2024-06-17T16:09:35","date_gmt":"2024-06-17T16:09:35","guid":{"rendered":"https:\/\/enfoquenoticioso.com\/sucesos\/asesinaron-a-taxista-venezolano-en-bolivia-y-vendieron-su-carro-en-marketplace\/"},"modified":"2024-06-17T16:09:35","modified_gmt":"2024-06-17T16:09:35","slug":"asesinaron-a-taxista-venezolano-en-bolivia-y-vendieron-su-carro-en-marketplace","status":"publish","type":"post","link":"https:\/\/enfoquenoticioso.com\/?p=6585","title":{"rendered":"Asesinaron a taxista venezolano en Bolivia y vendieron su carro en Marketplace"},"content":{"rendered":"<div>\n<p>Delincuentes asesinaron el pasado lunes a Bernardo Pinilla Pe\u00f1a, un taxista venezolano que viv\u00eda en Bolivia y cuyo cuerpo fue hallado en unos matorrales del barrio Las Maras de la ciudadela Pampa de la Isla.<span id=\"more-530859\"\/><\/p>\n<p>De acuerdo al fiscal Daniel Ortu\u00f1o, el cuerpo sin vida de Pinilla, quien era oriundo del estado Trujillo, estaba maniatado y con signos de violencia alrededor de su cuello.<\/p>\n<p>Tras hac\u00e9rsele los ex\u00e1menes forenses, se determin\u00f3 que la causa de muerte fue por asfixia mec\u00e1nica.<\/p>\n<p>Sus homicidas escaparon con su veh\u00edculo, un Kia Soluto, que luego uniformados de la Direcci\u00f3n de Prevenci\u00f3n de Robo de Veh\u00edculos (Diprove) pudieron recuperar.<\/p>\n<p>Las autoridades encontraron el carro debido a que los victimarios lo pusieron en venta en Marketplace, plataforma de compra y venta de Facebook. All\u00ed ped\u00edan 5.200 d\u00f3lares por el autom\u00f3vil.<\/p>\n<p>Principales sospechoso sobre el asesinato del taxista<\/p>\n<p>Tras el asesinato del taxista venezolano las autoridades aprehendieron a Juli\u00e1n Urrego, un ciudadano colombiano y principal sospechoso del crimen. Por ende, lo enviaron al penal de Palmasola bajo prisi\u00f3n preventiva.<\/p>\n<p>Urrego enfrenta los delitos de robo agravado y asesinato. Por ende, se prev\u00e9 que pase unos 180 d\u00edas tras los barrotes mientras siguen las investigaciones.<\/p>\n<p>El colombiano no fue el \u00fanico sujeto detenido, rese\u00f1\u00f3 Red Uno. Los funcionarios policiales tambi\u00e9n arrestaron a Walter Facundo T.L., un argentino al que se le acusa de poner en venta el carro de la v\u00edctima.<\/p>\n<p>Una hip\u00f3tesis sugiere que los extranjeros cometieron el homicidio por una deuda que el taxista venezolano ten\u00eda con el colombiano.<\/p>\n<p>Este m\u00f3vil se maneja dado que los investigadores encontraron conversaciones en el celular del argentino con Urrego, donde hablan de tal deud.<\/p>\n<p>\u00abTienen ellos conversaciones del d\u00eda 12 de junio, es decir, descubrimos el hecho el d\u00eda 11, un d\u00eda posterior al d\u00eda que le quitaron la vida a esta persona de nacionalidad venezolana.<\/p>\n<p>El d\u00eda mi\u00e9rcoles 12, el coimputado de nacionalidad argentina le hace una conversaci\u00f3n a esta persona de nacionalidad colombiana dici\u00e9ndole que ya ten\u00eda el dinero\u00bb, precis\u00f3 Ortu\u00f1o.<\/p>\n<div id=\"ez-toc-container\" class=\"ez-toc-v2_0_81 counter-hierarchy ez-toc-counter ez-toc-grey ez-toc-container-direction\">\n<div class=\"ez-toc-title-container\">\n<p class=\"ez-toc-title\" style=\"cursor:inherit\">Tabla de Contenido<\/p>\n<span class=\"ez-toc-title-toggle\"><a href=\"#\" class=\"ez-toc-pull-right ez-toc-btn ez-toc-btn-xs ez-toc-btn-default ez-toc-toggle\" aria-label=\"Alternar tabla de contenidos\"><span class=\"ez-toc-js-icon-con\"><span class=\"\"><span class=\"eztoc-hide\" style=\"display:none;\">Toggle<\/span><span class=\"ez-toc-icon-toggle-span\"><svg style=\"fill: #999;color:#999\" xmlns=\"http:\/\/www.w3.org\/2000\/svg\" class=\"list-377408\" width=\"20px\" height=\"20px\" viewBox=\"0 0 24 24\" fill=\"none\"><path d=\"M6 6H4v2h2V6zm14 0H8v2h12V6zM4 11h2v2H4v-2zm16 0H8v2h12v-2zM4 16h2v2H4v-2zm16 0H8v2h12v-2z\" fill=\"currentColor\"><\/path><\/svg><svg style=\"fill: #999;color:#999\" class=\"arrow-unsorted-368013\" xmlns=\"http:\/\/www.w3.org\/2000\/svg\" width=\"10px\" height=\"10px\" viewBox=\"0 0 24 24\" version=\"1.2\" baseProfile=\"tiny\"><path d=\"M18.2 9.3l-6.2-6.3-6.2 6.3c-.2.2-.3.4-.3.7s.1.5.3.7c.2.2.4.3.7.3h11c.3 0 .5-.1.7-.3.2-.2.3-.5.3-.7s-.1-.5-.3-.7zM5.8 14.7l6.2 6.3 6.2-6.3c.2-.2.3-.5.3-.7s-.1-.5-.3-.7c-.2-.2-.4-.3-.7-.3h-11c-.3 0-.5.1-.7.3-.2.2-.3.5-.3.7s.1.5.3.7z\"\/><\/svg><\/span><\/span><\/span><\/a><\/span><\/div>\n<nav><ul class='ez-toc-list ez-toc-list-level-1 ' ><li class='ez-toc-page-1 ez-toc-heading-level-4'><a class=\"ez-toc-link ez-toc-heading-1\" href=\"https:\/\/enfoquenoticioso.com\/?p=6585\/#Sigue_al_canal_de_noticias_en_Whatsaap\" >Sigue al canal de noticias en Whatsaap\u00a0<\/a><\/li><\/ul><\/nav><\/div>\n<h4><span class=\"ez-toc-section\" id=\"Sigue_al_canal_de_noticias_en_Whatsaap\"><\/span><strong><a href=\"https:\/\/whatsapp.com\/channel\/0029VaDXFnLId7nFFiDdVI26?fbclid=IwAR1LnVJqcByTELJH4Ht086FYRmdx18pRnV7CrkzmTJ5JaLHYY0igukfL9Yk\" target=\"_blank\" rel=\"noopener\">Sigue al canal de noticias en Whatsaap\u00a0<\/a><\/strong><span class=\"ez-toc-section-end\"><\/span><\/h4>\n<\/div>\n<p><a href=\"https:\/\/noticiasaldiayalahora.co\/sucesos\/asesinaron-a-taxista-venezolano-en-bolivia-y-vendieron-su-carro-en-marketplace\/\" class=\" target=\" title=\"Asesinaron a taxista venezolano en Bolivia y vendieron su carro en Marketplace\" target=\"_blank\" rel=\"noopener\">Ver fuente<\/a><\/p>\n","protected":false},"excerpt":{"rendered":"<p>Delincuentes asesinaron el pasado lunes a Bernardo Pinilla Pe\u00f1a, un taxista venezolano que viv\u00eda en Bolivia y cuyo cuerpo fue hallado en unos matorrales del barrio Las Maras de la ciudadela Pampa de la Isla. De acuerdo al fiscal Daniel Ortu\u00f1o, el cuerpo sin vida de Pinilla, quien era oriundo del estado Trujillo, estaba maniatado [&hellip;]<\/p>\n","protected":false},"author":2,"featured_media":6586,"comment_status":"open","ping_status":"closed","sticky":false,"template":"","format":"standard","meta":{"footnotes":""},"categories":[5],"tags":[],"class_list":["post-6585","post","type-post","status-publish","format-standard","has-post-thumbnail","hentry","category-sucesos"],"_links":{"self":[{"href":"https:\/\/enfoquenoticioso.com\/index.php?rest_route=\/wp\/v2\/posts\/6585","targetHints":{"allow":["GET"]}}],"collection":[{"href":"https:\/\/enfoquenoticioso.com\/index.php?rest_route=\/wp\/v2\/posts"}],"about":[{"href":"https:\/\/enfoquenoticioso.com\/index.php?rest_route=\/wp\/v2\/types\/post"}],"author":[{"embeddable":true,"href":"https:\/\/enfoquenoticioso.com\/index.php?rest_route=\/wp\/v2\/users\/2"}],"replies":[{"embeddable":true,"href":"https:\/\/enfoquenoticioso.com\/index.php?rest_route=%2Fwp%2Fv2%2Fcomments&post=6585"}],"version-history":[{"count":0,"href":"https:\/\/enfoquenoticioso.com\/index.php?rest_route=\/wp\/v2\/posts\/6585\/revisions"}],"wp:featuredmedia":[{"embeddable":true,"href":"https:\/\/enfoquenoticioso.com\/index.php?rest_route=\/wp\/v2\/media\/6586"}],"wp:attachment":[{"href":"https:\/\/enfoquenoticioso.com\/index.php?rest_route=%2Fwp%2Fv2%2Fmedia&parent=6585"}],"wp:term":[{"taxonomy":"category","embeddable":true,"href":"https:\/\/enfoquenoticioso.com\/index.php?rest_route=%2Fwp%2Fv2%2Fcategories&post=6585"},{"taxonomy":"post_tag","embeddable":true,"href":"https:\/\/enfoquenoticioso.com\/index.php?rest_route=%2Fwp%2Fv2%2Ftags&post=6585"}],"curies":[{"name":"wp","href":"https:\/\/api.w.org\/{rel}","templated":true}]}}