{"id":6602,"date":"2024-06-17T19:30:29","date_gmt":"2024-06-17T19:30:29","guid":{"rendered":"https:\/\/enfoquenoticioso.com\/sucesos\/una-mujer-fue-asesinada-por-su-pareja-al-sur-de-valencia\/"},"modified":"2024-06-17T19:30:29","modified_gmt":"2024-06-17T19:30:29","slug":"una-mujer-fue-asesinada-por-su-pareja-al-sur-de-valencia","status":"publish","type":"post","link":"https:\/\/enfoquenoticioso.com\/?p=6602","title":{"rendered":"Una mujer fue asesinada por su pareja al sur de Valencia"},"content":{"rendered":"<div id=\"post-530888\">\n<div class=\"entry-thumbnail\">\n<img width=\"603\" height=\"437\" src=\"https:\/\/i0.wp.com\/noticiasaldiayalahora.co\/wp-content\/uploads\/2024\/06\/mujer-asesinada.webp?resize=603%2C437&amp;ssl=1\" class=\"attachment-content-single size-content-single wp-post-image\" alt=\"\" decoding=\"async\" fetchpriority=\"high\"\/><\/div>\n<p class=\"entry-meta\">\n<span class=\"entry-meta-author vcard author\">Por: <a class=\"fn\" href=\"https:\/\/noticiasaldiayalahora.co\/author\/noticias\/\" target=\"_blank\" rel=\"noopener\">AL D\u00eda y a la Hora | @Notidiahora<\/a><\/span><br \/>\n<span class=\"entry-meta-date updated\">17 junio, 2024<\/span>\n<\/p>\n<div class=\"entry-content clearfix\">\n<p>Cerca del mediod\u00eda del viernes fue encontrado el cad\u00e1ver de Elizabeth. Estaba en su apartamento, en la zona 2 de Ciudad Ch\u00e1vez, al sur de Valencia.<\/p>\n<p>Luego de regresar de clases, la hija de Elizabeth Esteves toc\u00f3 a la puerta del apartamento, pero nadie sali\u00f3, as\u00ed que decidi\u00f3 ingresar y se encontr\u00f3 con la escena.<\/p>\n<p>Se cree que la mujer haya tenido una discusi\u00f3n con su esposo, un cantante de m\u00fasica llanera, por lo que la golpe\u00f3 y asfixi\u00f3 hasta asesinarla.<\/p>\n<p>El cad\u00e1ver, que hall\u00f3 la ni\u00f1a de unos 12 a\u00f1os, estaba en un cuarto, envuelto en s\u00e1banas y con golpes. El presunto victimario hab\u00eda huido sin dejar rastro.<\/p>\n<p>Funcionarios del Cuerpo de Investigaciones Cient\u00edficas, Penales y Criminal\u00edsticas, Delegaci\u00f3n Municipal Valencia, llegaron al sitio para colectar evidencias y estar\u00edan tras la pista del femicida.<\/p>\n<p>\u00a0<\/p>\n<\/div>\n<\/div>\n<p><a href=\"https:\/\/noticiasaldiayalahora.co\/sucesos\/una-mujer-fue-asesinada-por-su-pareja-al-sur-de-valencia\/\" class=\" target=\" title=\"Una mujer fue asesinada por su pareja al sur de Valencia\" target=\"_blank\" rel=\"noopener\">Ver fuente<\/a><\/p>\n","protected":false},"excerpt":{"rendered":"<p>Por: AL D\u00eda y a la Hora | @Notidiahora 17 junio, 2024 Cerca del mediod\u00eda del viernes fue encontrado el cad\u00e1ver de Elizabeth. Estaba en su apartamento, en la zona 2 de Ciudad Ch\u00e1vez, al sur de Valencia. Luego de regresar de clases, la hija de Elizabeth Esteves toc\u00f3 a la puerta del apartamento, pero [&hellip;]<\/p>\n","protected":false},"author":2,"featured_media":6603,"comment_status":"open","ping_status":"closed","sticky":false,"template":"","format":"standard","meta":{"footnotes":""},"categories":[5],"tags":[],"class_list":["post-6602","post","type-post","status-publish","format-standard","has-post-thumbnail","hentry","category-sucesos"],"_links":{"self":[{"href":"https:\/\/enfoquenoticioso.com\/index.php?rest_route=\/wp\/v2\/posts\/6602","targetHints":{"allow":["GET"]}}],"collection":[{"href":"https:\/\/enfoquenoticioso.com\/index.php?rest_route=\/wp\/v2\/posts"}],"about":[{"href":"https:\/\/enfoquenoticioso.com\/index.php?rest_route=\/wp\/v2\/types\/post"}],"author":[{"embeddable":true,"href":"https:\/\/enfoquenoticioso.com\/index.php?rest_route=\/wp\/v2\/users\/2"}],"replies":[{"embeddable":true,"href":"https:\/\/enfoquenoticioso.com\/index.php?rest_route=%2Fwp%2Fv2%2Fcomments&post=6602"}],"version-history":[{"count":0,"href":"https:\/\/enfoquenoticioso.com\/index.php?rest_route=\/wp\/v2\/posts\/6602\/revisions"}],"wp:featuredmedia":[{"embeddable":true,"href":"https:\/\/enfoquenoticioso.com\/index.php?rest_route=\/wp\/v2\/media\/6603"}],"wp:attachment":[{"href":"https:\/\/enfoquenoticioso.com\/index.php?rest_route=%2Fwp%2Fv2%2Fmedia&parent=6602"}],"wp:term":[{"taxonomy":"category","embeddable":true,"href":"https:\/\/enfoquenoticioso.com\/index.php?rest_route=%2Fwp%2Fv2%2Fcategories&post=6602"},{"taxonomy":"post_tag","embeddable":true,"href":"https:\/\/enfoquenoticioso.com\/index.php?rest_route=%2Fwp%2Fv2%2Ftags&post=6602"}],"curies":[{"name":"wp","href":"https:\/\/api.w.org\/{rel}","templated":true}]}}