{"id":6726,"date":"2024-06-18T15:42:33","date_gmt":"2024-06-18T15:42:33","guid":{"rendered":"https:\/\/enfoquenoticioso.com\/internacionales\/putin-firma-una-resolucion-sobre-asociacion-estrategica-con-corea-del-norte\/"},"modified":"2024-06-18T15:42:33","modified_gmt":"2024-06-18T15:42:33","slug":"putin-firma-una-resolucion-sobre-asociacion-estrategica-con-corea-del-norte","status":"publish","type":"post","link":"https:\/\/enfoquenoticioso.com\/?p=6726","title":{"rendered":"Putin firma una resoluci\u00f3n sobre asociaci\u00f3n estrat\u00e9gica con Corea del Norte"},"content":{"rendered":"<div>\n<p>El presidente ruso, Vlad\u00edmir Putin, ha firmado una resoluci\u00f3n que da luz verde a la suscripci\u00f3n del Tratado de Asociaci\u00f3n Estrat\u00e9gica Integral con Corea del Norte.<\/p>\n<p>En el documento, el mandatario ordena \u00abaceptar la propuesta del Ministerio de Asuntos Exteriores de la Federaci\u00f3n de Rusia, acordada con los \u00f3rganos estatales federales y organizaciones interesados, sobre la firma del Tratado\u00bb, y autoriza a la Canciller\u00eda a \u00abintroducir modificaciones en el proyecto\u00bb del acuerdo en el curso de las negociaciones sobre su firma, \u00abque no sean de car\u00e1cter fundamental\u00bb.<\/p>\n<p>El presidente recomienda \u00abconsiderar conveniente\u00bb la firma del Tratado \u00abal m\u00e1s alto nivel\u00bb.<\/p>\n<p>La resoluci\u00f3n coincide con la visita de Estado de Putin a Corea del Norte, que se realiza del 18 al 19 de junio por invitaci\u00f3n del l\u00edder del pa\u00eds asi\u00e1tico, Kim Jong-un.<\/p>\n<p>La v\u00edspera, el asesor presidencial Yuri Ushakov precis\u00f3 que dicho acuerdo \u00abtambi\u00e9n se est\u00e1 preparando y, si se concreta, sustituir\u00e1 a los documentos fundamentales que se firmaron en 1961, en 2000 y en 2001\u00bb.<\/p>\n<p>Acerca de la visita, el funcionario cont\u00f3 que \u00abse prev\u00e9 una agenda muy apretada que incluye negociaciones en diversos formatos, incluidas conversaciones ampliadas e informales entre los dirigentes\u00bb.<\/p>\n<p>Seg\u00fan Ushakov, las partes abordar\u00e1n una amplia gama de temas en el marco de la cooperaci\u00f3n bilateral, como la econom\u00eda, la energ\u00eda, el transporte, la agricultura, las cuestiones de seguridad, as\u00ed como la colaboraci\u00f3n en los niveles regional e internacional.<\/p>\n<p>La \u00faltima vez que Putin visit\u00f3 Corea del Norte fue en el a\u00f1o 2000, durante su primer mandato presidencial, cuando el l\u00edder norcoreano era Kim Jong-il, padre del gobernante actual, que viaj\u00f3 a Rusia en 2001, 2002 y 2011.<\/p>\n<p>Por su parte, el actual l\u00edder norcoreano lleg\u00f3 a Rusia en abril de 2019 y en septiembre de 2023, cuando Kim Jong-un visit\u00f3 el cosm\u00f3dromo Vostochni, situado en la provincia de Amur, as\u00ed como varias plantas de ensamblaje de aviones, tanto militares como civiles, y un buque de guerra de la Flota rusa del Pac\u00edfico.<\/p>\n<p>Con informaci\u00f3n de RT.<\/p>\n<\/div>\n<p><a href=\"https:\/\/noticiasaldiayalahora.co\/internacionales\/putin-firma-una-resolucion-sobre-asociacion-estrategica-con-corea-del-norte\/\" class=\" target=\" title=\"Putin firma una resoluci\u00f3n sobre asociaci\u00f3n estrat\u00e9gica con Corea del Norte\" target=\"_blank\" rel=\"noopener\">Ver fuente<\/a><\/p>\n","protected":false},"excerpt":{"rendered":"<p>El presidente ruso, Vlad\u00edmir Putin, ha firmado una resoluci\u00f3n que da luz verde a la suscripci\u00f3n del Tratado de Asociaci\u00f3n Estrat\u00e9gica Integral con Corea del Norte. En el documento, el mandatario ordena \u00abaceptar la propuesta del Ministerio de Asuntos Exteriores de la Federaci\u00f3n de Rusia, acordada con los \u00f3rganos estatales federales y organizaciones interesados, sobre [&hellip;]<\/p>\n","protected":false},"author":2,"featured_media":6727,"comment_status":"open","ping_status":"closed","sticky":false,"template":"","format":"standard","meta":{"footnotes":""},"categories":[6],"tags":[],"class_list":["post-6726","post","type-post","status-publish","format-standard","has-post-thumbnail","hentry","category-internacionales"],"_links":{"self":[{"href":"https:\/\/enfoquenoticioso.com\/index.php?rest_route=\/wp\/v2\/posts\/6726","targetHints":{"allow":["GET"]}}],"collection":[{"href":"https:\/\/enfoquenoticioso.com\/index.php?rest_route=\/wp\/v2\/posts"}],"about":[{"href":"https:\/\/enfoquenoticioso.com\/index.php?rest_route=\/wp\/v2\/types\/post"}],"author":[{"embeddable":true,"href":"https:\/\/enfoquenoticioso.com\/index.php?rest_route=\/wp\/v2\/users\/2"}],"replies":[{"embeddable":true,"href":"https:\/\/enfoquenoticioso.com\/index.php?rest_route=%2Fwp%2Fv2%2Fcomments&post=6726"}],"version-history":[{"count":0,"href":"https:\/\/enfoquenoticioso.com\/index.php?rest_route=\/wp\/v2\/posts\/6726\/revisions"}],"wp:featuredmedia":[{"embeddable":true,"href":"https:\/\/enfoquenoticioso.com\/index.php?rest_route=\/wp\/v2\/media\/6727"}],"wp:attachment":[{"href":"https:\/\/enfoquenoticioso.com\/index.php?rest_route=%2Fwp%2Fv2%2Fmedia&parent=6726"}],"wp:term":[{"taxonomy":"category","embeddable":true,"href":"https:\/\/enfoquenoticioso.com\/index.php?rest_route=%2Fwp%2Fv2%2Fcategories&post=6726"},{"taxonomy":"post_tag","embeddable":true,"href":"https:\/\/enfoquenoticioso.com\/index.php?rest_route=%2Fwp%2Fv2%2Ftags&post=6726"}],"curies":[{"name":"wp","href":"https:\/\/api.w.org\/{rel}","templated":true}]}}