{"id":6734,"date":"2024-06-18T16:46:54","date_gmt":"2024-06-18T16:46:54","guid":{"rendered":"https:\/\/enfoquenoticioso.com\/internacionales\/una-joven-millonaria-austriaca-repartira-su-fortuna-entre-70-organizaciones\/"},"modified":"2024-06-18T16:46:54","modified_gmt":"2024-06-18T16:46:54","slug":"una-joven-millonaria-austriaca-repartira-su-fortuna-entre-70-organizaciones","status":"publish","type":"post","link":"https:\/\/enfoquenoticioso.com\/?p=6734","title":{"rendered":"Una joven millonaria austriaca repartir\u00e1 su fortuna entre 70 organizaciones"},"content":{"rendered":"<div>\n<p>La millonaria austriaca Marlene Engelhorn, de 32 a\u00f1os, repartir\u00e1 casi 27 millones de d\u00f3lares, la mayor parte de su fortuna, entre 70 organizaciones seleccionadas por un panel de 50 ciudadanos.<\/p>\n<p>El nombre de Engelhorn, una rica heredera que milita a favor de subir los impuestos a los m\u00e1s ricos, salt\u00f3 a los titulares en enero pasado cuando anunci\u00f3 que donar\u00eda la mayor parte de su herencia.<\/p>\n<p>Encarg\u00f3 a un equipo la creaci\u00f3n de un consejo ciudadano compuesto por 50 austriacos para que aportaran ideas sobre c\u00f3mo repartir su fortuna.<\/p>\n<p>Los miembros del grupo de ciudadanos anunciaron este martes que los millones de Engelhorn se distribuir\u00e1n entre 77 organizaciones que defienden cuestiones diversas, como la protecci\u00f3n del medio ambiente, la educaci\u00f3n y la salud, entre otros.<\/p>\n<p>Engelhorn, cofundadora de la iniciativa Taxmenow, forma parte de un grupo de millonarios que presionan para que los gobiernos les cobren m\u00e1s impuestos a fin de recortar la brecha entre los pobres y los ricos.<\/p>\n<div id=\"attachment_530968\" style=\"width: 990px\" class=\"wp-caption alignnone\"><a href=\"https:\/\/i0.wp.com\/noticiasaldiayalahora.co\/wp-content\/uploads\/2024\/06\/Marlene-Engelhorn-consejo-que-distribuira-su-fortuna.webp?ssl=1\" target=\"_blank\" rel=\"noopener\"><img loading=\"lazy\" decoding=\"async\" aria-describedby=\"caption-attachment-530968\" class=\"size-full wp-image-530968\" src=\"https:\/\/i0.wp.com\/noticiasaldiayalahora.co\/wp-content\/uploads\/2024\/06\/Marlene-Engelhorn-consejo-que-distribuira-su-fortuna.webp?resize=980%2C551&amp;ssl=1\" alt=\"\" width=\"980\" height=\"551\" data-recalc-dims=\"1\"\/><\/a><\/p>\n<p id=\"caption-attachment-530968\" class=\"wp-caption-text\">El comit\u00e9 de ciudadanos seleccionados para hacer propuestas para el reparto de la millonaria herencia de la austriaca Marlene Engelhorn comparece en una rueda de prensa en Viena el 18 de junio de 2024 \u00a9 Joe Klamar \/ AFP<\/p>\n<\/div>\n<p>Descendiente del fundador del gigante qu\u00edmico BASF, Friedrich Engelhorn, la mujer hered\u00f3 millones cuando muri\u00f3 su abuela en 2022.<\/p>\n<p>\u00abEl resultado es tan diverso como el propio Consejo. Pero lo que todas las decisiones tienen en com\u00fan es que quieren una sociedad m\u00e1s justa\u00bb, declar\u00f3 el martes en rueda de prensa la directora del proyecto, Alexandra Wang.<\/p>\n<p>Cincuenta austriacos fueron pagados para que se reunieran durante seis semanas, de marzo a junio, con el objetivo de encontrar soluciones \u00aben inter\u00e9s de toda la sociedad\u00bb.<\/p>\n<p>Cuatro miembros del consejo compartieron el martes sus experiencias, afirmando haber disfrutado de este \u00abproyecto democr\u00e1tico\u00bb.<\/p>\n<p>El participante m\u00e1s joven, un estudiante de 17 a\u00f1os, dijo haber \u00abaprendido mucho\u00bb de cada conversaci\u00f3n que mantuvo con los distintos miembros del consejo, el mayor de los cuales ten\u00eda 85 a\u00f1os.<\/p>\n<p>Engelhorn no particip\u00f3 en la rueda de prensa del martes tras retirarse del proceso una vez puesto en marcha el consejo.<\/p>\n<p>\u00abGran parte de mi patrimonio heredado, que por mi nacimiento me ha elevado a una posici\u00f3n de poder, ha sido ahora redistribuido de acuerdo con los valores democr\u00e1ticos\u00bb, declar\u00f3 Engelhorn en un comunicado. AFP<\/p>\n<p>\u00a0<\/p>\n<\/div>\n<p><a href=\"https:\/\/noticiasaldiayalahora.co\/internacionales\/una-joven-millonaria-austriaca-repartira-su-fortuna-entre-70-organizaciones\/\" class=\" target=\" title=\"Una joven millonaria austriaca repartir\u00e1 su fortuna entre 70 organizaciones\" target=\"_blank\" rel=\"noopener\">Ver fuente<\/a><\/p>\n","protected":false},"excerpt":{"rendered":"<p>La millonaria austriaca Marlene Engelhorn, de 32 a\u00f1os, repartir\u00e1 casi 27 millones de d\u00f3lares, la mayor parte de su fortuna, entre 70 organizaciones seleccionadas por un panel de 50 ciudadanos. El nombre de Engelhorn, una rica heredera que milita a favor de subir los impuestos a los m\u00e1s ricos, salt\u00f3 a los titulares en enero [&hellip;]<\/p>\n","protected":false},"author":2,"featured_media":6735,"comment_status":"open","ping_status":"closed","sticky":false,"template":"","format":"standard","meta":{"footnotes":""},"categories":[6],"tags":[],"class_list":["post-6734","post","type-post","status-publish","format-standard","has-post-thumbnail","hentry","category-internacionales"],"_links":{"self":[{"href":"https:\/\/enfoquenoticioso.com\/index.php?rest_route=\/wp\/v2\/posts\/6734","targetHints":{"allow":["GET"]}}],"collection":[{"href":"https:\/\/enfoquenoticioso.com\/index.php?rest_route=\/wp\/v2\/posts"}],"about":[{"href":"https:\/\/enfoquenoticioso.com\/index.php?rest_route=\/wp\/v2\/types\/post"}],"author":[{"embeddable":true,"href":"https:\/\/enfoquenoticioso.com\/index.php?rest_route=\/wp\/v2\/users\/2"}],"replies":[{"embeddable":true,"href":"https:\/\/enfoquenoticioso.com\/index.php?rest_route=%2Fwp%2Fv2%2Fcomments&post=6734"}],"version-history":[{"count":0,"href":"https:\/\/enfoquenoticioso.com\/index.php?rest_route=\/wp\/v2\/posts\/6734\/revisions"}],"wp:featuredmedia":[{"embeddable":true,"href":"https:\/\/enfoquenoticioso.com\/index.php?rest_route=\/wp\/v2\/media\/6735"}],"wp:attachment":[{"href":"https:\/\/enfoquenoticioso.com\/index.php?rest_route=%2Fwp%2Fv2%2Fmedia&parent=6734"}],"wp:term":[{"taxonomy":"category","embeddable":true,"href":"https:\/\/enfoquenoticioso.com\/index.php?rest_route=%2Fwp%2Fv2%2Fcategories&post=6734"},{"taxonomy":"post_tag","embeddable":true,"href":"https:\/\/enfoquenoticioso.com\/index.php?rest_route=%2Fwp%2Fv2%2Ftags&post=6734"}],"curies":[{"name":"wp","href":"https:\/\/api.w.org\/{rel}","templated":true}]}}