{"id":6888,"date":"2024-06-19T09:30:47","date_gmt":"2024-06-19T09:30:47","guid":{"rendered":"https:\/\/enfoquenoticioso.com\/sucesos\/los-dos-ninos-que-fallecieron-tras-incendio-provocado-por-su-padrastro-en-monagas\/"},"modified":"2024-06-19T09:30:47","modified_gmt":"2024-06-19T09:30:47","slug":"los-dos-ninos-que-fallecieron-tras-incendio-provocado-por-su-padrastro-en-monagas","status":"publish","type":"post","link":"https:\/\/enfoquenoticioso.com\/?p=6888","title":{"rendered":"Los dos ni\u00f1os que fallecieron tras incendio provocado por su padrastro en Monagas"},"content":{"rendered":"<div id=\"post-531018\">\n<div class=\"entry-thumbnail\">\n<img width=\"777\" height=\"437\" src=\"https:\/\/i0.wp.com\/noticiasaldiayalahora.co\/wp-content\/uploads\/2024\/06\/Monagas-1.jpg?resize=777%2C437&amp;ssl=1\" class=\"attachment-content-single size-content-single wp-post-image\" alt=\"\" decoding=\"async\" fetchpriority=\"high\" srcset=\"https:\/\/i0.wp.com\/noticiasaldiayalahora.co\/wp-content\/uploads\/2024\/06\/Monagas-1.jpg?w=1200&amp;ssl=1 1200w, https:\/\/i0.wp.com\/noticiasaldiayalahora.co\/wp-content\/uploads\/2024\/06\/Monagas-1.jpg?resize=300%2C169&amp;ssl=1 300w, https:\/\/i0.wp.com\/noticiasaldiayalahora.co\/wp-content\/uploads\/2024\/06\/Monagas-1.jpg?resize=1024%2C576&amp;ssl=1 1024w, https:\/\/i0.wp.com\/noticiasaldiayalahora.co\/wp-content\/uploads\/2024\/06\/Monagas-1.jpg?resize=768%2C432&amp;ssl=1 768w, https:\/\/i0.wp.com\/noticiasaldiayalahora.co\/wp-content\/uploads\/2024\/06\/Monagas-1.jpg?resize=777%2C437&amp;ssl=1 777w, https:\/\/i0.wp.com\/noticiasaldiayalahora.co\/wp-content\/uploads\/2024\/06\/Monagas-1.jpg?resize=180%2C101&amp;ssl=1 180w, https:\/\/i0.wp.com\/noticiasaldiayalahora.co\/wp-content\/uploads\/2024\/06\/Monagas-1.jpg?resize=260%2C146&amp;ssl=1 260w, https:\/\/i0.wp.com\/noticiasaldiayalahora.co\/wp-content\/uploads\/2024\/06\/Monagas-1.jpg?resize=373%2C210&amp;ssl=1 373w, https:\/\/i0.wp.com\/noticiasaldiayalahora.co\/wp-content\/uploads\/2024\/06\/Monagas-1.jpg?resize=120%2C67&amp;ssl=1 120w\" sizes=\"(max-width: 777px) 100vw, 777px\"\/><\/div>\n<p class=\"entry-meta\">\n<span class=\"entry-meta-author vcard author\">Por: <a class=\"fn\" href=\"https:\/\/noticiasaldiayalahora.co\/author\/redaccion\/\" target=\"_blank\" rel=\"noopener\">Redacci\u00f3n Noticias al Dia y a la Hora<\/a><\/span><br \/>\n<span class=\"entry-meta-date updated\">19 junio, 2024<\/span>\n<\/p>\n<div class=\"entry-content clearfix\">\n<p>Dos ni\u00f1os, uno de siete y otro de cinco a\u00f1os, murieron\u00a0como consecuencia de las heridas que sufrieron durante el incendio de su vivienda, provocado por su padrastro.<span id=\"more-531018\"\/><\/p>\n<p>El hecho ocurri\u00f3\u00a0en el sector Las Praderas, en Punta de Mata, municipio Ezequiel Zamora del estado Monagas.<\/p>\n<p>Se conoci\u00f3 que el incendio se registr\u00f3 el pasado domingo, cuando la madre de los ni\u00f1os, identificada como Norbelis Meneses, y su pareja, Edison Garc\u00eda, inger\u00edan licor a pocos metros del rancho de zinc.<\/p>\n<p>Entre la pareja se gener\u00f3 una discusi\u00f3n y el hombre le prendi\u00f3 fuego a la vivienda, recogi\u00f3 el portal\u00a0<em>Cactus24<\/em>.<\/p>\n<p>La primera v\u00edctima fue el menor de siete a\u00f1os. Mientras que\u00a0el ni\u00f1o de cinco a\u00f1os\u00a0sufri\u00f3 quemaduras de tercer grado en el 80 %\u00a0de su cuerpo y fue recluido en la Unidad de Cuidados Intensivos (UCI) del Hospital Universitario Dr. Manuel N\u00fa\u00f1ez Tovar de la ciudad de Matur\u00edn, donde luego\u00a0falleci\u00f3.<\/p>\n<p>La madre de los menores y el padrastro est\u00e1n detenidos en la sede del Cuerpo de Investigaciones Cient\u00edficas, Penales y Criminal\u00edsticas (Cicpc), entretanto se realizan las investigaciones.<\/p>\n<div id=\"ez-toc-container\" class=\"ez-toc-v2_0_81 counter-hierarchy ez-toc-counter ez-toc-grey ez-toc-container-direction\">\n<div class=\"ez-toc-title-container\">\n<p class=\"ez-toc-title\" style=\"cursor:inherit\">Tabla de Contenido<\/p>\n<span class=\"ez-toc-title-toggle\"><a href=\"#\" class=\"ez-toc-pull-right ez-toc-btn ez-toc-btn-xs ez-toc-btn-default ez-toc-toggle\" aria-label=\"Alternar tabla de contenidos\"><span class=\"ez-toc-js-icon-con\"><span class=\"\"><span class=\"eztoc-hide\" style=\"display:none;\">Toggle<\/span><span class=\"ez-toc-icon-toggle-span\"><svg style=\"fill: #999;color:#999\" xmlns=\"http:\/\/www.w3.org\/2000\/svg\" class=\"list-377408\" width=\"20px\" height=\"20px\" viewBox=\"0 0 24 24\" fill=\"none\"><path d=\"M6 6H4v2h2V6zm14 0H8v2h12V6zM4 11h2v2H4v-2zm16 0H8v2h12v-2zM4 16h2v2H4v-2zm16 0H8v2h12v-2z\" fill=\"currentColor\"><\/path><\/svg><svg style=\"fill: #999;color:#999\" class=\"arrow-unsorted-368013\" xmlns=\"http:\/\/www.w3.org\/2000\/svg\" width=\"10px\" height=\"10px\" viewBox=\"0 0 24 24\" version=\"1.2\" baseProfile=\"tiny\"><path d=\"M18.2 9.3l-6.2-6.3-6.2 6.3c-.2.2-.3.4-.3.7s.1.5.3.7c.2.2.4.3.7.3h11c.3 0 .5-.1.7-.3.2-.2.3-.5.3-.7s-.1-.5-.3-.7zM5.8 14.7l6.2 6.3 6.2-6.3c.2-.2.3-.5.3-.7s-.1-.5-.3-.7c-.2-.2-.4-.3-.7-.3h-11c-.3 0-.5.1-.7.3-.2.2-.3.5-.3.7s.1.5.3.7z\"\/><\/svg><\/span><\/span><\/span><\/a><\/span><\/div>\n<nav><ul class='ez-toc-list ez-toc-list-level-1 ' ><li class='ez-toc-page-1 ez-toc-heading-level-4'><a class=\"ez-toc-link ez-toc-heading-1\" href=\"https:\/\/enfoquenoticioso.com\/?p=6888\/#Sigue_al_canal_de_noticias_en_Whatsaap\" >Sigue al canal de noticias en Whatsaap\u00a0<\/a><\/li><\/ul><\/nav><\/div>\n<h4><span class=\"ez-toc-section\" id=\"Sigue_al_canal_de_noticias_en_Whatsaap\"><\/span><strong><a href=\"https:\/\/whatsapp.com\/channel\/0029VaDXFnLId7nFFiDdVI26?fbclid=IwAR1LnVJqcByTELJH4Ht086FYRmdx18pRnV7CrkzmTJ5JaLHYY0igukfL9Yk\" target=\"_blank\" rel=\"noopener\">Sigue al canal de noticias en Whatsaap\u00a0<\/a><\/strong><span class=\"ez-toc-section-end\"><\/span><\/h4>\n<\/div>\n<\/div>\n<p><a href=\"https:\/\/noticiasaldiayalahora.co\/sucesos\/los-dos-ninos-que-fallecieron-tras-incendio-provocado-por-su-padrastro-en-monagas\/\" class=\" target=\" title=\"Los dos ni\u00f1os que fallecieron tras incendio provocado por su padrastro en Monagas\" target=\"_blank\" rel=\"noopener\">Ver fuente<\/a><\/p>\n","protected":false},"excerpt":{"rendered":"<p>Por: Redacci\u00f3n Noticias al Dia y a la Hora 19 junio, 2024 Dos ni\u00f1os, uno de siete y otro de cinco a\u00f1os, murieron\u00a0como consecuencia de las heridas que sufrieron durante el incendio de su vivienda, provocado por su padrastro. El hecho ocurri\u00f3\u00a0en el sector Las Praderas, en Punta de Mata, municipio Ezequiel Zamora del estado [&hellip;]<\/p>\n","protected":false},"author":2,"featured_media":6889,"comment_status":"open","ping_status":"closed","sticky":false,"template":"","format":"standard","meta":{"footnotes":""},"categories":[5],"tags":[],"class_list":["post-6888","post","type-post","status-publish","format-standard","has-post-thumbnail","hentry","category-sucesos"],"_links":{"self":[{"href":"https:\/\/enfoquenoticioso.com\/index.php?rest_route=\/wp\/v2\/posts\/6888","targetHints":{"allow":["GET"]}}],"collection":[{"href":"https:\/\/enfoquenoticioso.com\/index.php?rest_route=\/wp\/v2\/posts"}],"about":[{"href":"https:\/\/enfoquenoticioso.com\/index.php?rest_route=\/wp\/v2\/types\/post"}],"author":[{"embeddable":true,"href":"https:\/\/enfoquenoticioso.com\/index.php?rest_route=\/wp\/v2\/users\/2"}],"replies":[{"embeddable":true,"href":"https:\/\/enfoquenoticioso.com\/index.php?rest_route=%2Fwp%2Fv2%2Fcomments&post=6888"}],"version-history":[{"count":0,"href":"https:\/\/enfoquenoticioso.com\/index.php?rest_route=\/wp\/v2\/posts\/6888\/revisions"}],"wp:featuredmedia":[{"embeddable":true,"href":"https:\/\/enfoquenoticioso.com\/index.php?rest_route=\/wp\/v2\/media\/6889"}],"wp:attachment":[{"href":"https:\/\/enfoquenoticioso.com\/index.php?rest_route=%2Fwp%2Fv2%2Fmedia&parent=6888"}],"wp:term":[{"taxonomy":"category","embeddable":true,"href":"https:\/\/enfoquenoticioso.com\/index.php?rest_route=%2Fwp%2Fv2%2Fcategories&post=6888"},{"taxonomy":"post_tag","embeddable":true,"href":"https:\/\/enfoquenoticioso.com\/index.php?rest_route=%2Fwp%2Fv2%2Ftags&post=6888"}],"curies":[{"name":"wp","href":"https:\/\/api.w.org\/{rel}","templated":true}]}}