{"id":6932,"date":"2024-06-19T14:02:14","date_gmt":"2024-06-19T14:02:14","guid":{"rendered":"https:\/\/enfoquenoticioso.com\/internacionales\/eeuu-mantiene-canales-abiertos-con-maduro-y-sus-equipos\/"},"modified":"2024-06-19T14:02:14","modified_gmt":"2024-06-19T14:02:14","slug":"eeuu-mantiene-canales-abiertos-con-maduro-y-sus-equipos","status":"publish","type":"post","link":"https:\/\/enfoquenoticioso.com\/?p=6932","title":{"rendered":"EEUU mantiene canales abiertos con Maduro y sus equipos"},"content":{"rendered":"<div>\n<p>El gobierno de Estados Unidos est\u00e1 muy pendiente de las elecciones presidenciales en Venezuela. \u201cEs una oportunidad muy importante\u201d, indic\u00f3 Francisco Palmieri, embajador del gobierno de Joe Biden en Colombia y jefe de la Oficina Externa de EEUU para Venezuela.<span id=\"more-531041\"\/><\/p>\n<p><strong>Por JOS\u00c9 GREGORIO MEZA \u2013 EL NACIONAL<\/strong><\/p>\n<p><strong>\u201cEspero que los venezolanos participen masivamente en las elecciones presidenciales. La democracia es un regalo y deben utilizarla para expresar sus esperanzas para el futuro\u201d,<\/strong>\u00a0se\u00f1al\u00f3.<\/p>\n<p>\u201cLa elecci\u00f3n es la mejor manera\u201d, agreg\u00f3.<\/p>\n<p>Palmieri explic\u00f3 que aunque la situaci\u00f3n en torno a las elecciones presidenciales no es la que esperaba la comunidad internacional, a\u00fan as\u00ed pueden ser competitivas. Dijo que la oposici\u00f3n democr\u00e1tica se ha unido en torno a una misma causa, lo que mucha gente dudaba.<\/p>\n<p>\u201cAhora creo que hay algo que est\u00e1 pasando en el pa\u00eds\u201d, afirm\u00f3.<\/p>\n<p>Quiso asimismo hacer un homenaje\u00a0a aquellas mujeres que le vendieron desayuno a Mar\u00eda Corina Machado y su equipo en su visita a Calabozo, y que luego sufrieron los embates del gobierno, que cerr\u00f3 temporalmente su negocio. \u201cVoy a tomar mi empanada de libertad. Es una comida que me gusta mucho y que me da esperanza para el 28 de julio\u201d, afirm\u00f3.<\/p>\n<div id=\"ez-toc-container\" class=\"ez-toc-v2_0_81 counter-hierarchy ez-toc-counter ez-toc-grey ez-toc-container-direction\">\n<div class=\"ez-toc-title-container\">\n<p class=\"ez-toc-title\" style=\"cursor:inherit\">Tabla de Contenido<\/p>\n<span class=\"ez-toc-title-toggle\"><a href=\"#\" class=\"ez-toc-pull-right ez-toc-btn ez-toc-btn-xs ez-toc-btn-default ez-toc-toggle\" aria-label=\"Alternar tabla de contenidos\"><span class=\"ez-toc-js-icon-con\"><span class=\"\"><span class=\"eztoc-hide\" style=\"display:none;\">Toggle<\/span><span class=\"ez-toc-icon-toggle-span\"><svg style=\"fill: #999;color:#999\" xmlns=\"http:\/\/www.w3.org\/2000\/svg\" class=\"list-377408\" width=\"20px\" height=\"20px\" viewBox=\"0 0 24 24\" fill=\"none\"><path d=\"M6 6H4v2h2V6zm14 0H8v2h12V6zM4 11h2v2H4v-2zm16 0H8v2h12v-2zM4 16h2v2H4v-2zm16 0H8v2h12v-2z\" fill=\"currentColor\"><\/path><\/svg><svg style=\"fill: #999;color:#999\" class=\"arrow-unsorted-368013\" xmlns=\"http:\/\/www.w3.org\/2000\/svg\" width=\"10px\" height=\"10px\" viewBox=\"0 0 24 24\" version=\"1.2\" baseProfile=\"tiny\"><path d=\"M18.2 9.3l-6.2-6.3-6.2 6.3c-.2.2-.3.4-.3.7s.1.5.3.7c.2.2.4.3.7.3h11c.3 0 .5-.1.7-.3.2-.2.3-.5.3-.7s-.1-.5-.3-.7zM5.8 14.7l6.2 6.3 6.2-6.3c.2-.2.3-.5.3-.7s-.1-.5-.3-.7c-.2-.2-.4-.3-.7-.3h-11c-.3 0-.5.1-.7.3-.2.2-.3.5-.3.7s.1.5.3.7z\"\/><\/svg><\/span><\/span><\/span><\/a><\/span><\/div>\n<nav><ul class='ez-toc-list ez-toc-list-level-1 ' ><li class='ez-toc-page-1 ez-toc-heading-level-2'><a class=\"ez-toc-link ez-toc-heading-1\" href=\"https:\/\/enfoquenoticioso.com\/?p=6932\/#%C2%BFEstados_Unidos_esta_pendiente_de_las_elecciones_presidenciales_en_Venezuela\" >\u00bfEstados Unidos est\u00e1 pendiente de las elecciones presidenciales en Venezuela?<\/a><ul class='ez-toc-list-level-3' ><li class='ez-toc-heading-level-3'><a class=\"ez-toc-link ez-toc-heading-2\" href=\"https:\/\/enfoquenoticioso.com\/?p=6932\/#Liberar_de_inmediato_a_todos_los_activistas\" >Liberar de inmediato a todos los activistas<\/a><\/li><\/ul><\/li><\/ul><\/nav><\/div>\n<h2><span class=\"ez-toc-section\" id=\"%C2%BFEstados_Unidos_esta_pendiente_de_las_elecciones_presidenciales_en_Venezuela\"><\/span>\u00bfEstados Unidos est\u00e1 pendiente de las elecciones presidenciales en Venezuela?<span class=\"ez-toc-section-end\"><\/span><\/h2>\n<p><strong>\u2014\u00bfVe posibilidades de un cambio a pesar de que la Uni\u00f3n Europea no va a enviar observadores internacionales, que Brasil y Colombia tambi\u00e9n lo descartan?<\/strong><\/p>\n<p>\u2014Va a haber observaci\u00f3n internacional, por supuesto. Confiamos en que el Centro Carter va a estar. Tienen mucha experiencia en Venezuela, conocen muy bien el CNE, su sistema, entonces pueden contribuir a un mejor entendimiento de la elecci\u00f3n. Lo que m\u00e1s me impresiona en este momento es el esfuerzo de los activistas democr\u00e1ticos, no partidistas, la gente que quiere estar presente en el papel de observador, trabajador de mesa. Yo creo que todav\u00eda hay vocaci\u00f3n venezolana para la democracia. Eso es lo que est\u00e1 empujando.<\/p>\n<p><strong>\u2014\u00bfEs optimista con las elecciones presidenciales?<\/strong><\/p>\n<p>\u2014Yo prefiero ser optimista cuando hablamos de pr\u00e1ctica democr\u00e1tica porque la alternativa es dejar al pa\u00eds en el mismo rumbo de los \u00faltimos seis a\u00f1os. No. Tenemos que competir.\u00a0<strong>La democracia siempre da sorpresas. No es una elecci\u00f3n ideal, pero de verdad yo creo que vale la pena.<\/strong>\u00a0Veo a Mar\u00eda Corina Machado en la campa\u00f1a, a Edmundo en la campa\u00f1a, a los partidos pol\u00edticos de la Plataforma Unitaria apoyando el proceso, y veo un \u00e1nimo c\u00edvico del pueblo venezolano en participar en esa elecci\u00f3n.\u00a0<strong>Creo que vamos a ver una participaci\u00f3n masiva en las elecciones presidenciales porque los mismos venezolanos, de derecha, izquierda o centro, quieren soluciones a los problemas sociales, pol\u00edticos y econ\u00f3micos,<\/strong>\u00a0y saben que esta es la oportunidad.<\/p>\n<h3><span class=\"ez-toc-section\" id=\"Liberar_de_inmediato_a_todos_los_activistas\"><\/span>Liberar de inmediato a todos los activistas<span class=\"ez-toc-section-end\"><\/span><\/h3>\n<p><strong>\u2014\u00bfQu\u00e9 opini\u00f3n le merece las \u00faltimas detenciones de partidarios de Mar\u00eda Corina Machado y las denuncias que ella ha hecho al respecto?<\/strong><\/p>\n<p>\u2014Esto es lo m\u00e1s frustrante de c\u00f3mo act\u00faa Nicol\u00e1s Maduro y su gente. Dicen por un lado que quieren una elecci\u00f3n, pero con la otra mano est\u00e1n reprimiendo la participaci\u00f3n c\u00edvica de activistas, de personas que solo quieren apoyar el proceso. La detenci\u00f3n de trabajadores de campa\u00f1as pol\u00edticas no deber\u00edan tener lugar en un proceso democr\u00e1tico. Maduro y sus equipos tienen que responder, y \u00a0si quieren la legitimidad deben dejar esa pr\u00e1ctica de detener gente y deben de inmediato liberar todos los activistas.<\/p>\n<p><strong>\u2014\u00bfSigue el gobierno de Estados Unidos manteniendo puentes con el gobierno de Nicol\u00e1s Maduro?<\/strong><\/p>\n<p>\u2014Yo estuve con ellos la primera semana de abril en M\u00e9xico. Los canales est\u00e1n abiertos. A fines de mayo y principios de junio hubo algo de pausa, pero \u00faltimamente hemos renovado canales para hablar y entendernos. La mejor manera de resolver problemas y conflictos es a trav\u00e9s de hablar y de entendernos. Debemos mantener los canales abiertos con Maduro y sus equipos.<\/p>\n<p>\u00a0<\/p>\n<\/div>\n<p><a href=\"https:\/\/noticiasaldiayalahora.co\/internacionales\/francisco-palmieri-eeuu-mantiene-canales-abiertos-con-maduro-y-sus-equipos\/\" class=\" target=\" title=\"EEUU mantiene canales abiertos con Maduro y sus equipos\" target=\"_blank\" rel=\"noopener\">Ver fuente<\/a><\/p>\n","protected":false},"excerpt":{"rendered":"<p>El gobierno de Estados Unidos est\u00e1 muy pendiente de las elecciones presidenciales en Venezuela. \u201cEs una oportunidad muy importante\u201d, indic\u00f3 Francisco Palmieri, embajador del gobierno de Joe Biden en Colombia y jefe de la Oficina Externa de EEUU para Venezuela. Por JOS\u00c9 GREGORIO MEZA \u2013 EL NACIONAL \u201cEspero que los venezolanos participen masivamente en las [&hellip;]<\/p>\n","protected":false},"author":2,"featured_media":6933,"comment_status":"open","ping_status":"closed","sticky":false,"template":"","format":"standard","meta":{"footnotes":""},"categories":[6],"tags":[],"class_list":["post-6932","post","type-post","status-publish","format-standard","has-post-thumbnail","hentry","category-internacionales"],"_links":{"self":[{"href":"https:\/\/enfoquenoticioso.com\/index.php?rest_route=\/wp\/v2\/posts\/6932","targetHints":{"allow":["GET"]}}],"collection":[{"href":"https:\/\/enfoquenoticioso.com\/index.php?rest_route=\/wp\/v2\/posts"}],"about":[{"href":"https:\/\/enfoquenoticioso.com\/index.php?rest_route=\/wp\/v2\/types\/post"}],"author":[{"embeddable":true,"href":"https:\/\/enfoquenoticioso.com\/index.php?rest_route=\/wp\/v2\/users\/2"}],"replies":[{"embeddable":true,"href":"https:\/\/enfoquenoticioso.com\/index.php?rest_route=%2Fwp%2Fv2%2Fcomments&post=6932"}],"version-history":[{"count":0,"href":"https:\/\/enfoquenoticioso.com\/index.php?rest_route=\/wp\/v2\/posts\/6932\/revisions"}],"wp:featuredmedia":[{"embeddable":true,"href":"https:\/\/enfoquenoticioso.com\/index.php?rest_route=\/wp\/v2\/media\/6933"}],"wp:attachment":[{"href":"https:\/\/enfoquenoticioso.com\/index.php?rest_route=%2Fwp%2Fv2%2Fmedia&parent=6932"}],"wp:term":[{"taxonomy":"category","embeddable":true,"href":"https:\/\/enfoquenoticioso.com\/index.php?rest_route=%2Fwp%2Fv2%2Fcategories&post=6932"},{"taxonomy":"post_tag","embeddable":true,"href":"https:\/\/enfoquenoticioso.com\/index.php?rest_route=%2Fwp%2Fv2%2Ftags&post=6932"}],"curies":[{"name":"wp","href":"https:\/\/api.w.org\/{rel}","templated":true}]}}