{"id":6971,"date":"2024-06-19T19:15:19","date_gmt":"2024-06-19T19:15:19","guid":{"rendered":"https:\/\/enfoquenoticioso.com\/actualidad\/santiago-otero-armengol-fundacion-nino-cuyagua-la-otra-cara-de-evenpro\/"},"modified":"2024-06-19T19:15:19","modified_gmt":"2024-06-19T19:15:19","slug":"santiago-otero-armengol-fundacion-nino-cuyagua-la-otra-cara-de-evenpro","status":"publish","type":"post","link":"https:\/\/enfoquenoticioso.com\/?p=6971","title":{"rendered":"Santiago Otero Armengol | Fundaci\u00f3n Ni\u00f1o Cuyagua: \u00a1La otra cara de Evenpro!"},"content":{"rendered":"<div>\n<p><strong><em>DAT.-<\/em><\/strong> El grupo empresarial <strong><a href=\"https:\/\/www.instagram.com\/evenpro\/\" data-type=\"link\" data-id=\"https:\/\/www.instagram.com\/evenpro\/\" target=\"_blank\" rel=\"noopener\">Evenpro Corp<\/a><\/strong>, desde el a\u00f1o 2015 y bajo el liderazgo de su presidente <strong>Santiago Otero Armengol<\/strong>, ha venido impulsando diversas iniciativas de car\u00e1cter social en la comunidad de Cuyagua, en la zona costera del estado Aragua, a trav\u00e9s de la <strong><a href=\"https:\/\/www.instagram.com\/fundacionninocuyagua\/\" data-type=\"link\" data-id=\"https:\/\/www.instagram.com\/fundacionninocuyagua\/\" target=\"_blank\" rel=\"noopener\">Fundaci\u00f3n Ni\u00f1o Cuyagua<\/a><\/strong>.<\/p>\n<p>Comprometidos con el bienestar y desarrollo de la localidad arag\u00fce\u00f1a, especialmente de los ni\u00f1os que all\u00ed hacen vida, la Fundaci\u00f3n Ni\u00f1o Cuyagua estableci\u00f3 <strong>cinco pilares fundamentales<\/strong> que inspiran todas las distintas actividades de su proyecto sociocomunitario:<\/p>\n<ul class=\"wp-block-list\">\n<li>Educaci\u00f3n.<\/li>\n<li>Turismo.<\/li>\n<li>Deporte.<\/li>\n<li>Ambiente.<\/li>\n<li>Salud.<\/li>\n<\/ul>\n<p>Con un enfoque integral, esta organizaci\u00f3n sin fines de lucro trabaja para <strong>mejorar la calidad de vida de las personas<\/strong>, adem\u00e1s de <strong>promover un entorno sostenible y saludable<\/strong>, convirti\u00e9ndose as\u00ed en un apoyo para la comunidad, generando impacto positivo en la vida de sus habitantes y contribuyendo al crecimiento y desarrollo de la regi\u00f3n.<\/p>\n<p>El <strong>compromiso con la inclusi\u00f3n, la equidad y la solidaridad<\/strong> de la fundaci\u00f3n la posiciona como un ejemplo a seguir en el \u00e1mbito de la responsabilidad social y el trabajo comunitario. Detr\u00e1s de todo est\u00e1 la mano amiga de Evenpro Corp, la cual, despu\u00e9s de casi una d\u00e9cada de esfuerzos, contin\u00faa su labor con entusiasmo y dedicaci\u00f3n, buscando siempre nuevas formas de <strong>apoyar a la comunidad y promover un futuro mejor<\/strong> para sus habitantes.<\/p>\n<p>\u201c<strong>Evenpro es m\u00e1s que entretenimiento<\/strong>. Es el poder llevar felicidad y bienestar a quienes m\u00e1s lo necesitan\u201d, indic\u00f3 sobre esta iniciativa <strong>Santiago Otero Armengol<\/strong>, agregando: \u201cDesde cada una de nuestras empresas <strong>hemos podido contribuir al desarrollo de Cuyagua<\/strong>, que es un lugar que ha marcado mi vida y me ha permitido aprender mucho de m\u00ed mismo y de mi carrera profesional\u201d.<\/p>\n<div id=\"ez-toc-container\" class=\"ez-toc-v2_0_81 counter-hierarchy ez-toc-counter ez-toc-grey ez-toc-container-direction\">\n<div class=\"ez-toc-title-container\">\n<p class=\"ez-toc-title\" style=\"cursor:inherit\">Tabla de Contenido<\/p>\n<span class=\"ez-toc-title-toggle\"><a href=\"#\" class=\"ez-toc-pull-right ez-toc-btn ez-toc-btn-xs ez-toc-btn-default ez-toc-toggle\" aria-label=\"Alternar tabla de contenidos\"><span class=\"ez-toc-js-icon-con\"><span class=\"\"><span class=\"eztoc-hide\" style=\"display:none;\">Toggle<\/span><span class=\"ez-toc-icon-toggle-span\"><svg style=\"fill: #999;color:#999\" xmlns=\"http:\/\/www.w3.org\/2000\/svg\" class=\"list-377408\" width=\"20px\" height=\"20px\" viewBox=\"0 0 24 24\" fill=\"none\"><path d=\"M6 6H4v2h2V6zm14 0H8v2h12V6zM4 11h2v2H4v-2zm16 0H8v2h12v-2zM4 16h2v2H4v-2zm16 0H8v2h12v-2z\" fill=\"currentColor\"><\/path><\/svg><svg style=\"fill: #999;color:#999\" class=\"arrow-unsorted-368013\" xmlns=\"http:\/\/www.w3.org\/2000\/svg\" width=\"10px\" height=\"10px\" viewBox=\"0 0 24 24\" version=\"1.2\" baseProfile=\"tiny\"><path d=\"M18.2 9.3l-6.2-6.3-6.2 6.3c-.2.2-.3.4-.3.7s.1.5.3.7c.2.2.4.3.7.3h11c.3 0 .5-.1.7-.3.2-.2.3-.5.3-.7s-.1-.5-.3-.7zM5.8 14.7l6.2 6.3 6.2-6.3c.2-.2.3-.5.3-.7s-.1-.5-.3-.7c-.2-.2-.4-.3-.7-.3h-11c-.3 0-.5.1-.7.3-.2.2-.3.5-.3.7s.1.5.3.7z\"\/><\/svg><\/span><\/span><\/span><\/a><\/span><\/div>\n<nav><ul class='ez-toc-list ez-toc-list-level-1 ' ><ul class='ez-toc-list-level-5' ><li class='ez-toc-heading-level-5'><ul class='ez-toc-list-level-5' ><li class='ez-toc-heading-level-5'><ul class='ez-toc-list-level-5' ><li class='ez-toc-heading-level-5'><a class=\"ez-toc-link ez-toc-heading-1\" href=\"https:\/\/enfoquenoticioso.com\/?p=6971\/#LEA_TAMBIEN_Evenpro_Caracas_recibio_con_aplausos_de_pie_a_Fonseca\" >LEA TAMBI\u00c9N | Evenpro | Caracas recibi\u00f3 con aplausos de pie a Fonseca<\/a><\/li><\/ul><\/li><\/ul><\/li><\/ul><\/li><li class='ez-toc-page-1 ez-toc-heading-level-2'><a class=\"ez-toc-link ez-toc-heading-2\" href=\"https:\/\/enfoquenoticioso.com\/?p=6971\/#Una_labor_de_amor\" >Una labor de amor<\/a><\/li><\/ul><\/nav><\/div>\n<h5 class=\"wp-block-heading\"><span class=\"ez-toc-section\" id=\"LEA_TAMBIEN_Evenpro_Caracas_recibio_con_aplausos_de_pie_a_Fonseca\"><\/span><span id=\"LEA_TAMBIEN_Evenpro_Caracas_recibio_con_aplausos_de_pie_a_Fonseca\">LEA TAMBI\u00c9N | <a href=\"https:\/\/dateando.com\/reportero-dateando\/evenpro-caracas-recibio-con-aplausos-de-pie-a-fonseca\/\" target=\"_blank\" rel=\"noopener\">Evenpro | Caracas recibi\u00f3 con aplausos de pie a Fonseca<\/a><\/span><span class=\"ez-toc-section-end\"><\/span><\/h5>\n<h2 class=\"wp-block-heading\"><span class=\"ez-toc-section\" id=\"Una_labor_de_amor\"><\/span><span id=\"Una_labor_de_amor\">Una labor de amor<\/span><span class=\"ez-toc-section-end\"><\/span><\/h2>\n<p>La Fundaci\u00f3n Ni\u00f1o Cuyagua tiene <strong>casi una d\u00e9cada aportando directamente al desarrollo integral<\/strong> de esta poblaci\u00f3n costera en Aragua, y en todos estos a\u00f1os han sido muchas las actividades que ha llevado a cabo.<\/p>\n<p>Una de esas iniciativas se ha dado con el apoyo de la Fundaci\u00f3n AmbLeMa, y ha sido el <strong>fortalecimiento de la educaci\u00f3n<\/strong> en tres \u00e1reas fundamentales: lectura, matem\u00e1ticas y ambiente. Asimismo, Evenpro Corp ha venido patrocinando la Escuela Surf Cuyagua en competiciones a nivel nacional e internacional.<\/p>\n<div class=\"wp-block-image\">\n<figure class=\"aligncenter size-full\"><img loading=\"lazy\" decoding=\"async\" width=\"666\" height=\"400\" src=\"https:\/\/dateando.com\/wp-content\/uploads\/2024\/06\/Dateando-Santiago-Otero-Armengol-Fundacion-Nino-Cuyagua-\u00a1La-otra-cara-de-Evenpro-IMG.jpg\" alt=\"\" class=\"wp-image-121773 lazyload\" srcset=\"https:\/\/dateando.com\/wp-content\/uploads\/2024\/06\/Dateando-Santiago-Otero-Armengol-Fundacion-Nino-Cuyagua-\u00a1La-otra-cara-de-Evenpro-IMG.jpg 666w, https:\/\/dateando.com\/wp-content\/uploads\/2024\/06\/Dateando-Santiago-Otero-Armengol-Fundacion-Nino-Cuyagua-\u00a1La-otra-cara-de-Evenpro-IMG-300x180.jpg 300w\" data-sizes=\"(max-width: 666px) 100vw, 666px\" style=\"--smush-placeholder-width: 666px; --smush-placeholder-aspect-ratio: 666\/400;\"\/><img loading=\"lazy\" decoding=\"async\" width=\"666\" height=\"400\" src=\"https:\/\/dateando.com\/wp-content\/uploads\/2024\/06\/Dateando-Santiago-Otero-Armengol-Fundacion-Nino-Cuyagua-\u00a1La-otra-cara-de-Evenpro-IMG.jpg\" alt=\"\" class=\"wp-image-121773\" srcset=\"https:\/\/dateando.com\/wp-content\/uploads\/2024\/06\/Dateando-Santiago-Otero-Armengol-Fundacion-Nino-Cuyagua-\u00a1La-otra-cara-de-Evenpro-IMG.jpg 666w, https:\/\/dateando.com\/wp-content\/uploads\/2024\/06\/Dateando-Santiago-Otero-Armengol-Fundacion-Nino-Cuyagua-\u00a1La-otra-cara-de-Evenpro-IMG-300x180.jpg 300w\" sizes=\"auto, (max-width: 666px) 100vw, 666px\"\/><\/figure>\n<\/div>\n<p>De la mano de la Fundaci\u00f3n Hacer Pa\u00eds, la organizaci\u00f3n ha realizado diversas<strong> jornadas m\u00e9dicas integrales<\/strong>. Tambi\u00e9n, y ya hablando de iniciativas ambientales en pro de la biodiversidad de la zona, se realiz\u00f3 la <strong>siembra de 1000 matas de coco para reforestar la playa<\/strong>.<\/p>\n<div class=\"wp-block-image\">\n<figure class=\"aligncenter size-full\"><img loading=\"lazy\" decoding=\"async\" width=\"666\" height=\"400\" src=\"https:\/\/dateando.com\/wp-content\/uploads\/2024\/06\/Dateando-Santiago-Otero-Armengol-Fundacion-Nino-Cuyagua-\u00a1La-otra-cara-de-Evenpro-PIC.jpg\" alt=\"\" class=\"wp-image-121774 lazyload\" srcset=\"https:\/\/dateando.com\/wp-content\/uploads\/2024\/06\/Dateando-Santiago-Otero-Armengol-Fundacion-Nino-Cuyagua-\u00a1La-otra-cara-de-Evenpro-PIC.jpg 666w, https:\/\/dateando.com\/wp-content\/uploads\/2024\/06\/Dateando-Santiago-Otero-Armengol-Fundacion-Nino-Cuyagua-\u00a1La-otra-cara-de-Evenpro-PIC-300x180.jpg 300w\" data-sizes=\"(max-width: 666px) 100vw, 666px\" style=\"--smush-placeholder-width: 666px; --smush-placeholder-aspect-ratio: 666\/400;\"\/><img loading=\"lazy\" decoding=\"async\" width=\"666\" height=\"400\" src=\"https:\/\/dateando.com\/wp-content\/uploads\/2024\/06\/Dateando-Santiago-Otero-Armengol-Fundacion-Nino-Cuyagua-\u00a1La-otra-cara-de-Evenpro-PIC.jpg\" alt=\"\" class=\"wp-image-121774\" srcset=\"https:\/\/dateando.com\/wp-content\/uploads\/2024\/06\/Dateando-Santiago-Otero-Armengol-Fundacion-Nino-Cuyagua-\u00a1La-otra-cara-de-Evenpro-PIC.jpg 666w, https:\/\/dateando.com\/wp-content\/uploads\/2024\/06\/Dateando-Santiago-Otero-Armengol-Fundacion-Nino-Cuyagua-\u00a1La-otra-cara-de-Evenpro-PIC-300x180.jpg 300w\" sizes=\"auto, (max-width: 666px) 100vw, 666px\"\/><\/figure>\n<\/div>\n<p>La Fundaci\u00f3n Ni\u00f1o Cuyagua y Evenpro Corp crearon el programa <strong>\u2018Cinex en Cuyagua\u2019<\/strong>, para llevarle bienestar y entretenimiento a la comunidad, y, de esta manera, seguir haciendo la diferencia, impactando positivamente y aportando un granito de arena a favor del desarrollo de la zona.<\/p>\n<p><strong><em>(Con informaci\u00f3n de Santiago Otero Armengol)<\/em><\/strong><\/p>\n<\/p><\/div>\n<p><script async src=\"\/\/www.instagram.com\/embed.js\"><\/script><br \/>\n<br \/><a href=\"https:\/\/dateando.com\/reportero-dateando\/santiago-otero-armengol-fundacion-nino-cuyagua-la-otra-cara-de-evenpro\/\" class=\" target=\" title=\"Santiago Otero Armengol | Fundaci\u00f3n Ni\u00f1o Cuyagua: \u00a1La otra cara de Evenpro!\" target=\"_blank\" rel=\"noopener\">Ver fuente<\/a><\/p>\n","protected":false},"excerpt":{"rendered":"<p>DAT.- El grupo empresarial Evenpro Corp, desde el a\u00f1o 2015 y bajo el liderazgo de su presidente Santiago Otero Armengol, ha venido impulsando diversas iniciativas de car\u00e1cter social en la comunidad de Cuyagua, en la zona costera del estado Aragua, a trav\u00e9s de la Fundaci\u00f3n Ni\u00f1o Cuyagua. Comprometidos con el bienestar y desarrollo de la [&hellip;]<\/p>\n","protected":false},"author":2,"featured_media":6972,"comment_status":"open","ping_status":"closed","sticky":false,"template":"","format":"standard","meta":{"footnotes":""},"categories":[11],"tags":[],"class_list":["post-6971","post","type-post","status-publish","format-standard","has-post-thumbnail","hentry","category-actualidad"],"_links":{"self":[{"href":"https:\/\/enfoquenoticioso.com\/index.php?rest_route=\/wp\/v2\/posts\/6971","targetHints":{"allow":["GET"]}}],"collection":[{"href":"https:\/\/enfoquenoticioso.com\/index.php?rest_route=\/wp\/v2\/posts"}],"about":[{"href":"https:\/\/enfoquenoticioso.com\/index.php?rest_route=\/wp\/v2\/types\/post"}],"author":[{"embeddable":true,"href":"https:\/\/enfoquenoticioso.com\/index.php?rest_route=\/wp\/v2\/users\/2"}],"replies":[{"embeddable":true,"href":"https:\/\/enfoquenoticioso.com\/index.php?rest_route=%2Fwp%2Fv2%2Fcomments&post=6971"}],"version-history":[{"count":0,"href":"https:\/\/enfoquenoticioso.com\/index.php?rest_route=\/wp\/v2\/posts\/6971\/revisions"}],"wp:featuredmedia":[{"embeddable":true,"href":"https:\/\/enfoquenoticioso.com\/index.php?rest_route=\/wp\/v2\/media\/6972"}],"wp:attachment":[{"href":"https:\/\/enfoquenoticioso.com\/index.php?rest_route=%2Fwp%2Fv2%2Fmedia&parent=6971"}],"wp:term":[{"taxonomy":"category","embeddable":true,"href":"https:\/\/enfoquenoticioso.com\/index.php?rest_route=%2Fwp%2Fv2%2Fcategories&post=6971"},{"taxonomy":"post_tag","embeddable":true,"href":"https:\/\/enfoquenoticioso.com\/index.php?rest_route=%2Fwp%2Fv2%2Ftags&post=6971"}],"curies":[{"name":"wp","href":"https:\/\/api.w.org\/{rel}","templated":true}]}}