{"id":6987,"date":"2024-06-19T21:16:28","date_gmt":"2024-06-19T21:16:28","guid":{"rendered":"https:\/\/enfoquenoticioso.com\/sucesos\/imputaron-por-incitacion-al-odio-a-cuatro-activistas-politicos-de-la-guaira\/"},"modified":"2024-06-19T21:16:28","modified_gmt":"2024-06-19T21:16:28","slug":"imputaron-por-incitacion-al-odio-a-cuatro-activistas-politicos-de-la-guaira","status":"publish","type":"post","link":"https:\/\/enfoquenoticioso.com\/?p=6987","title":{"rendered":"Imputaron por incitaci\u00f3n al odio a cuatro activistas pol\u00edticos de La Guaira"},"content":{"rendered":"<div>\n<p>El fiscal general, Tarek William Saab, confirm\u00f3 este mi\u00e9rcoles la detenci\u00f3n e imputaci\u00f3n de cuatro activistas opositores, acusados de los delitos de \u00abincitaci\u00f3n al odio y asociaci\u00f3n\u00bb.<span id=\"more-531073\"\/><\/p>\n<p>En un mensaje en la red social X, Saab confirm\u00f3 el procesamiento de\u00a0los periodistas Luis L\u00f3pez e Ismael Gabriel Gonzalez y de los dirigentes pol\u00edticos Juan Iriarte y Jeancarlos Rivas, quienes fueron detenidos tras participar en la visita del candidato presidencial unitario, Edmundo Gonz\u00e1lez Urrutia, al estado Vargas.<\/p>\n<p>\u00abEstas personas en una convocatoria realizada por Vente Venezuela se dirigieron agresivamente al Comando de la GNB-Maiquet\u00eda, donde intentaron ingresar mediante el uso de la fuerza con la intenci\u00f3n de crear lesiones a los efectivos del referido componente militar, manteniendo la zozobra y generando terror a los habitantes de la zona\u00ab, asegur\u00f3 Saab.<\/p>\n<p>Inform\u00f3 que, adem\u00e1s de estos cuatro detenidos, tambi\u00e9n \u00abse mantienen evadidos Johny Rivas y Jhillkys Alcila, contra quienes se libr\u00f3 orden de aprehensi\u00f3n\u00ab.<\/p>\n<p>\u00abEn nuestro pa\u00eds, bajo nuestra gesti\u00f3n en el Ministerio P\u00fablico, todo acto que implique instigaci\u00f3n al odio, asalto a instituciones p\u00fablicas, quema a personas, intentos de golpes de Estado, insurrecci\u00f3n armada, guarimbas, etc \u2026 ser\u00e1 severamente castigada por implicar dichas malas acciones en su conjunto: la base real del nazi-fascismo, que no permitiremos jam\u00e1s ocurra en Venezuela\u00ab, sostuvo Saab.<\/p>\n<\/div>\n<p><a href=\"https:\/\/noticiasaldiayalahora.co\/sucesos\/imputaron-por-incitacion-al-odio-a-cuatro-activistas-politicos-de-la-guaira\/\" class=\" target=\" title=\"Imputaron por incitaci\u00f3n al odio a cuatro activistas pol\u00edticos de La Guaira\" target=\"_blank\" rel=\"noopener\">Ver fuente<\/a><\/p>\n","protected":false},"excerpt":{"rendered":"<p>El fiscal general, Tarek William Saab, confirm\u00f3 este mi\u00e9rcoles la detenci\u00f3n e imputaci\u00f3n de cuatro activistas opositores, acusados de los delitos de \u00abincitaci\u00f3n al odio y asociaci\u00f3n\u00bb. En un mensaje en la red social X, Saab confirm\u00f3 el procesamiento de\u00a0los periodistas Luis L\u00f3pez e Ismael Gabriel Gonzalez y de los dirigentes pol\u00edticos Juan Iriarte y [&hellip;]<\/p>\n","protected":false},"author":2,"featured_media":6988,"comment_status":"open","ping_status":"closed","sticky":false,"template":"","format":"standard","meta":{"footnotes":""},"categories":[5],"tags":[],"class_list":["post-6987","post","type-post","status-publish","format-standard","has-post-thumbnail","hentry","category-sucesos"],"_links":{"self":[{"href":"https:\/\/enfoquenoticioso.com\/index.php?rest_route=\/wp\/v2\/posts\/6987","targetHints":{"allow":["GET"]}}],"collection":[{"href":"https:\/\/enfoquenoticioso.com\/index.php?rest_route=\/wp\/v2\/posts"}],"about":[{"href":"https:\/\/enfoquenoticioso.com\/index.php?rest_route=\/wp\/v2\/types\/post"}],"author":[{"embeddable":true,"href":"https:\/\/enfoquenoticioso.com\/index.php?rest_route=\/wp\/v2\/users\/2"}],"replies":[{"embeddable":true,"href":"https:\/\/enfoquenoticioso.com\/index.php?rest_route=%2Fwp%2Fv2%2Fcomments&post=6987"}],"version-history":[{"count":0,"href":"https:\/\/enfoquenoticioso.com\/index.php?rest_route=\/wp\/v2\/posts\/6987\/revisions"}],"wp:featuredmedia":[{"embeddable":true,"href":"https:\/\/enfoquenoticioso.com\/index.php?rest_route=\/wp\/v2\/media\/6988"}],"wp:attachment":[{"href":"https:\/\/enfoquenoticioso.com\/index.php?rest_route=%2Fwp%2Fv2%2Fmedia&parent=6987"}],"wp:term":[{"taxonomy":"category","embeddable":true,"href":"https:\/\/enfoquenoticioso.com\/index.php?rest_route=%2Fwp%2Fv2%2Fcategories&post=6987"},{"taxonomy":"post_tag","embeddable":true,"href":"https:\/\/enfoquenoticioso.com\/index.php?rest_route=%2Fwp%2Fv2%2Ftags&post=6987"}],"curies":[{"name":"wp","href":"https:\/\/api.w.org\/{rel}","templated":true}]}}