{"id":7086,"date":"2024-06-20T14:46:37","date_gmt":"2024-06-20T14:46:37","guid":{"rendered":"https:\/\/enfoquenoticioso.com\/sucesos\/detienen-a-medico-por-la-muerte-de-mujer-y-nino-en-represa-de-cojedes\/"},"modified":"2024-06-20T14:46:37","modified_gmt":"2024-06-20T14:46:37","slug":"detienen-a-medico-por-la-muerte-de-mujer-y-nino-en-represa-de-cojedes","status":"publish","type":"post","link":"https:\/\/enfoquenoticioso.com\/?p=7086","title":{"rendered":"Detienen a m\u00e9dico por la muerte de mujer y ni\u00f1o en represa de Cojedes"},"content":{"rendered":"<div id=\"post-531114\">\n<div class=\"entry-thumbnail\">\n<img width=\"694\" height=\"437\" src=\"https:\/\/i0.wp.com\/noticiasaldiayalahora.co\/wp-content\/uploads\/2024\/06\/Cojedes-asesinatos.jpg?resize=694%2C437&amp;ssl=1\" class=\"attachment-content-single size-content-single wp-post-image\" alt=\"\" decoding=\"async\" fetchpriority=\"high\"\/><\/div>\n<p class=\"entry-meta\">\n<span class=\"entry-meta-author vcard author\">Por: <a class=\"fn\" href=\"https:\/\/noticiasaldiayalahora.co\/author\/redaccion\/\" target=\"_blank\" rel=\"noopener\">Redacci\u00f3n Noticias al Dia y a la Hora<\/a><\/span><br \/>\n<span class=\"entry-meta-date updated\">20 junio, 2024<\/span>\n<\/p>\n<div class=\"entry-content clearfix\">\n<p>Un oftalm\u00f3logo valenciano y su hermano fueron detenidos por el Cicpc Cojedes, se\u00f1alados de causar la muerte de Haisa Su Evelin Arias Delgado, de 40 a\u00f1os y su hijo Luciano Sep\u00falveda Arias de 9 a\u00f1os, el pasado s\u00e1bado 15 de junio en el embalse Pao-La Balsa, en Cojedes.<span id=\"more-531114\"\/><\/p>\n<p>En principio, el m\u00e9dico, pareja de Haisa, declar\u00f3 que el ni\u00f1o se lanz\u00f3 al agua y al no tener flotadores, se comenz\u00f3 a ahogar. La madre intent\u00f3 salvarlo, pero ambos murieron ahogados a pesar que \u00e9l intent\u00f3 rescatarlos, sin embargo las autopsias revelaron que ambos fueron asesinados.<\/p>\n<p>De acuerdo con <strong>El Pitazo<\/strong>, el reporte del Senamecf indica que la causa de la muerte de Haisa Su Evelin Arias Delgado fue asfixia mec\u00e1nica, obstrucci\u00f3n de las v\u00edas respiratorias superiores y sumersi\u00f3n completa, mientras el ni\u00f1o Luciano Sep\u00falveda Arias muri\u00f3 por asfixia mec\u00e1nica y constricci\u00f3n o estrangulaci\u00f3n del cuello.<\/p>\n<p>En el reporte forense se detalla que Arias Delgado muri\u00f3 primero y luego el ni\u00f1o.<\/p>\n<p>Los cad\u00e1veres fueron localizados aproximadamente a las 6:10 p.m., dentro de las inmediaciones de la represa Pao-La Balsa.<\/p>\n<p>Ambas v\u00edctimas resid\u00edan en la urbanizaci\u00f3n Amazonas de San Diego, Carabobo.<\/p>\n<div id=\"ez-toc-container\" class=\"ez-toc-v2_0_81 counter-hierarchy ez-toc-counter ez-toc-grey ez-toc-container-direction\">\n<div class=\"ez-toc-title-container\">\n<p class=\"ez-toc-title\" style=\"cursor:inherit\">Tabla de Contenido<\/p>\n<span class=\"ez-toc-title-toggle\"><a href=\"#\" class=\"ez-toc-pull-right ez-toc-btn ez-toc-btn-xs ez-toc-btn-default ez-toc-toggle\" aria-label=\"Alternar tabla de contenidos\"><span class=\"ez-toc-js-icon-con\"><span class=\"\"><span class=\"eztoc-hide\" style=\"display:none;\">Toggle<\/span><span class=\"ez-toc-icon-toggle-span\"><svg style=\"fill: #999;color:#999\" xmlns=\"http:\/\/www.w3.org\/2000\/svg\" class=\"list-377408\" width=\"20px\" height=\"20px\" viewBox=\"0 0 24 24\" fill=\"none\"><path d=\"M6 6H4v2h2V6zm14 0H8v2h12V6zM4 11h2v2H4v-2zm16 0H8v2h12v-2zM4 16h2v2H4v-2zm16 0H8v2h12v-2z\" fill=\"currentColor\"><\/path><\/svg><svg style=\"fill: #999;color:#999\" class=\"arrow-unsorted-368013\" xmlns=\"http:\/\/www.w3.org\/2000\/svg\" width=\"10px\" height=\"10px\" viewBox=\"0 0 24 24\" version=\"1.2\" baseProfile=\"tiny\"><path d=\"M18.2 9.3l-6.2-6.3-6.2 6.3c-.2.2-.3.4-.3.7s.1.5.3.7c.2.2.4.3.7.3h11c.3 0 .5-.1.7-.3.2-.2.3-.5.3-.7s-.1-.5-.3-.7zM5.8 14.7l6.2 6.3 6.2-6.3c.2-.2.3-.5.3-.7s-.1-.5-.3-.7c-.2-.2-.4-.3-.7-.3h-11c-.3 0-.5.1-.7.3-.2.2-.3.5-.3.7s.1.5.3.7z\"\/><\/svg><\/span><\/span><\/span><\/a><\/span><\/div>\n<nav><ul class='ez-toc-list ez-toc-list-level-1 ' ><li class='ez-toc-page-1 ez-toc-heading-level-4'><a class=\"ez-toc-link ez-toc-heading-1\" href=\"https:\/\/enfoquenoticioso.com\/?p=7086\/#Sigue_al_canal_de_noticias_en_Whatsaap\" >Sigue al canal de noticias en Whatsaap\u00a0<\/a><\/li><\/ul><\/nav><\/div>\n<h4><span class=\"ez-toc-section\" id=\"Sigue_al_canal_de_noticias_en_Whatsaap\"><\/span><strong><a href=\"https:\/\/whatsapp.com\/channel\/0029VaDXFnLId7nFFiDdVI26?fbclid=IwAR1LnVJqcByTELJH4Ht086FYRmdx18pRnV7CrkzmTJ5JaLHYY0igukfL9Yk\" target=\"_blank\" rel=\"noopener\">Sigue al canal de noticias en Whatsaap\u00a0<\/a><\/strong><span class=\"ez-toc-section-end\"><\/span><\/h4>\n<\/div>\n<\/div>\n<p><a href=\"https:\/\/noticiasaldiayalahora.co\/sucesos\/detienen-a-medico-por-la-muerte-de-mujer-y-nino-en-represa-de-cojedes\/\" class=\" target=\" title=\"Detienen a m\u00e9dico por la muerte de mujer y ni\u00f1o en represa de Cojedes\" target=\"_blank\" rel=\"noopener\">Ver fuente<\/a><\/p>\n","protected":false},"excerpt":{"rendered":"<p>Por: Redacci\u00f3n Noticias al Dia y a la Hora 20 junio, 2024 Un oftalm\u00f3logo valenciano y su hermano fueron detenidos por el Cicpc Cojedes, se\u00f1alados de causar la muerte de Haisa Su Evelin Arias Delgado, de 40 a\u00f1os y su hijo Luciano Sep\u00falveda Arias de 9 a\u00f1os, el pasado s\u00e1bado 15 de junio en el [&hellip;]<\/p>\n","protected":false},"author":2,"featured_media":7087,"comment_status":"open","ping_status":"closed","sticky":false,"template":"","format":"standard","meta":{"footnotes":""},"categories":[5],"tags":[],"class_list":["post-7086","post","type-post","status-publish","format-standard","has-post-thumbnail","hentry","category-sucesos"],"_links":{"self":[{"href":"https:\/\/enfoquenoticioso.com\/index.php?rest_route=\/wp\/v2\/posts\/7086","targetHints":{"allow":["GET"]}}],"collection":[{"href":"https:\/\/enfoquenoticioso.com\/index.php?rest_route=\/wp\/v2\/posts"}],"about":[{"href":"https:\/\/enfoquenoticioso.com\/index.php?rest_route=\/wp\/v2\/types\/post"}],"author":[{"embeddable":true,"href":"https:\/\/enfoquenoticioso.com\/index.php?rest_route=\/wp\/v2\/users\/2"}],"replies":[{"embeddable":true,"href":"https:\/\/enfoquenoticioso.com\/index.php?rest_route=%2Fwp%2Fv2%2Fcomments&post=7086"}],"version-history":[{"count":0,"href":"https:\/\/enfoquenoticioso.com\/index.php?rest_route=\/wp\/v2\/posts\/7086\/revisions"}],"wp:featuredmedia":[{"embeddable":true,"href":"https:\/\/enfoquenoticioso.com\/index.php?rest_route=\/wp\/v2\/media\/7087"}],"wp:attachment":[{"href":"https:\/\/enfoquenoticioso.com\/index.php?rest_route=%2Fwp%2Fv2%2Fmedia&parent=7086"}],"wp:term":[{"taxonomy":"category","embeddable":true,"href":"https:\/\/enfoquenoticioso.com\/index.php?rest_route=%2Fwp%2Fv2%2Fcategories&post=7086"},{"taxonomy":"post_tag","embeddable":true,"href":"https:\/\/enfoquenoticioso.com\/index.php?rest_route=%2Fwp%2Fv2%2Ftags&post=7086"}],"curies":[{"name":"wp","href":"https:\/\/api.w.org\/{rel}","templated":true}]}}