{"id":7126,"date":"2024-06-21T00:04:56","date_gmt":"2024-06-21T00:04:56","guid":{"rendered":"https:\/\/enfoquenoticioso.com\/actualidad\/las-emociones-de-riley-llegan-a-cinex-con-intensamente-2\/"},"modified":"2024-06-21T00:04:56","modified_gmt":"2024-06-21T00:04:56","slug":"las-emociones-de-riley-llegan-a-cinex-con-intensamente-2","status":"publish","type":"post","link":"https:\/\/enfoquenoticioso.com\/?p=7126","title":{"rendered":"Las emociones de Riley llegan a CINEX con \u2018Intensamente 2\u2019"},"content":{"rendered":"<div>\n<p><strong><em>DAT.-<\/em><\/strong> Este pasado 15 de junio <strong>miles de personas acudieron a las salas de cine<\/strong> del Centro Comercial Tol\u00f3n para disfrutar de la <strong>premier<\/strong> en Venezuela de <strong>\u2018Intensamente 2\u2019<\/strong>, secuela de la exitosa pel\u00edcula animada de Disney y Pixar estrenada hace 9 a\u00f1os, en 2015, a nivel mundial.<\/p>\n<p>Las modernas instalaciones de la cadena <strong><a href=\"https:\/\/www.instagram.com\/cinexve\/\" data-type=\"link\" data-id=\"https:\/\/www.instagram.com\/cinexve\/\" target=\"_blank\" rel=\"noopener\">Cinex<\/a> en el C.C. Tol\u00f3n<\/strong> recibieron a un gran n\u00famero de personas para la especial ocasi\u00f3n, y lo hicieron con <strong>juegos y actividades para los m\u00e1s peque\u00f1os de la casa<\/strong> quienes posteriormente disfrutaron de la pel\u00edcula.<\/p>\n<div id=\"ez-toc-container\" class=\"ez-toc-v2_0_81 counter-hierarchy ez-toc-counter ez-toc-grey ez-toc-container-direction\">\n<div class=\"ez-toc-title-container\">\n<p class=\"ez-toc-title\" style=\"cursor:inherit\">Tabla de Contenido<\/p>\n<span class=\"ez-toc-title-toggle\"><a href=\"#\" class=\"ez-toc-pull-right ez-toc-btn ez-toc-btn-xs ez-toc-btn-default ez-toc-toggle\" aria-label=\"Alternar tabla de contenidos\"><span class=\"ez-toc-js-icon-con\"><span class=\"\"><span class=\"eztoc-hide\" style=\"display:none;\">Toggle<\/span><span class=\"ez-toc-icon-toggle-span\"><svg style=\"fill: #999;color:#999\" xmlns=\"http:\/\/www.w3.org\/2000\/svg\" class=\"list-377408\" width=\"20px\" height=\"20px\" viewBox=\"0 0 24 24\" fill=\"none\"><path d=\"M6 6H4v2h2V6zm14 0H8v2h12V6zM4 11h2v2H4v-2zm16 0H8v2h12v-2zM4 16h2v2H4v-2zm16 0H8v2h12v-2z\" fill=\"currentColor\"><\/path><\/svg><svg style=\"fill: #999;color:#999\" class=\"arrow-unsorted-368013\" xmlns=\"http:\/\/www.w3.org\/2000\/svg\" width=\"10px\" height=\"10px\" viewBox=\"0 0 24 24\" version=\"1.2\" baseProfile=\"tiny\"><path d=\"M18.2 9.3l-6.2-6.3-6.2 6.3c-.2.2-.3.4-.3.7s.1.5.3.7c.2.2.4.3.7.3h11c.3 0 .5-.1.7-.3.2-.2.3-.5.3-.7s-.1-.5-.3-.7zM5.8 14.7l6.2 6.3 6.2-6.3c.2-.2.3-.5.3-.7s-.1-.5-.3-.7c-.2-.2-.4-.3-.7-.3h-11c-.3 0-.5.1-.7.3-.2.2-.3.5-.3.7s.1.5.3.7z\"\/><\/svg><\/span><\/span><\/span><\/a><\/span><\/div>\n<nav><ul class='ez-toc-list ez-toc-list-level-1 ' ><li class='ez-toc-page-1 ez-toc-heading-level-5'><a class=\"ez-toc-link ez-toc-heading-1\" href=\"https:\/\/enfoquenoticioso.com\/?p=7126\/#LEA_TAMBIEN_Santiago_Otero_Armengol_Fundacion_Nino_Cuyagua_%C2%A1La_otra_cara_de_Evenpro\" >LEA TAMBI\u00c9N | Santiago Otero Armengol | Fundaci\u00f3n Ni\u00f1o Cuyagua: \u00a1La otra cara de Evenpro!<\/a><\/li><\/ul><\/nav><\/div>\n<h5 class=\"wp-block-heading\"><span class=\"ez-toc-section\" id=\"LEA_TAMBIEN_Santiago_Otero_Armengol_Fundacion_Nino_Cuyagua_%C2%A1La_otra_cara_de_Evenpro\"><\/span>LEA TAMBI\u00c9N | <a href=\"https:\/\/dateando.com\/reportero-dateando\/santiago-otero-armengol-fundacion-nino-cuyagua-la-otra-cara-de-evenpro\/\" target=\"_blank\" rel=\"noopener\">Santiago Otero Armengol | Fundaci\u00f3n Ni\u00f1o Cuyagua: \u00a1La otra cara de Evenpro!<\/a><span class=\"ez-toc-section-end\"><\/span><\/h5>\n<p>Seg\u00fan lo confirm\u00f3 <strong>Santiago Otero Armengol<\/strong>, presidente de Evenpro Corp., <strong>Cinex se prepar\u00f3 para deleitar con la magia del cine a miles de espectadores<\/strong>. La proyecci\u00f3n de la esperada pel\u00edcula ya es una realidad en todos los cines de la cadena en todo el pa\u00eds, y <strong>se puede disfrutar en una amplia gama de horarios y salas<\/strong>, con combos especiales y cotufas de colores que aluden a las conocidas emociones de Riley.<\/p>\n<div class=\"wp-block-image\">\n<figure class=\"aligncenter size-full\"><img loading=\"lazy\" decoding=\"async\" width=\"826\" height=\"444\" src=\"https:\/\/dateando.com\/wp-content\/uploads\/2024\/06\/Dateando-Evenpro-Las-emociones-de-Riley-llegan-a-CINEX-con-\u2018Intensamente-2-IMG-1.jpg\" alt=\"\" class=\"wp-image-122126 lazyload\" srcset=\"https:\/\/dateando.com\/wp-content\/uploads\/2024\/06\/Dateando-Evenpro-Las-emociones-de-Riley-llegan-a-CINEX-con-\u2018Intensamente-2-IMG-1.jpg 826w, https:\/\/dateando.com\/wp-content\/uploads\/2024\/06\/Dateando-Evenpro-Las-emociones-de-Riley-llegan-a-CINEX-con-\u2018Intensamente-2-IMG-1-300x161.jpg 300w, https:\/\/dateando.com\/wp-content\/uploads\/2024\/06\/Dateando-Evenpro-Las-emociones-de-Riley-llegan-a-CINEX-con-\u2018Intensamente-2-IMG-1-768x413.jpg 768w\" data-sizes=\"(max-width: 826px) 100vw, 826px\" style=\"--smush-placeholder-width: 826px; --smush-placeholder-aspect-ratio: 826\/444;\"\/><img loading=\"lazy\" decoding=\"async\" width=\"826\" height=\"444\" src=\"https:\/\/dateando.com\/wp-content\/uploads\/2024\/06\/Dateando-Evenpro-Las-emociones-de-Riley-llegan-a-CINEX-con-\u2018Intensamente-2-IMG-1.jpg\" alt=\"\" class=\"wp-image-122126\" srcset=\"https:\/\/dateando.com\/wp-content\/uploads\/2024\/06\/Dateando-Evenpro-Las-emociones-de-Riley-llegan-a-CINEX-con-\u2018Intensamente-2-IMG-1.jpg 826w, https:\/\/dateando.com\/wp-content\/uploads\/2024\/06\/Dateando-Evenpro-Las-emociones-de-Riley-llegan-a-CINEX-con-\u2018Intensamente-2-IMG-1-300x161.jpg 300w, https:\/\/dateando.com\/wp-content\/uploads\/2024\/06\/Dateando-Evenpro-Las-emociones-de-Riley-llegan-a-CINEX-con-\u2018Intensamente-2-IMG-1-768x413.jpg 768w\" sizes=\"auto, (max-width: 826px) 100vw, 826px\"\/><figcaption class=\"wp-element-caption\">Imagen cortes\u00eda: Evenpro<\/figcaption><\/figure>\n<\/div>\n<p>Y es que en <strong>\u2018Intensamente 2\u2019<\/strong>, la trama vuelve a reflejar lo que sucede en el interior de una Riley que el p\u00fablico conoci\u00f3 a\u00f1os atr\u00e1s cuando era ni\u00f1a. En esta oportunidad, los ya conocidos <strong>Alegr\u00eda, Tristeza, Furia, Desagrado y Temor le dan la bienvenida a Ansiedad, Envidia, Aburrimiento, Verg\u00fcenza<\/strong>, nuevas emociones que la protagonista comienza a experimentar mientras transita las vicisitudes de su preadolescencia, ya que se encuentra en la v\u00edspera de ingresar a la segundaria, acompa\u00f1ada nuevamente por sus padres.<\/p>\n<p><strong><em>(Con informaci\u00f3n de Evenpro \/ Santiago Otero Armengol)<\/em><\/strong><\/p>\n<\/p><\/div>\n<p><script async src=\"\/\/www.instagram.com\/embed.js\"><\/script><br \/>\n<br \/><a href=\"https:\/\/dateando.com\/reportero-dateando\/evenpro-las-emociones-de-riley-llegan-a-cinex-con-intensamente-2\/\" class=\" target=\" title=\"Las emociones de Riley llegan a CINEX con \u2018Intensamente 2\u2019\" target=\"_blank\" rel=\"noopener\">Ver fuente<\/a><\/p>\n","protected":false},"excerpt":{"rendered":"<p>DAT.- Este pasado 15 de junio miles de personas acudieron a las salas de cine del Centro Comercial Tol\u00f3n para disfrutar de la premier en Venezuela de \u2018Intensamente 2\u2019, secuela de la exitosa pel\u00edcula animada de Disney y Pixar estrenada hace 9 a\u00f1os, en 2015, a nivel mundial. Las modernas instalaciones de la cadena Cinex [&hellip;]<\/p>\n","protected":false},"author":2,"featured_media":7127,"comment_status":"open","ping_status":"closed","sticky":false,"template":"","format":"standard","meta":{"footnotes":""},"categories":[11],"tags":[],"class_list":["post-7126","post","type-post","status-publish","format-standard","has-post-thumbnail","hentry","category-actualidad"],"_links":{"self":[{"href":"https:\/\/enfoquenoticioso.com\/index.php?rest_route=\/wp\/v2\/posts\/7126","targetHints":{"allow":["GET"]}}],"collection":[{"href":"https:\/\/enfoquenoticioso.com\/index.php?rest_route=\/wp\/v2\/posts"}],"about":[{"href":"https:\/\/enfoquenoticioso.com\/index.php?rest_route=\/wp\/v2\/types\/post"}],"author":[{"embeddable":true,"href":"https:\/\/enfoquenoticioso.com\/index.php?rest_route=\/wp\/v2\/users\/2"}],"replies":[{"embeddable":true,"href":"https:\/\/enfoquenoticioso.com\/index.php?rest_route=%2Fwp%2Fv2%2Fcomments&post=7126"}],"version-history":[{"count":0,"href":"https:\/\/enfoquenoticioso.com\/index.php?rest_route=\/wp\/v2\/posts\/7126\/revisions"}],"wp:featuredmedia":[{"embeddable":true,"href":"https:\/\/enfoquenoticioso.com\/index.php?rest_route=\/wp\/v2\/media\/7127"}],"wp:attachment":[{"href":"https:\/\/enfoquenoticioso.com\/index.php?rest_route=%2Fwp%2Fv2%2Fmedia&parent=7126"}],"wp:term":[{"taxonomy":"category","embeddable":true,"href":"https:\/\/enfoquenoticioso.com\/index.php?rest_route=%2Fwp%2Fv2%2Fcategories&post=7126"},{"taxonomy":"post_tag","embeddable":true,"href":"https:\/\/enfoquenoticioso.com\/index.php?rest_route=%2Fwp%2Fv2%2Ftags&post=7126"}],"curies":[{"name":"wp","href":"https:\/\/api.w.org\/{rel}","templated":true}]}}