{"id":7178,"date":"2024-06-21T14:31:50","date_gmt":"2024-06-21T14:31:50","guid":{"rendered":"https:\/\/enfoquenoticioso.com\/internacionales\/roma-en-alerta-roja-por-calor-de-mas-de-50-grados\/"},"modified":"2024-06-21T14:31:50","modified_gmt":"2024-06-21T14:31:50","slug":"roma-en-alerta-roja-por-calor-de-mas-de-50-grados","status":"publish","type":"post","link":"https:\/\/enfoquenoticioso.com\/?p=7178","title":{"rendered":"Roma en alerta roja por calor de m\u00e1s de 50 grados"},"content":{"rendered":"<div>\n<p>El Coliseo y la plaza de San Pedro del Vaticano, dos de los lugares m\u00e1s emblem\u00e1ticos de Roma y por los que pasan cada d\u00eda decenas de miles de turistas, han superado los 50 grados en sus superficies en tiempo real, cuando la capital se encuentra este viernes en alerta roja por la ola de calor que azota el pa\u00eds.<span id=\"more-531184\"\/><\/p>\n<p>Gracias al uso de una c\u00e1mara t\u00e9rmica de infrarrojos que les permiti\u00f3 registrar las temperaturas en tiempo real, miembros de la ONG Greenpeace Italia salieron a las calles de Roma y detectaron m\u00e1s de 50 grados en las superficies del Coliseo y la plaza de San Pedro, que cada d\u00eda visitan unas 25.000 personas.<\/p>\n<p>Otro punto donde se superaron los 50 grados en el primer d\u00eda del verano este jueves fue la mayor estaci\u00f3n de tren de la capital italiana, Termini, por la que pasan m\u00e1s de 450.000 viajeros a diario, explic\u00f3 la ONG.<\/p>\n<p>\u00abMiles de turistas, viajeros y residentes est\u00e1n sometidos a temperaturas extremas, condiciones peligrosas para su salud\u00bb, que \u00abpodr\u00edan tener efectos negativos no solo en grupos de salud de riesgo como ni\u00f1os y ancianos, sino tambi\u00e9n en personas sanas y activas\u00bb, indic\u00f3 en un comunicado.<\/p>\n<p>La ciudad est\u00e1 en alerta roja por una ola de calor este viernes, cuando se prev\u00e9 que se alcanc\u00e9 una temperatura m\u00e1xima de 37 grados, seg\u00fan el Ministerio de Sanidad Italiano, que tambi\u00e9n advierte del m\u00e1ximo nivel de alerta altas en otras siete ciudades italianas: Ancona, Campobaso, Frosinone, Latina, Perugia, Rieti, en el norte, y en el sur, Palermo.<\/p>\n<p>Seg\u00fan la ONG, se trata de un efecto del cambio clim\u00e1tico, pues \u00abla temperatura actual en varias ciudades italianas habr\u00eda sido muy improbable sin el calentamiento provocado por las actividades humanas, como la explotaci\u00f3n de combustibles f\u00f3siles\u00bb.<\/p>\n<p>Roma registr\u00f3 un aumento de temperatura de 7,3\u00b0C respecto a los valores que se habr\u00edan medido en un mundo sin crisis clim\u00e1tica y otras ciudades como Perugia, Palermo y Trento experimentaron aumentos de 5,7 \u00baC, 7,3 \u00baC Y 4, 7\u00ba C respectivamente, seg\u00fan Greenpeace.<\/p>\n<p>\u00abLa temperatura del planeta sigue aumentando y la comunidad cient\u00edfica advierte de que las olas de calor son cada vez m\u00e1s probables e intensas debido a la crisis clim\u00e1tica, agravada por la irresponsabilidad de las grandes petroleras\u00bb, a\u00f1adi\u00f3 la ONG.<\/p>\n<p><strong>EFE<\/strong><\/p>\n<\/div>\n<p><a href=\"https:\/\/noticiasaldiayalahora.co\/internacionales\/roma-en-alerta-roja-por-calor-de-mas-de-50-grados\/\" class=\" target=\" title=\"Roma en alerta roja por calor de m\u00e1s de 50 grados\" target=\"_blank\" rel=\"noopener\">Ver fuente<\/a><\/p>\n","protected":false},"excerpt":{"rendered":"<p>El Coliseo y la plaza de San Pedro del Vaticano, dos de los lugares m\u00e1s emblem\u00e1ticos de Roma y por los que pasan cada d\u00eda decenas de miles de turistas, han superado los 50 grados en sus superficies en tiempo real, cuando la capital se encuentra este viernes en alerta roja por la ola de [&hellip;]<\/p>\n","protected":false},"author":2,"featured_media":7179,"comment_status":"open","ping_status":"closed","sticky":false,"template":"","format":"standard","meta":{"footnotes":""},"categories":[6],"tags":[],"class_list":["post-7178","post","type-post","status-publish","format-standard","has-post-thumbnail","hentry","category-internacionales"],"_links":{"self":[{"href":"https:\/\/enfoquenoticioso.com\/index.php?rest_route=\/wp\/v2\/posts\/7178","targetHints":{"allow":["GET"]}}],"collection":[{"href":"https:\/\/enfoquenoticioso.com\/index.php?rest_route=\/wp\/v2\/posts"}],"about":[{"href":"https:\/\/enfoquenoticioso.com\/index.php?rest_route=\/wp\/v2\/types\/post"}],"author":[{"embeddable":true,"href":"https:\/\/enfoquenoticioso.com\/index.php?rest_route=\/wp\/v2\/users\/2"}],"replies":[{"embeddable":true,"href":"https:\/\/enfoquenoticioso.com\/index.php?rest_route=%2Fwp%2Fv2%2Fcomments&post=7178"}],"version-history":[{"count":0,"href":"https:\/\/enfoquenoticioso.com\/index.php?rest_route=\/wp\/v2\/posts\/7178\/revisions"}],"wp:featuredmedia":[{"embeddable":true,"href":"https:\/\/enfoquenoticioso.com\/index.php?rest_route=\/wp\/v2\/media\/7179"}],"wp:attachment":[{"href":"https:\/\/enfoquenoticioso.com\/index.php?rest_route=%2Fwp%2Fv2%2Fmedia&parent=7178"}],"wp:term":[{"taxonomy":"category","embeddable":true,"href":"https:\/\/enfoquenoticioso.com\/index.php?rest_route=%2Fwp%2Fv2%2Fcategories&post=7178"},{"taxonomy":"post_tag","embeddable":true,"href":"https:\/\/enfoquenoticioso.com\/index.php?rest_route=%2Fwp%2Fv2%2Ftags&post=7178"}],"curies":[{"name":"wp","href":"https:\/\/api.w.org\/{rel}","templated":true}]}}