{"id":7192,"date":"2024-06-21T16:22:16","date_gmt":"2024-06-21T16:22:16","guid":{"rendered":"https:\/\/enfoquenoticioso.com\/internacionales\/sector-privado-en-mexico-ofrece-colaboracion-al-futuro-gobierno-de-claudia-sheinbaum\/"},"modified":"2024-06-21T16:22:16","modified_gmt":"2024-06-21T16:22:16","slug":"sector-privado-en-mexico-ofrece-colaboracion-al-futuro-gobierno-de-claudia-sheinbaum","status":"publish","type":"post","link":"https:\/\/enfoquenoticioso.com\/?p=7192","title":{"rendered":"Sector privado en M\u00e9xico ofrece colaboraci\u00f3n al futuro Gobierno de Claudia Sheinbaum"},"content":{"rendered":"<div>\n<p>El empresariado en M\u00e9xico mostr\u00f3 su benepl\u00e1cito ante los primeros seis nombramientos del equipo de Gobierno de la pr\u00f3xima presidenta, Claudia Sheinbaum y extendi\u00f3 la mano para trabajar en conjunto por el bien del pa\u00eds.<\/p>\n<p>El Consejo Coordinador Empresarial (CCE), que agrupa a las organizaciones c\u00fapula empresariales de M\u00e9xico responsables del 80% del Producto Interno Bruto (PIB) nacional, celebr\u00f3 el anuncio en su cuenta de la red social X.<\/p>\n<p>\u201c\u00a1Enhorabuena a la futura consejera jur\u00eddica y a las y los pr\u00f3ximos secretarios!\u201d, se lee en su publicaci\u00f3n en sus redes sociales.<\/p>\n<p>Previamente, Sheinbaum confirm\u00f3 a seis integrantes de su gabinete de Gobierno una vez que asuma como la primera presidenta de M\u00e9xico el pr\u00f3ximo 1 de octubre, entre ellos a Marcelo Ebrard y Juan Ram\u00f3n de la Fuente, quienes encabezar\u00e1n las Secretar\u00edas (Ministerios) de Econom\u00eda y Relaciones Exteriores, respectivamente.<\/p>\n<p>Adem\u00e1s, nombr\u00f3 a Alicia B\u00e1rcena, actual canciller, como la futura titular de la Secretar\u00eda de Medio Ambiente y Recursos Naturales, y a Julio Berdegu\u00e9 como el siguiente titular de Agricultura y Desarrollo Rural.<\/p>\n<p>Adem\u00e1s, rescat\u00f3 a dos mujeres con las que trabaj\u00f3 como alcaldesa de la Ciudad de M\u00e9xico (2018-2023), Ernestina Godoy, la pol\u00e9mica ex titular de la Fiscal\u00eda General de Justicia de la capital, quien ahora ser\u00e1 la consejera jur\u00eddica de la Presidencia.<\/p>\n<p>Y Rosaura Ruiz, exsecretaria de Educaci\u00f3n, Ciencia, Tecnolog\u00eda e Innovaci\u00f3n de la capital mexicana, quien ser\u00e1 la pr\u00f3xima secretaria de Ciencia, Humanidades, Tecnolog\u00eda e Innovaci\u00f3n (Secihti) de M\u00e9xico.<\/p>\n<p>Tras los nombramientos, el Consejo Nacional Agropecuario (CNA), organismo cabeza del sector primario mexicano, reconoci\u00f3 \u201cla trayectoria y experiencia de cada uno de los funcionarios designados\u201d.<\/p>\n<p>Asimismo, manifest\u00f3 su \u201cdisposici\u00f3n para trabajar de manera cercana y coordinada con ellos en beneficio del desarrollo del sector agropecuario y la seguridad alimentaria de nuestro pa\u00eds\u201d.<\/p>\n<p>\u201cEl CNA ve con optimismo la conformaci\u00f3n de este equipo de trabajo y conf\u00eda en que su gesti\u00f3n contribuir\u00e1 significativamente al fortalecimiento del campo mexicano y al bienestar de todos los mexicanos\u201d, agreg\u00f3 Juan Cortina Gallardo en un comunicado.<\/p>\n<p>Por su parte, el presidente de la Confederaci\u00f3n de C\u00e1maras Nacional de Comercio, Servicios y Turismo (Concanaco Servytur), Octavio de la Torre, confi\u00f3 en el di\u00e1logo con la pr\u00f3xima administraci\u00f3n del Gobierno de Sheinbaum, as\u00ed como en que \u201cla colaboraci\u00f3n se mantenga abierta y en disposici\u00f3n\u201d.<\/p>\n<p>\u201cNos sumamos a esta nueva etapa con entusiasmo y compromiso, reafirmando nuestra disposici\u00f3n a colaborar estrechamente con cada uno de ellos. A lo largo de sus diversas trayectorias, hemos trabajado juntos en m\u00faltiples proyectos y sabemos que su experiencia y dedicaci\u00f3n ser\u00e1n fundamentales para el progreso de M\u00e9xico\u201d, expres\u00f3.<\/p>\n<p>Mientras que el presidente de la Confederaci\u00f3n de C\u00e1maras Industriales (Concamin), Alejandro Malag\u00f3n Barrag\u00e1n, asegur\u00f3 que los empresarios del sector secundario en el pa\u00eds conf\u00edan \u201cen la capacidad, profesionalismo y compromiso de los futuros funcionarios\u201d.<\/p>\n<p>Ayer, la c\u00fapula del empresariado mexicano sostuvo su primera reuni\u00f3n con Sheinbaum tras su aplastante triunfo en las m\u00e1s grandes elecciones del 2 de junio pasado, donde asistieron m\u00e1s de 300 empresarios con operaciones en el pa\u00eds y anunciaron nuevas inversiones por m\u00e1s de 42.000 millones de d\u00f3lares.<\/p>\n<p>Estas noticias tambi\u00e9n generaron un impacto positivo en el peso mexicano, que se apreci\u00f3 hasta ser la segunda divisa con mayor avance frente al d\u00f3lar en el d\u00eda, aunque a\u00fan se mantiene un 8,3 % lejos de su nivel previo a las elecciones, tras caer un 4,4 % al d\u00eda siguiente. EFE<\/p>\n<p>\u00a0<\/p>\n<\/div>\n<p><a href=\"https:\/\/noticiasaldiayalahora.co\/internacionales\/sector-privado-en-mexico-ofrece-colaboracion-al-futuro-gobierno-de-claudia-sheinbaum\/\" class=\" target=\" title=\"Sector privado en M\u00e9xico ofrece colaboraci\u00f3n al futuro Gobierno de Claudia Sheinbaum\" target=\"_blank\" rel=\"noopener\">Ver fuente<\/a><\/p>\n","protected":false},"excerpt":{"rendered":"<p>El empresariado en M\u00e9xico mostr\u00f3 su benepl\u00e1cito ante los primeros seis nombramientos del equipo de Gobierno de la pr\u00f3xima presidenta, Claudia Sheinbaum y extendi\u00f3 la mano para trabajar en conjunto por el bien del pa\u00eds. El Consejo Coordinador Empresarial (CCE), que agrupa a las organizaciones c\u00fapula empresariales de M\u00e9xico responsables del 80% del Producto Interno [&hellip;]<\/p>\n","protected":false},"author":2,"featured_media":7193,"comment_status":"open","ping_status":"closed","sticky":false,"template":"","format":"standard","meta":{"footnotes":""},"categories":[6],"tags":[],"class_list":["post-7192","post","type-post","status-publish","format-standard","has-post-thumbnail","hentry","category-internacionales"],"_links":{"self":[{"href":"https:\/\/enfoquenoticioso.com\/index.php?rest_route=\/wp\/v2\/posts\/7192","targetHints":{"allow":["GET"]}}],"collection":[{"href":"https:\/\/enfoquenoticioso.com\/index.php?rest_route=\/wp\/v2\/posts"}],"about":[{"href":"https:\/\/enfoquenoticioso.com\/index.php?rest_route=\/wp\/v2\/types\/post"}],"author":[{"embeddable":true,"href":"https:\/\/enfoquenoticioso.com\/index.php?rest_route=\/wp\/v2\/users\/2"}],"replies":[{"embeddable":true,"href":"https:\/\/enfoquenoticioso.com\/index.php?rest_route=%2Fwp%2Fv2%2Fcomments&post=7192"}],"version-history":[{"count":0,"href":"https:\/\/enfoquenoticioso.com\/index.php?rest_route=\/wp\/v2\/posts\/7192\/revisions"}],"wp:featuredmedia":[{"embeddable":true,"href":"https:\/\/enfoquenoticioso.com\/index.php?rest_route=\/wp\/v2\/media\/7193"}],"wp:attachment":[{"href":"https:\/\/enfoquenoticioso.com\/index.php?rest_route=%2Fwp%2Fv2%2Fmedia&parent=7192"}],"wp:term":[{"taxonomy":"category","embeddable":true,"href":"https:\/\/enfoquenoticioso.com\/index.php?rest_route=%2Fwp%2Fv2%2Fcategories&post=7192"},{"taxonomy":"post_tag","embeddable":true,"href":"https:\/\/enfoquenoticioso.com\/index.php?rest_route=%2Fwp%2Fv2%2Ftags&post=7192"}],"curies":[{"name":"wp","href":"https:\/\/api.w.org\/{rel}","templated":true}]}}