{"id":7339,"date":"2024-06-22T19:41:12","date_gmt":"2024-06-22T19:41:12","guid":{"rendered":"https:\/\/enfoquenoticioso.com\/sucesos\/macabro-hallazgo-entre-la-maleza-encuentran-cadaver-del-nino-raptado-en-guarenas\/"},"modified":"2024-06-22T19:41:12","modified_gmt":"2024-06-22T19:41:12","slug":"macabro-hallazgo-entre-la-maleza-encuentran-cadaver-del-nino-raptado-en-guarenas","status":"publish","type":"post","link":"https:\/\/enfoquenoticioso.com\/?p=7339","title":{"rendered":"\u00a1Macabro hallazgo! entre la maleza encuentran cad\u00e1ver del ni\u00f1o raptado en Guarenas"},"content":{"rendered":"<div id=\"post-531250\">\n<div class=\"entry-thumbnail\">\n<img width=\"700\" height=\"352\" src=\"https:\/\/i0.wp.com\/noticiasaldiayalahora.co\/wp-content\/uploads\/2023\/09\/Cicpc-Fila-de-Mariches-asesinatos.jpg?resize=700%2C352&amp;ssl=1\" class=\"attachment-content-single size-content-single wp-post-image\" alt=\"\" decoding=\"async\" fetchpriority=\"high\" srcset=\"https:\/\/i0.wp.com\/noticiasaldiayalahora.co\/wp-content\/uploads\/2023\/09\/Cicpc-Fila-de-Mariches-asesinatos.jpg?w=700&amp;ssl=1 700w, https:\/\/i0.wp.com\/noticiasaldiayalahora.co\/wp-content\/uploads\/2023\/09\/Cicpc-Fila-de-Mariches-asesinatos.jpg?resize=300%2C151&amp;ssl=1 300w\" sizes=\"(max-width: 700px) 100vw, 700px\"\/><\/div>\n<p class=\"entry-meta\">\n<span class=\"entry-meta-author vcard author\">Por: <a class=\"fn\" href=\"https:\/\/noticiasaldiayalahora.co\/author\/noticias\/\" target=\"_blank\" rel=\"noopener\">AL D\u00eda y a la Hora | @Notidiahora<\/a><\/span><br \/>\n<span class=\"entry-meta-date updated\">22 junio, 2024<\/span>\n<\/p>\n<div class=\"entry-content clearfix\">\n<p>Funcionarios de la PNB hallaron el cuerpo sin vida del ni\u00f1o, de 9 a\u00f1os de edad, desaparecido desde el pasado 19 de junio en Guarenas, en medio de la maleza adyacente al cementerio El Cercado.<\/p>\n<p>El padrastro del ni\u00f1o, Luis Manuel Mej\u00edas Indriago, se encuentra detenido y ser\u00eda el principal sospechoso ya que, seg\u00fan informaci\u00f3n policial, habr\u00eda solicitado una suma de 500$ a la mam\u00e1 del ni\u00f1o para dar una fe de vida.<\/p>\n<blockquote class=\"instagram-media\" data-instgrm-captioned=\"\" data-instgrm-permalink=\"https:\/\/www.instagram.com\/reel\/C8hQ_RhOwhh\/?utm_source=ig_embed&amp;utm_campaign=loading\" data-instgrm-version=\"14\" style=\" background:#FFF; border:0; border-radius:3px; box-shadow:0 0 1px 0 rgba(0,0,0,0.5),0 1px 10px 0 rgba(0,0,0,0.15); margin: 1px; max-width:500px; min-width:326px; padding:0; width:99.375%; width:-webkit-calc(100% - 2px); width:calc(100% - 2px);\">\n<\/blockquote>\n<p>\u00a0<\/p>\n<\/div>\n<\/div>\n<p><script async src=\"\/\/www.instagram.com\/embed.js\"><\/script><br \/>\n<br \/><a href=\"https:\/\/noticiasaldiayalahora.co\/sucesos\/macabro-hallazgo-entre-la-maleza-encuentran-cadaver-del-nino-raptado-en-guarenas\/\" class=\" target=\" title=\"\u00a1Macabro hallazgo! entre la maleza encuentran cad\u00e1ver del ni\u00f1o raptado en Guarenas\" target=\"_blank\" rel=\"noopener\">Ver fuente<\/a><\/p>\n","protected":false},"excerpt":{"rendered":"<p>Por: AL D\u00eda y a la Hora | @Notidiahora 22 junio, 2024 Funcionarios de la PNB hallaron el cuerpo sin vida del ni\u00f1o, de 9 a\u00f1os de edad, desaparecido desde el pasado 19 de junio en Guarenas, en medio de la maleza adyacente al cementerio El Cercado. El padrastro del ni\u00f1o, Luis Manuel Mej\u00edas Indriago, [&hellip;]<\/p>\n","protected":false},"author":2,"featured_media":1124,"comment_status":"open","ping_status":"closed","sticky":false,"template":"","format":"standard","meta":{"footnotes":""},"categories":[5],"tags":[],"class_list":["post-7339","post","type-post","status-publish","format-standard","has-post-thumbnail","hentry","category-sucesos"],"_links":{"self":[{"href":"https:\/\/enfoquenoticioso.com\/index.php?rest_route=\/wp\/v2\/posts\/7339","targetHints":{"allow":["GET"]}}],"collection":[{"href":"https:\/\/enfoquenoticioso.com\/index.php?rest_route=\/wp\/v2\/posts"}],"about":[{"href":"https:\/\/enfoquenoticioso.com\/index.php?rest_route=\/wp\/v2\/types\/post"}],"author":[{"embeddable":true,"href":"https:\/\/enfoquenoticioso.com\/index.php?rest_route=\/wp\/v2\/users\/2"}],"replies":[{"embeddable":true,"href":"https:\/\/enfoquenoticioso.com\/index.php?rest_route=%2Fwp%2Fv2%2Fcomments&post=7339"}],"version-history":[{"count":0,"href":"https:\/\/enfoquenoticioso.com\/index.php?rest_route=\/wp\/v2\/posts\/7339\/revisions"}],"wp:featuredmedia":[{"embeddable":true,"href":"https:\/\/enfoquenoticioso.com\/index.php?rest_route=\/wp\/v2\/media\/1124"}],"wp:attachment":[{"href":"https:\/\/enfoquenoticioso.com\/index.php?rest_route=%2Fwp%2Fv2%2Fmedia&parent=7339"}],"wp:term":[{"taxonomy":"category","embeddable":true,"href":"https:\/\/enfoquenoticioso.com\/index.php?rest_route=%2Fwp%2Fv2%2Fcategories&post=7339"},{"taxonomy":"post_tag","embeddable":true,"href":"https:\/\/enfoquenoticioso.com\/index.php?rest_route=%2Fwp%2Fv2%2Ftags&post=7339"}],"curies":[{"name":"wp","href":"https:\/\/api.w.org\/{rel}","templated":true}]}}