{"id":7425,"date":"2024-06-23T12:16:11","date_gmt":"2024-06-23T12:16:11","guid":{"rendered":"https:\/\/enfoquenoticioso.com\/sucesos\/hallan-muerto-a-locutor-venezolano-en-trocha-que-comunica-tachira-con-cucuta\/"},"modified":"2024-06-23T12:16:11","modified_gmt":"2024-06-23T12:16:11","slug":"hallan-muerto-a-locutor-venezolano-en-trocha-que-comunica-tachira-con-cucuta","status":"publish","type":"post","link":"https:\/\/enfoquenoticioso.com\/?p=7425","title":{"rendered":"Hallan muerto a locutor venezolano en trocha que comunica T\u00e1chira con C\u00facuta"},"content":{"rendered":"<div>\n<p>El Sindicato Nacional de Trabajadores de la Prensa (Sntp) inform\u00f3 que la Polic\u00eda de Colombia encontr\u00f3 el cuerpo del locutor venezolano\u00a0<strong>Miguel \u00c1ngel Molina Villamizar<\/strong>\u00a0en la trocha La Marina, de Villa del Rosario, que comunica el estado T\u00e1chira con el departamento Norte de Santander.<span id=\"more-531273\"\/><\/p>\n<p>A trav\u00e9s de la red social X, el organismo gremial notific\u00f3 que al momento del hallazgo portaba un carnet que lo identificaba como locutor. Molina Villamizar era el director general de la emisora Melod\u00eda 90.1 FM.<\/p>\n<blockquote class=\"twitter-tweet\" data-media-max-width=\"560\">\n<p dir=\"ltr\" lang=\"es\"><a href=\"https:\/\/twitter.com\/hashtag\/22Jun?src=hash&amp;ref_src=twsrc%5Etfw\" target=\"_blank\" rel=\"noopener\">#22Jun<\/a><\/p>\n<p>\ud83c\uddfb\ud83c\uddea ASESINAN A LOCUTOR VENEZOLANO EN LA TROCHA<\/p>\n<p>El <a href=\"https:\/\/twitter.com\/sntpvenezuela?ref_src=twsrc%5Etfw\" target=\"_blank\" rel=\"noopener\">@sntpvenezuela<\/a> inform\u00f3 que la polic\u00eda de Colombia encontr\u00f3 el cuerpo del locutor venezolano, Miguel \u00c1ngel Molina Villamizar, en la trocha La Marina, entre el <a href=\"https:\/\/twitter.com\/hashtag\/T%C3%A1chira?src=hash&amp;ref_src=twsrc%5Etfw\" target=\"_blank\" rel=\"noopener\">#T\u00e1chira<\/a> y el departamento Norte de Santander<\/p>\n<p>\ud83d\udcf7: X <a href=\"https:\/\/t.co\/Y0nKWvv4kM\">pic.twitter.com\/Y0nKWvv4kM<\/a><\/p>\n<p>\u2014 ImpactoVenezuela (@ImpactoVE) <a href=\"https:\/\/twitter.com\/ImpactoVE\/status\/1804507539914068416?ref_src=twsrc%5Etfw\" target=\"_blank\" rel=\"noopener\">June 22, 2024<\/a><\/p>\n<\/blockquote>\n<p>Medios colombianos indicaron que el locutor fue interceptado por sujetos desconocidos cuando transitaban por la avenida Venezuela en San Antonio del T\u00e1chira.<\/p>\n<p>De all\u00ed se lo habr\u00edan llevado al referido paso irregular, donde lo asesinaron y dejaron abandonado el cuerpo sin vida.<\/p>\n<p>Transe\u00fantes lo hallaron a un costado de la\u00a0trocha La Marina,\u00a0por la antigua v\u00eda que conduce al\u00a0barrio La Parada, de\u00a0Villa del Rosario, a eso de las\u00a03:40 de la tarde\u00a0de este viernes 21 de junio.<\/p>\n<p>La comunidad inmediatamente le avis\u00f3 a la\u00a0Polic\u00eda Metropolitana de C\u00facuta (Mecuc)<\/p>\n<p>Los efectivos policiales informaron que el cad\u00e1ver present\u00f3 tres impactos de bala, uno de ellos en la cabeza.<\/p>\n<p>\u201cEso es normal por aqu\u00ed, lo raro es que hayan venido las autoridades porque aqu\u00ed a los muertos se los\u00a0<strong>comen los chulos<\/strong>, porque nadie los recoge\u201d, coment\u00f3 un residente del sector al medio colombiano\u00a0<em>La Opini\u00f3n<\/em>\u00a0mientras observaba la escena del crimen.<\/p>\n<div id=\"ez-toc-container\" class=\"ez-toc-v2_0_81 counter-hierarchy ez-toc-counter ez-toc-grey ez-toc-container-direction\">\n<div class=\"ez-toc-title-container\">\n<p class=\"ez-toc-title\" style=\"cursor:inherit\">Tabla de Contenido<\/p>\n<span class=\"ez-toc-title-toggle\"><a href=\"#\" class=\"ez-toc-pull-right ez-toc-btn ez-toc-btn-xs ez-toc-btn-default ez-toc-toggle\" aria-label=\"Alternar tabla de contenidos\"><span class=\"ez-toc-js-icon-con\"><span class=\"\"><span class=\"eztoc-hide\" style=\"display:none;\">Toggle<\/span><span class=\"ez-toc-icon-toggle-span\"><svg style=\"fill: #999;color:#999\" xmlns=\"http:\/\/www.w3.org\/2000\/svg\" class=\"list-377408\" width=\"20px\" height=\"20px\" viewBox=\"0 0 24 24\" fill=\"none\"><path d=\"M6 6H4v2h2V6zm14 0H8v2h12V6zM4 11h2v2H4v-2zm16 0H8v2h12v-2zM4 16h2v2H4v-2zm16 0H8v2h12v-2z\" fill=\"currentColor\"><\/path><\/svg><svg style=\"fill: #999;color:#999\" class=\"arrow-unsorted-368013\" xmlns=\"http:\/\/www.w3.org\/2000\/svg\" width=\"10px\" height=\"10px\" viewBox=\"0 0 24 24\" version=\"1.2\" baseProfile=\"tiny\"><path d=\"M18.2 9.3l-6.2-6.3-6.2 6.3c-.2.2-.3.4-.3.7s.1.5.3.7c.2.2.4.3.7.3h11c.3 0 .5-.1.7-.3.2-.2.3-.5.3-.7s-.1-.5-.3-.7zM5.8 14.7l6.2 6.3 6.2-6.3c.2-.2.3-.5.3-.7s-.1-.5-.3-.7c-.2-.2-.4-.3-.7-.3h-11c-.3 0-.5.1-.7.3-.2.2-.3.5-.3.7s.1.5.3.7z\"\/><\/svg><\/span><\/span><\/span><\/a><\/span><\/div>\n<nav><ul class='ez-toc-list ez-toc-list-level-1 ' ><li class='ez-toc-page-1 ez-toc-heading-level-4'><a class=\"ez-toc-link ez-toc-heading-1\" href=\"https:\/\/enfoquenoticioso.com\/?p=7425\/#Sigue_al_canal_de_noticias_en_Whatsaap\" >Sigue al canal de noticias en Whatsaap\u00a0<\/a><\/li><\/ul><\/nav><\/div>\n<h4><span class=\"ez-toc-section\" id=\"Sigue_al_canal_de_noticias_en_Whatsaap\"><\/span><strong><a href=\"https:\/\/whatsapp.com\/channel\/0029VaDXFnLId7nFFiDdVI26?fbclid=IwAR1LnVJqcByTELJH4Ht086FYRmdx18pRnV7CrkzmTJ5JaLHYY0igukfL9Yk\" target=\"_blank\" rel=\"noopener\">Sigue al canal de noticias en Whatsaap\u00a0<\/a><\/strong><span class=\"ez-toc-section-end\"><\/span><\/h4>\n<\/div>\n<p><script async src=\"\/\/platform.twitter.com\/widgets.js\" charset=\"utf-8\"><\/script><br \/>\n<br \/><a href=\"https:\/\/noticiasaldiayalahora.co\/sucesos\/hallan-muerto-a-locutor-venezolano-en-trocha-que-comunica-tachira-con-cucuta\/\" class=\" target=\" title=\"Hallan muerto a locutor venezolano en trocha que comunica T\u00e1chira con C\u00facuta\" target=\"_blank\" rel=\"noopener\">Ver fuente<\/a><\/p>\n","protected":false},"excerpt":{"rendered":"<p>El Sindicato Nacional de Trabajadores de la Prensa (Sntp) inform\u00f3 que la Polic\u00eda de Colombia encontr\u00f3 el cuerpo del locutor venezolano\u00a0Miguel \u00c1ngel Molina Villamizar\u00a0en la trocha La Marina, de Villa del Rosario, que comunica el estado T\u00e1chira con el departamento Norte de Santander. A trav\u00e9s de la red social X, el organismo gremial notific\u00f3 que [&hellip;]<\/p>\n","protected":false},"author":2,"featured_media":7426,"comment_status":"open","ping_status":"closed","sticky":false,"template":"","format":"standard","meta":{"footnotes":""},"categories":[5],"tags":[],"class_list":["post-7425","post","type-post","status-publish","format-standard","has-post-thumbnail","hentry","category-sucesos"],"_links":{"self":[{"href":"https:\/\/enfoquenoticioso.com\/index.php?rest_route=\/wp\/v2\/posts\/7425","targetHints":{"allow":["GET"]}}],"collection":[{"href":"https:\/\/enfoquenoticioso.com\/index.php?rest_route=\/wp\/v2\/posts"}],"about":[{"href":"https:\/\/enfoquenoticioso.com\/index.php?rest_route=\/wp\/v2\/types\/post"}],"author":[{"embeddable":true,"href":"https:\/\/enfoquenoticioso.com\/index.php?rest_route=\/wp\/v2\/users\/2"}],"replies":[{"embeddable":true,"href":"https:\/\/enfoquenoticioso.com\/index.php?rest_route=%2Fwp%2Fv2%2Fcomments&post=7425"}],"version-history":[{"count":0,"href":"https:\/\/enfoquenoticioso.com\/index.php?rest_route=\/wp\/v2\/posts\/7425\/revisions"}],"wp:featuredmedia":[{"embeddable":true,"href":"https:\/\/enfoquenoticioso.com\/index.php?rest_route=\/wp\/v2\/media\/7426"}],"wp:attachment":[{"href":"https:\/\/enfoquenoticioso.com\/index.php?rest_route=%2Fwp%2Fv2%2Fmedia&parent=7425"}],"wp:term":[{"taxonomy":"category","embeddable":true,"href":"https:\/\/enfoquenoticioso.com\/index.php?rest_route=%2Fwp%2Fv2%2Fcategories&post=7425"},{"taxonomy":"post_tag","embeddable":true,"href":"https:\/\/enfoquenoticioso.com\/index.php?rest_route=%2Fwp%2Fv2%2Ftags&post=7425"}],"curies":[{"name":"wp","href":"https:\/\/api.w.org\/{rel}","templated":true}]}}