{"id":7546,"date":"2024-06-24T08:04:06","date_gmt":"2024-06-24T08:04:06","guid":{"rendered":"https:\/\/enfoquenoticioso.com\/actualidad\/guillermo-benzecry-liderazgo-transformador-clave-del-exito-empresarial\/"},"modified":"2024-06-24T08:04:06","modified_gmt":"2024-06-24T08:04:06","slug":"guillermo-benzecry-liderazgo-transformador-clave-del-exito-empresarial","status":"publish","type":"post","link":"https:\/\/enfoquenoticioso.com\/?p=7546","title":{"rendered":"Guillermo Benzecry | Liderazgo transformador: \u00a1Clave del \u00e9xito empresarial!"},"content":{"rendered":"<div>\n<p><strong><em>DAT.-<\/em><\/strong> Las <strong>grandes empresas alcanzan el \u00e9xito gracias a varios factores<\/strong>, siendo uno de los m\u00e1s importantes la <strong>capacidad de liderazgo de sus altos cargos<\/strong>. Y es que, en el mundo de los negocios, ser un buen l\u00edder es tener la habilidad de influenciar y guiar positivamente a los trabajadores durante la ejecuci\u00f3n de los objetivos planteados por la organizaci\u00f3n.<\/p>\n<p>All\u00ed es donde surge la idea del <strong>liderazgo empresarial<\/strong>, que no es m\u00e1s que conseguir el m\u00e1ximo potencial de los trabajadores para que se satisfagan las necesidades de la compa\u00f1\u00eda. Es por eso que quien asume ese rol se encarga de <strong>mejorar la motivaci\u00f3n de los empleados<\/strong>, logrando un ambiente id\u00f3neo para el mejor desarrollo de trabajo.<\/p>\n<p>El experto en negocios, analista y desarrollador <strong><a href=\"https:\/\/dateando.com\/reportero-dateando\/empresario-venezolano-guillermo-benzecry-anuncia-apertura-de-oficina-en-florida\/\" data-type=\"post\" data-id=\"112396\" target=\"_blank\" rel=\"noopener\">Guillermo Andr\u00e9s Benzecry Izaguirre<\/a><\/strong> ha demostrado a lo largo de su exitosa trayectoria, la cual abarca m\u00e1s de una d\u00e9cada, que entiende a la perfecci\u00f3n el valor del liderazgo empresarial. De hecho, es considerado una referencia en este sentido en el sector, sobre todo por sus dotes de <strong>l\u00edder transformador<\/strong>.<\/p>\n<div id=\"ez-toc-container\" class=\"ez-toc-v2_0_81 counter-hierarchy ez-toc-counter ez-toc-grey ez-toc-container-direction\">\n<div class=\"ez-toc-title-container\">\n<p class=\"ez-toc-title\" style=\"cursor:inherit\">Tabla de Contenido<\/p>\n<span class=\"ez-toc-title-toggle\"><a href=\"#\" class=\"ez-toc-pull-right ez-toc-btn ez-toc-btn-xs ez-toc-btn-default ez-toc-toggle\" aria-label=\"Alternar tabla de contenidos\"><span class=\"ez-toc-js-icon-con\"><span class=\"\"><span class=\"eztoc-hide\" style=\"display:none;\">Toggle<\/span><span class=\"ez-toc-icon-toggle-span\"><svg style=\"fill: #999;color:#999\" xmlns=\"http:\/\/www.w3.org\/2000\/svg\" class=\"list-377408\" width=\"20px\" height=\"20px\" viewBox=\"0 0 24 24\" fill=\"none\"><path d=\"M6 6H4v2h2V6zm14 0H8v2h12V6zM4 11h2v2H4v-2zm16 0H8v2h12v-2zM4 16h2v2H4v-2zm16 0H8v2h12v-2z\" fill=\"currentColor\"><\/path><\/svg><svg style=\"fill: #999;color:#999\" class=\"arrow-unsorted-368013\" xmlns=\"http:\/\/www.w3.org\/2000\/svg\" width=\"10px\" height=\"10px\" viewBox=\"0 0 24 24\" version=\"1.2\" baseProfile=\"tiny\"><path d=\"M18.2 9.3l-6.2-6.3-6.2 6.3c-.2.2-.3.4-.3.7s.1.5.3.7c.2.2.4.3.7.3h11c.3 0 .5-.1.7-.3.2-.2.3-.5.3-.7s-.1-.5-.3-.7zM5.8 14.7l6.2 6.3 6.2-6.3c.2-.2.3-.5.3-.7s-.1-.5-.3-.7c-.2-.2-.4-.3-.7-.3h-11c-.3 0-.5.1-.7.3-.2.2-.3.5-.3.7s.1.5.3.7z\"\/><\/svg><\/span><\/span><\/span><\/a><\/span><\/div>\n<nav><ul class='ez-toc-list ez-toc-list-level-1 ' ><li class='ez-toc-page-1 ez-toc-heading-level-2'><a class=\"ez-toc-link ez-toc-heading-1\" href=\"https:\/\/enfoquenoticioso.com\/?p=7546\/#Un_liderazgo_que_va_mas_alla\" >Un liderazgo que va m\u00e1s all\u00e1<\/a><ul class='ez-toc-list-level-5' ><li class='ez-toc-heading-level-5'><ul class='ez-toc-list-level-5' ><li class='ez-toc-heading-level-5'><ul class='ez-toc-list-level-5' ><li class='ez-toc-heading-level-5'><a class=\"ez-toc-link ez-toc-heading-2\" href=\"https:\/\/enfoquenoticioso.com\/?p=7546\/#LEA_TAMBIEN_Guillermo_Benzecry_Responsabilidad_social_y_ambiental_%C2%A1Una_prioridad_de_la_gestion_empresarial\" >LEA TAMBI\u00c9N | Guillermo Benzecry: Responsabilidad social y ambiental: \u00a1Una prioridad de la gesti\u00f3n empresarial!<\/a><\/li><\/ul><\/li><\/ul><\/li><\/ul><\/li><\/ul><\/nav><\/div>\n<h2 class=\"wp-block-heading\"><span class=\"ez-toc-section\" id=\"Un_liderazgo_que_va_mas_alla\"><\/span><span id=\"Un_liderazgo_que_va_mas_alla\">Un liderazgo que va m\u00e1s all\u00e1<\/span><span class=\"ez-toc-section-end\"><\/span><\/h2>\n<p><strong>Guillermo Benzecry<\/strong> ha sabido enfrentar las m\u00e1s complicadas adversidades y, con <strong>una firme voluntad que ha sabido imprimir a todo aquel que lo ha acompa\u00f1ado en cada iniciativa<\/strong>, ha alcanzado el \u00e9xito y la prosperidad en entornos desafiantes. \u00bfEl secreto? Una enorme capacidad de liderazgo transformador.<\/p>\n<p>Este tipo de liderazgo se caracteriza por su naturaleza colaborativa y su <strong>capacidad para generar cambios significativos<\/strong>, as\u00ed como por fomentar el desarrollo y promover la evoluci\u00f3n, convirtiendo a quienes lo practican en motores de innovaci\u00f3n que inspiran, motivan y gu\u00edan a sus equipos hacia el logro de objetivos.<\/p>\n<p>En ese sentido, <strong>Benzecry no solo lidera empresas, sino que inspira y empodera a otros a alcanzar su m\u00e1ximo potencial<\/strong>. Su liderazgo transformador se basa en la visi\u00f3n, la empat\u00eda y la capacidad de motivar a las personas a superar los desaf\u00edos y alcanzar nuevas alturas de \u00e9xito y realizaci\u00f3n personal.<\/p>\n<h5 class=\"wp-block-heading\"><span class=\"ez-toc-section\" id=\"LEA_TAMBIEN_Guillermo_Benzecry_Responsabilidad_social_y_ambiental_%C2%A1Una_prioridad_de_la_gestion_empresarial\"><\/span><span id=\"LEA_TAMBIEN_Guillermo_Benzecry_Responsabilidad_social_y_ambiental_Una_prioridad_de_la_gestion_empresarial\">LEA TAMBI\u00c9N | <a href=\"https:\/\/dateando.com\/reportero-dateando\/guillermo-benzecry-responsabilidad-social-y-ambiental-prioridad-de-la-gestion-empresarial\/\" target=\"_blank\" rel=\"noopener\">Guillermo Benzecry: Responsabilidad social y ambiental: \u00a1Una prioridad de la gesti\u00f3n empresarial!<\/a><\/span><span class=\"ez-toc-section-end\"><\/span><\/h5>\n<p>Lo que busca el especialista en negocios venezolano es que m\u00e1s personas lo acompa\u00f1en en su visi\u00f3n a largo plazo para el futuro de los negocios y la sociedad, ayud\u00e1ndolo a <strong>construir un legado perdurable que inspire y beneficie a las generaciones que vienen<\/strong>, marcando un camino hacia un mundo m\u00e1s pr\u00f3spero, equitativo y sostenible.<\/p>\n<p>Estas cualidades han hecho que se haya ganado esa mencionada <strong>reputaci\u00f3n de mentor y l\u00edder inspirador en el \u00e1mbito empresarial<\/strong>, apoyando el desarrollo profesional de los l\u00edderes del ma\u00f1ana y fomentando una cultura de excelencia y \u00e9tica en los negocios.<\/p>\n<p>En resumen, <strong>Guillermo Benzecry es un experto en negocios con una trayectoria excepcional que lo posiciona como un l\u00edder visionario y una adici\u00f3n valiosa al entorno empresarial internacional<\/strong>. Su habilidad para prosperar en entornos desafiantes, innovar en industrias tradicionales y asesorar a empresas estadounidenses lo convierten en un candidato ideal para promover como un experto en negocios en medios digitales.<\/p>\n<p><strong><em>(Con informaci\u00f3n de Guillermo Benzecry)<\/em><\/strong><\/p>\n<\/p><\/div>\n<p><a href=\"https:\/\/dateando.com\/reportero-dateando\/guillermo-benzecry-liderazgo-transformador-clave-del-exito-empresarial\/\" class=\" target=\" title=\"Guillermo Benzecry | Liderazgo transformador: \u00a1Clave del \u00e9xito empresarial!\" target=\"_blank\" rel=\"noopener\">Ver fuente<\/a><\/p>\n","protected":false},"excerpt":{"rendered":"<p>DAT.- Las grandes empresas alcanzan el \u00e9xito gracias a varios factores, siendo uno de los m\u00e1s importantes la capacidad de liderazgo de sus altos cargos. Y es que, en el mundo de los negocios, ser un buen l\u00edder es tener la habilidad de influenciar y guiar positivamente a los trabajadores durante la ejecuci\u00f3n de los [&hellip;]<\/p>\n","protected":false},"author":2,"featured_media":7547,"comment_status":"open","ping_status":"closed","sticky":false,"template":"","format":"standard","meta":{"footnotes":""},"categories":[11],"tags":[],"class_list":["post-7546","post","type-post","status-publish","format-standard","has-post-thumbnail","hentry","category-actualidad"],"_links":{"self":[{"href":"https:\/\/enfoquenoticioso.com\/index.php?rest_route=\/wp\/v2\/posts\/7546","targetHints":{"allow":["GET"]}}],"collection":[{"href":"https:\/\/enfoquenoticioso.com\/index.php?rest_route=\/wp\/v2\/posts"}],"about":[{"href":"https:\/\/enfoquenoticioso.com\/index.php?rest_route=\/wp\/v2\/types\/post"}],"author":[{"embeddable":true,"href":"https:\/\/enfoquenoticioso.com\/index.php?rest_route=\/wp\/v2\/users\/2"}],"replies":[{"embeddable":true,"href":"https:\/\/enfoquenoticioso.com\/index.php?rest_route=%2Fwp%2Fv2%2Fcomments&post=7546"}],"version-history":[{"count":0,"href":"https:\/\/enfoquenoticioso.com\/index.php?rest_route=\/wp\/v2\/posts\/7546\/revisions"}],"wp:featuredmedia":[{"embeddable":true,"href":"https:\/\/enfoquenoticioso.com\/index.php?rest_route=\/wp\/v2\/media\/7547"}],"wp:attachment":[{"href":"https:\/\/enfoquenoticioso.com\/index.php?rest_route=%2Fwp%2Fv2%2Fmedia&parent=7546"}],"wp:term":[{"taxonomy":"category","embeddable":true,"href":"https:\/\/enfoquenoticioso.com\/index.php?rest_route=%2Fwp%2Fv2%2Fcategories&post=7546"},{"taxonomy":"post_tag","embeddable":true,"href":"https:\/\/enfoquenoticioso.com\/index.php?rest_route=%2Fwp%2Fv2%2Ftags&post=7546"}],"curies":[{"name":"wp","href":"https:\/\/api.w.org\/{rel}","templated":true}]}}