{"id":7578,"date":"2024-06-24T13:13:20","date_gmt":"2024-06-24T13:13:20","guid":{"rendered":"https:\/\/enfoquenoticioso.com\/sucesos\/condenaron-a-30-anos-de-prision-a-padre-que-abusaba-sexualmente-de-sus-tres-hijos-en-los-teques\/"},"modified":"2024-06-24T13:13:20","modified_gmt":"2024-06-24T13:13:20","slug":"condenaron-a-30-anos-de-prision-a-padre-que-abusaba-sexualmente-de-sus-tres-hijos-en-los-teques","status":"publish","type":"post","link":"https:\/\/enfoquenoticioso.com\/?p=7578","title":{"rendered":"Condenaron a 30 a\u00f1os de prisi\u00f3n a padre que abusaba sexualmente de sus tres hijos en Los Teques"},"content":{"rendered":"<div>\n<p>El Tribunal Tercero de Juicio de Los Teques, conden\u00f3 a 30 a\u00f1os de prisi\u00f3n Jorge Luis Paredes Rodr\u00edguez (52) por abusar sexualmente de sus tres hijos dos adolescentes hembras (17 y 15) y un var\u00f3n (13).<span id=\"more-531345\"\/><\/p>\n<p>De acuerdo con el Diario El Avance, el 1\u00ba de septiembre de 2015, la mam\u00e1 de las v\u00edctimas acudi\u00f3 al Consejo de Protecci\u00f3n de Ni\u00f1o, Ni\u00f1a y Adolescente de Guaicaipuro para denunciar las aberraciones cometidas por el hombre.<\/p>\n<p>En el lugar, se\u00f1al\u00f3 que los menores dieron a conocer dos meses antes, durante una din\u00e1mica de grupo juvenil de la iglesia San Jos\u00e9 Obrero de El Barbecho del que formaban parte, la situaci\u00f3n luego de que les preguntar\u00e1n por algo perturbador que les haya ocurrido en su familia.<\/p>\n<p>La jovencita de 17, manifest\u00f3 que su padre, quien en aquella \u00e9poca ten\u00eda 43 a\u00f1os, abusaba sexualmente de ella desde que ten\u00eda cinco a\u00f1os.<\/p>\n<p>Relat\u00f3 que el sujeto le tocaba sus partes \u00edntimas y la obligaba a que le practicara sexo oral, y que en varias oportunidades la penetr\u00f3 y esos abusos se prolongaron por m\u00e1s de una d\u00e9cada.<\/p>\n<p>El agresor la amenazaba de muerte para que guardara silencio y le dec\u00eda que este tipo de cosas era normal que pasaran entre padre e hija, cont\u00f3 a Avance una fuente vinculada a la averiguaci\u00f3n.<\/p>\n<p>M\u00e1s abusos sexuales contras sus hijos<\/p>\n<p>La hermanita de 15, estall\u00f3 en llanto y afirm\u00f3 que tambi\u00e9n era abusada de la misma forma desde esa misma edad y se prolongaron hasta los 12 a\u00f1os.<\/p>\n<p>El var\u00f3n de 13, cont\u00f3 que su pap\u00e1 le ped\u00eda que se ba\u00f1aran juntos y en esos momentos lo penetraba y lo obligaba a que lo masturbara. Situaci\u00f3n que se repiti\u00f3 en varias ocasiones.<\/p>\n<p>Todo esto se suscit\u00f3 en una casa ubicada en la calle Acueducto en El Barbecho en la capital mirandina.<\/p>\n<p>Los abusos terminaron cuando el hoy sentenciado se separ\u00f3 de su pareja (mam\u00e1 de los j\u00f3venes) y se cambi\u00f3 de residencia.<\/p>\n<p>El gu\u00eda de la iglesia asombrado al o\u00edr semejantes confesiones, no dud\u00f3 en contactar a la madre para alertarla y ella de inmediato se moviliz\u00f3 para hacer la respectiva denuncia.<\/p>\n<p>Cronolog\u00eda del caso<\/p>\n<p>El 3 de septiembre de 2015 la Fiscal\u00eda 12 de la Circunscripci\u00f3n Judicial del estado Miranda solicit\u00f3 orden de aprehensi\u00f3n ante el Tribunal Primero de Control.<\/p>\n<p>El 5 de septiembre de 2015, Jos\u00e9 Luis Paredes Rodr\u00edguez, qued\u00f3 a la orden del Tribunal Cuarto de Control previa detenci\u00f3n del Cuerpo de Investigaciones, Cient\u00edficas, Penales y Criminal\u00edsticas (Cicpc).<\/p>\n<p>El 22 de diciembre de 2015 se realiz\u00f3 la audiencia preliminar. Luego hubo un receso de ocho a\u00f1os.<\/p>\n<p>El 7 de diciembre de 2023, comenz\u00f3 el juicio que concluy\u00f3 el pasado jueves 20 de junio de 2024 con la condena de la pena m\u00e1xima. El juzgado fij\u00f3 como sitio de reclusi\u00f3n el Internado Judicial Regi\u00f3n Capital El Rodeo II.<\/p>\n<div id=\"ez-toc-container\" class=\"ez-toc-v2_0_81 counter-hierarchy ez-toc-counter ez-toc-grey ez-toc-container-direction\">\n<div class=\"ez-toc-title-container\">\n<p class=\"ez-toc-title\" style=\"cursor:inherit\">Tabla de Contenido<\/p>\n<span class=\"ez-toc-title-toggle\"><a href=\"#\" class=\"ez-toc-pull-right ez-toc-btn ez-toc-btn-xs ez-toc-btn-default ez-toc-toggle\" aria-label=\"Alternar tabla de contenidos\"><span class=\"ez-toc-js-icon-con\"><span class=\"\"><span class=\"eztoc-hide\" style=\"display:none;\">Toggle<\/span><span class=\"ez-toc-icon-toggle-span\"><svg style=\"fill: #999;color:#999\" xmlns=\"http:\/\/www.w3.org\/2000\/svg\" class=\"list-377408\" width=\"20px\" height=\"20px\" viewBox=\"0 0 24 24\" fill=\"none\"><path d=\"M6 6H4v2h2V6zm14 0H8v2h12V6zM4 11h2v2H4v-2zm16 0H8v2h12v-2zM4 16h2v2H4v-2zm16 0H8v2h12v-2z\" fill=\"currentColor\"><\/path><\/svg><svg style=\"fill: #999;color:#999\" class=\"arrow-unsorted-368013\" xmlns=\"http:\/\/www.w3.org\/2000\/svg\" width=\"10px\" height=\"10px\" viewBox=\"0 0 24 24\" version=\"1.2\" baseProfile=\"tiny\"><path d=\"M18.2 9.3l-6.2-6.3-6.2 6.3c-.2.2-.3.4-.3.7s.1.5.3.7c.2.2.4.3.7.3h11c.3 0 .5-.1.7-.3.2-.2.3-.5.3-.7s-.1-.5-.3-.7zM5.8 14.7l6.2 6.3 6.2-6.3c.2-.2.3-.5.3-.7s-.1-.5-.3-.7c-.2-.2-.4-.3-.7-.3h-11c-.3 0-.5.1-.7.3-.2.2-.3.5-.3.7s.1.5.3.7z\"\/><\/svg><\/span><\/span><\/span><\/a><\/span><\/div>\n<nav><ul class='ez-toc-list ez-toc-list-level-1 ' ><li class='ez-toc-page-1 ez-toc-heading-level-4'><a class=\"ez-toc-link ez-toc-heading-1\" href=\"https:\/\/enfoquenoticioso.com\/?p=7578\/#Sigue_al_canal_de_noticias_en_Whatsaap\" >Sigue al canal de noticias en Whatsaap\u00a0<\/a><\/li><\/ul><\/nav><\/div>\n<h4><span class=\"ez-toc-section\" id=\"Sigue_al_canal_de_noticias_en_Whatsaap\"><\/span><strong><a href=\"https:\/\/whatsapp.com\/channel\/0029VaDXFnLId7nFFiDdVI26?fbclid=IwAR1LnVJqcByTELJH4Ht086FYRmdx18pRnV7CrkzmTJ5JaLHYY0igukfL9Yk\" target=\"_blank\" rel=\"noopener\">Sigue al canal de noticias en Whatsaap\u00a0<\/a><\/strong><span class=\"ez-toc-section-end\"><\/span><\/h4>\n<\/div>\n<p><a href=\"https:\/\/noticiasaldiayalahora.co\/sucesos\/condenaron-a-30-anos-de-prision-a-padre-que-abusaba-sexualmente-de-sus-tres-hijos-en-los-teques\/\" class=\" target=\" title=\"Condenaron a 30 a\u00f1os de prisi\u00f3n a padre que abusaba sexualmente de sus tres hijos en Los Teques\" target=\"_blank\" rel=\"noopener\">Ver fuente<\/a><\/p>\n","protected":false},"excerpt":{"rendered":"<p>El Tribunal Tercero de Juicio de Los Teques, conden\u00f3 a 30 a\u00f1os de prisi\u00f3n Jorge Luis Paredes Rodr\u00edguez (52) por abusar sexualmente de sus tres hijos dos adolescentes hembras (17 y 15) y un var\u00f3n (13). De acuerdo con el Diario El Avance, el 1\u00ba de septiembre de 2015, la mam\u00e1 de las v\u00edctimas acudi\u00f3 [&hellip;]<\/p>\n","protected":false},"author":2,"featured_media":7579,"comment_status":"open","ping_status":"closed","sticky":false,"template":"","format":"standard","meta":{"footnotes":""},"categories":[5],"tags":[],"class_list":["post-7578","post","type-post","status-publish","format-standard","has-post-thumbnail","hentry","category-sucesos"],"_links":{"self":[{"href":"https:\/\/enfoquenoticioso.com\/index.php?rest_route=\/wp\/v2\/posts\/7578","targetHints":{"allow":["GET"]}}],"collection":[{"href":"https:\/\/enfoquenoticioso.com\/index.php?rest_route=\/wp\/v2\/posts"}],"about":[{"href":"https:\/\/enfoquenoticioso.com\/index.php?rest_route=\/wp\/v2\/types\/post"}],"author":[{"embeddable":true,"href":"https:\/\/enfoquenoticioso.com\/index.php?rest_route=\/wp\/v2\/users\/2"}],"replies":[{"embeddable":true,"href":"https:\/\/enfoquenoticioso.com\/index.php?rest_route=%2Fwp%2Fv2%2Fcomments&post=7578"}],"version-history":[{"count":0,"href":"https:\/\/enfoquenoticioso.com\/index.php?rest_route=\/wp\/v2\/posts\/7578\/revisions"}],"wp:featuredmedia":[{"embeddable":true,"href":"https:\/\/enfoquenoticioso.com\/index.php?rest_route=\/wp\/v2\/media\/7579"}],"wp:attachment":[{"href":"https:\/\/enfoquenoticioso.com\/index.php?rest_route=%2Fwp%2Fv2%2Fmedia&parent=7578"}],"wp:term":[{"taxonomy":"category","embeddable":true,"href":"https:\/\/enfoquenoticioso.com\/index.php?rest_route=%2Fwp%2Fv2%2Fcategories&post=7578"},{"taxonomy":"post_tag","embeddable":true,"href":"https:\/\/enfoquenoticioso.com\/index.php?rest_route=%2Fwp%2Fv2%2Ftags&post=7578"}],"curies":[{"name":"wp","href":"https:\/\/api.w.org\/{rel}","templated":true}]}}