{"id":7608,"date":"2024-06-24T16:39:19","date_gmt":"2024-06-24T16:39:19","guid":{"rendered":"https:\/\/enfoquenoticioso.com\/actualidad\/nelson-rafael-bustamante-abidar-arquitectura-comercial-que-es-y-como-se-diferencia-del-diseno-comercial\/"},"modified":"2024-06-24T16:39:19","modified_gmt":"2024-06-24T16:39:19","slug":"nelson-rafael-bustamante-abidar-arquitectura-comercial-que-es-y-como-se-diferencia-del-diseno-comercial","status":"publish","type":"post","link":"https:\/\/enfoquenoticioso.com\/?p=7608","title":{"rendered":"Nelson Rafael Bustamante Abidar | Arquitectura comercial: \u00bfQu\u00e9 es y c\u00f3mo se diferencia del dise\u00f1o comercial?"},"content":{"rendered":"<div>\n<p><strong><em>DAT.-<\/em><\/strong> La <strong>construcci\u00f3n, preparaci\u00f3n y decoraci\u00f3n de un espacio comercial<\/strong> requiere el trabajo de diversos tipos de empresas y profesionales. Se precisa la intervenci\u00f3n de expertos en <strong><a href=\"https:\/\/www.esdesignbarcelona.com\/actualidad\/diseno-espacios\/arquitectura-comercial-y-diseno-comercial-en-que-se-diferencian\" data-type=\"link\" data-id=\"https:\/\/www.esdesignbarcelona.com\/actualidad\/diseno-espacios\/arquitectura-comercial-y-diseno-comercial-en-que-se-diferencian\" target=\"_blank\" rel=\"noopener\">arquitectura comercial<\/a><\/strong> y en <strong>dise\u00f1o comercial<\/strong>, dos disciplinas con muchos factores en com\u00fan, pero tambi\u00e9n varias diferencias.<\/p>\n<p>Explica <strong>Nelson Rafael Bustamante Abidar<\/strong> que la <strong>arquitectura aplicada a los espacios comerciales<\/strong> se encarga, no solo de construir, dise\u00f1ar y asignar la distribuci\u00f3n a un espacio f\u00edsico. Tambi\u00e9n se encarga de supervisar todo tipo de obras relacionadas con su construcci\u00f3n y reforma. En cuanto al <strong>dise\u00f1o comercial<\/strong>, es la disciplina que se encarga de la decoraci\u00f3n de espacios, una vez finalizado el proceso de arquitectura comercial.<\/p>\n<p>Uno de los objetivos de estas disciplinas es que los <strong>clientes se formen una imagen de la marca<\/strong> cuando entren al espacio.<\/p>\n<div id=\"ez-toc-container\" class=\"ez-toc-v2_0_81 counter-hierarchy ez-toc-counter ez-toc-grey ez-toc-container-direction\">\n<div class=\"ez-toc-title-container\">\n<p class=\"ez-toc-title\" style=\"cursor:inherit\">Tabla de Contenido<\/p>\n<span class=\"ez-toc-title-toggle\"><a href=\"#\" class=\"ez-toc-pull-right ez-toc-btn ez-toc-btn-xs ez-toc-btn-default ez-toc-toggle\" aria-label=\"Alternar tabla de contenidos\"><span class=\"ez-toc-js-icon-con\"><span class=\"\"><span class=\"eztoc-hide\" style=\"display:none;\">Toggle<\/span><span class=\"ez-toc-icon-toggle-span\"><svg style=\"fill: #999;color:#999\" xmlns=\"http:\/\/www.w3.org\/2000\/svg\" class=\"list-377408\" width=\"20px\" height=\"20px\" viewBox=\"0 0 24 24\" fill=\"none\"><path d=\"M6 6H4v2h2V6zm14 0H8v2h12V6zM4 11h2v2H4v-2zm16 0H8v2h12v-2zM4 16h2v2H4v-2zm16 0H8v2h12v-2z\" fill=\"currentColor\"><\/path><\/svg><svg style=\"fill: #999;color:#999\" class=\"arrow-unsorted-368013\" xmlns=\"http:\/\/www.w3.org\/2000\/svg\" width=\"10px\" height=\"10px\" viewBox=\"0 0 24 24\" version=\"1.2\" baseProfile=\"tiny\"><path d=\"M18.2 9.3l-6.2-6.3-6.2 6.3c-.2.2-.3.4-.3.7s.1.5.3.7c.2.2.4.3.7.3h11c.3 0 .5-.1.7-.3.2-.2.3-.5.3-.7s-.1-.5-.3-.7zM5.8 14.7l6.2 6.3 6.2-6.3c.2-.2.3-.5.3-.7s-.1-.5-.3-.7c-.2-.2-.4-.3-.7-.3h-11c-.3 0-.5.1-.7.3-.2.2-.3.5-.3.7s.1.5.3.7z\"\/><\/svg><\/span><\/span><\/span><\/a><\/span><\/div>\n<nav><ul class='ez-toc-list ez-toc-list-level-1 ' ><li class='ez-toc-page-1 ez-toc-heading-level-2'><a class=\"ez-toc-link ez-toc-heading-1\" href=\"https:\/\/enfoquenoticioso.com\/?p=7608\/#Arquitectura_comercial_creacion_de_espacios_equilibrados\" >Arquitectura comercial: creaci\u00f3n de espacios equilibrados<\/a><ul class='ez-toc-list-level-5' ><li class='ez-toc-heading-level-5'><ul class='ez-toc-list-level-5' ><li class='ez-toc-heading-level-5'><ul class='ez-toc-list-level-5' ><li class='ez-toc-heading-level-5'><a class=\"ez-toc-link ez-toc-heading-2\" href=\"https:\/\/enfoquenoticioso.com\/?p=7608\/#LEA_TAMBIEN_Nelson_Rafael_Bustamante_Abidar_%C2%A1Descubrelos_%C2%A1Elementos_esenciales_de_la_arquitectura\" >LEA TAMBI\u00c9N | Nelson Rafael Bustamante Abidar | \u00a1Desc\u00fabrelos! \u00a1Elementos esenciales de la arquitectura!<\/a><\/li><\/ul><\/li><\/ul><\/li><\/ul><\/li><li class='ez-toc-page-1 ez-toc-heading-level-2'><a class=\"ez-toc-link ez-toc-heading-3\" href=\"https:\/\/enfoquenoticioso.com\/?p=7608\/#Diseno_comercial_para_transmitir_la_imagen_a_los_clientes\" >Dise\u00f1o comercial: para transmitir la imagen a los clientes<\/a><\/li><\/ul><\/nav><\/div>\n<h2 class=\"wp-block-heading\"><span class=\"ez-toc-section\" id=\"Arquitectura_comercial_creacion_de_espacios_equilibrados\"><\/span><span id=\"Arquitectura_comercial_creacion_de_espacios_equilibrados\">Arquitectura comercial: creaci\u00f3n de espacios equilibrados<\/span><span class=\"ez-toc-section-end\"><\/span><\/h2>\n<p>La arquitectura comercial tiene entre sus finalidades la <strong>creaci\u00f3n de un espacio que, por un lado, sea atractivo y agradable para los clientes<\/strong>, y por otro, <strong>resulte funcional y habitable para la marca o empresa que vaya a establecer una tienda en \u00e9l<\/strong>. Para poder realizar esta tarea, los expertos en arquitectura comercial realizan distintas operaciones, que empiezan con el dise\u00f1o y la planificaci\u00f3n del espacio. Debe realizarse teniendo en cuenta, adem\u00e1s del espacio en s\u00ed, todos los elementos que definan y concreten la imagen de una marca. Entre ellos, las l\u00edneas de color, los distintos materiales empleados en la preparaci\u00f3n a grandes rasgos del espacio, etc.<\/p>\n<p><strong>Lo primero que hay que desarrollar es el concepto del espacio<\/strong> y, en torno a \u00e9l, trabajar para que el local en cuesti\u00f3n refleje la personalidad de la tienda y la marca. Hay que hacerlo siempre con el objetivo de la arquitectura comercial en mente. Esta tiene como objetivos ponerse al servicio del negocio, adaptarse a sus necesidades, y crear un ambiente cuidado, con un car\u00e1cter acogedor. El dise\u00f1o siempre debe procurar que el cliente cuente con la mejor experiencia de compra posible.<\/p>\n<p>Para ello, hay que cuidar al m\u00e1ximo el proceso que se sigue para construir los espacios de un local comercial. Es necesario <strong>manejar adecuadamente los distintos elementos de que se disponen para que el espacio resultante sea tan \u00fatil como bello<\/strong>, de cara a mostrar los productos que se venden en la tienda. Tambi\u00e9n hay que trabajar para que el cliente que entre al espacio se lleve una buena impresi\u00f3n y perciba buenas sensaciones cuando est\u00e1 en \u00e9l.<\/p>\n<h5 class=\"wp-block-heading\"><span class=\"ez-toc-section\" id=\"LEA_TAMBIEN_Nelson_Rafael_Bustamante_Abidar_%C2%A1Descubrelos_%C2%A1Elementos_esenciales_de_la_arquitectura\"><\/span><span id=\"LEA_TAMBIEN_Nelson_Rafael_Bustamante_Abidar_Descubrelos_Elementos_esenciales_de_la_arquitectura\">LEA TAMBI\u00c9N | <a href=\"https:\/\/dateando.com\/reportero-dateando\/nelson-rafael-bustamante-abidar-elementos-esenciales-arquitectura\/\" target=\"_blank\" rel=\"noopener\">Nelson Rafael Bustamante Abidar | \u00a1Desc\u00fabrelos! \u00a1Elementos esenciales de la arquitectura!<\/a><\/span><span class=\"ez-toc-section-end\"><\/span><\/h5>\n<p>Por otra parte, <strong>es necesario tener en cuenta la situaci\u00f3n del espacio<\/strong>, y revisar los locales o elementos que lo rodean. Sin estudiarlos no se podr\u00e1 crear la atm\u00f3sfera adecuada, porque la distribuci\u00f3n y situaci\u00f3n de elementos puede variar en funci\u00f3n no solo de sus espacios interiores, sino tambi\u00e9n de los que rodean al espacio comercial.<\/p>\n<p>En el interior, <strong>hay que estudiar la disposici\u00f3n del espacio y de los distintos ambientes<\/strong>, y analizar cu\u00e1l ser\u00e1 el recorrido de los clientes. Asimismo, la arquitectura comercial en un espacio debe cuidar las \u00e1reas en las que los empleados de la tienda interactuar\u00e1n con los clientes. Todo sin olvidarse de proporcionar los espacios necesarios para que estos puedan contar con una atenci\u00f3n lo m\u00e1s personalizada posible, procurando que la mayor parte de productos posibles est\u00e1n a la vista.<\/p>\n<h2 class=\"wp-block-heading\"><span class=\"ez-toc-section\" id=\"Diseno_comercial_para_transmitir_la_imagen_a_los_clientes\"><\/span><span id=\"Diseno_comercial_para_transmitir_la_imagen_a_los_clientes\">Dise\u00f1o comercial: para transmitir la imagen a los clientes<\/span><span class=\"ez-toc-section-end\"><\/span><\/h2>\n<p>Una vez que la tienda ya est\u00e1 dise\u00f1ada y se han creado sus espacios, queda otro trabajo enfocado a que quien entre en ella reciba ideas sobre productos a comprar, marcas, etc. Es decir, su dise\u00f1o comercial. Para ello hay que <strong>planificar tanto los colores que predominar\u00e1n en la tienda como elegir los muebles y su situaci\u00f3n<\/strong>. Tambi\u00e9n se crear\u00e1n ambientes en los que se juegue con la iluminaci\u00f3n, y con la organizaci\u00f3n de todos los productos a la venta. Porque tanto su disposici\u00f3n como la forma en la que est\u00e1n iluminados o el color y estado de los muebles y expositores influye en la decisi\u00f3n de compra.<\/p>\n<p>Aqu\u00ed tambi\u00e9n entran en juegos los elementos de dise\u00f1o, que forman parte de la imagen de la marca de la tienda, o de la empresa que la pone en marcha. <strong>Tonalidades, logotipos, tipograf\u00edas, estilos de decoraci\u00f3n, etc.<\/strong> El dise\u00f1o comercial, a medio camino entre el marketing y la creaci\u00f3n de imagen de marca, debe integrarlos en el establecimiento de manera que el resultado sea un espacio atractivo y c\u00f3modo. Si, adem\u00e1s, los clientes se sienten identificados con las propuestas del espacio, se habr\u00e1 logrado el principal objetivo del dise\u00f1o.<\/p>\n<p>Para conseguirlo, <strong>un dise\u00f1ador comercial debe trabajar de forma conjunta con los arquitectos comerciales encargados del desarrollo del espacio<\/strong>. Son los dos profesionales que, de manera coordinada, van a encargarse de la integraci\u00f3n de todos los elementos que debe hacer en el espacio. Y de hacerlo de forma que el resultado no resulte discordante. Pero s\u00ed que tenga algo que distinga a la tienda en cuesti\u00f3n de las de su competencia y llame la atenci\u00f3n. De esto se encarga finalmente el dise\u00f1ador comercial.<\/p>\n<p>Para llevar a cabo el dise\u00f1o de un espacio comercial tambi\u00e9n <strong>hay que tener en cuenta los aspectos ajenos al propio espacio<\/strong>. Algunos de estos aspectos son el p\u00fablico objetivo de la tienda, su tama\u00f1o, la distribuci\u00f3n de su interior, el flujo de personas que pasa por delante de sus escaparates o el nivel econ\u00f3mico de quienes viven en la zona. Tambi\u00e9n por supuesto, el sector al que pertenecen los productos que se vender\u00e1n en ella: moda, alimentaci\u00f3n, ocio, hogar, etc.<\/p>\n<p>Conseguir que <strong>la arquitectura y el dise\u00f1o de un espacio comercial cumplan todos los requisitos de imagen de la marca<\/strong> que va a vender productos en ella (o de la empresa o persona que la abre), no es sencillo. Adem\u00e1s, es igual de importante que resulte atractiva para los clientes, para que entren en ella y decidan comprar sus productos. Los profesionales que se dedican a ello tienen una formaci\u00f3n espec\u00edfica.<\/p>\n<p><strong><em>(Con informaci\u00f3n de Nelson Rafael Bustamante Abidar)<\/em><\/strong><\/p>\n<\/p><\/div>\n<p><a href=\"https:\/\/dateando.com\/reportero-dateando\/nelson-rafael-bustamante-abidar-arquitectura-comercial-diseno-comercial-diferencias\/\" class=\" target=\" title=\"Nelson Rafael Bustamante Abidar | Arquitectura comercial: \u00bfQu\u00e9 es y c\u00f3mo se diferencia del dise\u00f1o comercial?\" target=\"_blank\" rel=\"noopener\">Ver fuente<\/a><\/p>\n","protected":false},"excerpt":{"rendered":"<p>DAT.- La construcci\u00f3n, preparaci\u00f3n y decoraci\u00f3n de un espacio comercial requiere el trabajo de diversos tipos de empresas y profesionales. Se precisa la intervenci\u00f3n de expertos en arquitectura comercial y en dise\u00f1o comercial, dos disciplinas con muchos factores en com\u00fan, pero tambi\u00e9n varias diferencias. Explica Nelson Rafael Bustamante Abidar que la arquitectura aplicada a los [&hellip;]<\/p>\n","protected":false},"author":2,"featured_media":7609,"comment_status":"open","ping_status":"closed","sticky":false,"template":"","format":"standard","meta":{"footnotes":""},"categories":[11],"tags":[],"class_list":["post-7608","post","type-post","status-publish","format-standard","has-post-thumbnail","hentry","category-actualidad"],"_links":{"self":[{"href":"https:\/\/enfoquenoticioso.com\/index.php?rest_route=\/wp\/v2\/posts\/7608","targetHints":{"allow":["GET"]}}],"collection":[{"href":"https:\/\/enfoquenoticioso.com\/index.php?rest_route=\/wp\/v2\/posts"}],"about":[{"href":"https:\/\/enfoquenoticioso.com\/index.php?rest_route=\/wp\/v2\/types\/post"}],"author":[{"embeddable":true,"href":"https:\/\/enfoquenoticioso.com\/index.php?rest_route=\/wp\/v2\/users\/2"}],"replies":[{"embeddable":true,"href":"https:\/\/enfoquenoticioso.com\/index.php?rest_route=%2Fwp%2Fv2%2Fcomments&post=7608"}],"version-history":[{"count":0,"href":"https:\/\/enfoquenoticioso.com\/index.php?rest_route=\/wp\/v2\/posts\/7608\/revisions"}],"wp:featuredmedia":[{"embeddable":true,"href":"https:\/\/enfoquenoticioso.com\/index.php?rest_route=\/wp\/v2\/media\/7609"}],"wp:attachment":[{"href":"https:\/\/enfoquenoticioso.com\/index.php?rest_route=%2Fwp%2Fv2%2Fmedia&parent=7608"}],"wp:term":[{"taxonomy":"category","embeddable":true,"href":"https:\/\/enfoquenoticioso.com\/index.php?rest_route=%2Fwp%2Fv2%2Fcategories&post=7608"},{"taxonomy":"post_tag","embeddable":true,"href":"https:\/\/enfoquenoticioso.com\/index.php?rest_route=%2Fwp%2Fv2%2Ftags&post=7608"}],"curies":[{"name":"wp","href":"https:\/\/api.w.org\/{rel}","templated":true}]}}