{"id":7670,"date":"2024-06-24T23:45:36","date_gmt":"2024-06-24T23:45:36","guid":{"rendered":"https:\/\/enfoquenoticioso.com\/internacionales\/julian-assange-fundador-de-wikileaks-podria-salir-en-libertad-tras-pasar-5-anos-en-una-prision-britanica\/"},"modified":"2024-06-24T23:45:36","modified_gmt":"2024-06-24T23:45:36","slug":"julian-assange-fundador-de-wikileaks-podria-salir-en-libertad-tras-pasar-5-anos-en-una-prision-britanica","status":"publish","type":"post","link":"https:\/\/enfoquenoticioso.com\/?p=7670","title":{"rendered":"Julian Assange, fundador de Wikileaks, podr\u00eda salir en libertad tras pasar 5 a\u00f1os en una prisi\u00f3n brit\u00e1nica"},"content":{"rendered":"<div id=\"post-531383\">\n<div class=\"entry-thumbnail\">\n<img width=\"696\" height=\"369\" src=\"https:\/\/i0.wp.com\/noticiasaldiayalahora.co\/wp-content\/uploads\/2021\/01\/julian-assange-e1609807889910.jpg?resize=696%2C369&amp;ssl=1\" class=\"attachment-content-single size-content-single wp-post-image\" alt=\"Julian Assange\" decoding=\"async\" fetchpriority=\"high\" srcset=\"https:\/\/i0.wp.com\/noticiasaldiayalahora.co\/wp-content\/uploads\/2021\/01\/julian-assange-e1609807889910.jpg?w=696&amp;ssl=1 696w, https:\/\/i0.wp.com\/noticiasaldiayalahora.co\/wp-content\/uploads\/2021\/01\/julian-assange-e1609807889910.jpg?resize=300%2C159&amp;ssl=1 300w\" sizes=\"(max-width: 696px) 100vw, 696px\"\/><\/div>\n<p class=\"entry-meta\">\n<span class=\"entry-meta-author vcard author\">Por: <a class=\"fn\" href=\"https:\/\/noticiasaldiayalahora.co\/author\/noticias\/\" target=\"_blank\" rel=\"noopener\">AL D\u00eda y a la Hora | @Notidiahora<\/a><\/span><br \/>\n<span class=\"entry-meta-date updated\">24 junio, 2024<\/span>\n<\/p>\n<div class=\"entry-content clearfix\">\n<p>Assange planea declararse culpable como parte de un trato con el Departamento de Justicia por conspirar para obtener y divulgar informaci\u00f3n de defensa nacional, seg\u00fan documentos judiciales.<\/p>\n<p>Julian Assange, fundador de Wikileaks, planea declararse culpable como parte de un acuerdo con el Departamento de Justicia de Estados Unidos que le permitir\u00e1 salir en libertad tras pasar cinco a\u00f1os en una prisi\u00f3n brit\u00e1nica, seg\u00fan documentos judiciales.<\/p>\n<p>Assange fue acusado mediante informaci\u00f3n criminal \u2013lo que suele significar un acuerdo de declaraci\u00f3n de culpabilidad\u2013 de conspiraci\u00f3n para obtener y divulgar informaci\u00f3n de defensa nacional, dicen los documentos judiciales.<\/p>\n<p>Los cargos de Estados Unidos contra Assange se derivan de una de las mayores publicaciones de informaci\u00f3n clasificada en la historia del pa\u00eds, que tuvo lugar durante el primer mandato de Barack Obama. A partir de finales de 2009, seg\u00fan el Gobierno, Assange conspir\u00f3 con Chelsea Manning, analista de inteligencia militar, para divulgar decenas de miles de reportes sobre actividades en la guerra en Afganist\u00e1n, cientos de miles de informes sobre la guerra en Irak, cientos de miles de cables del Departamento de Estado y evaluaciones sobre los detenidos en la prisi\u00f3n de Guant\u00e1namo, haciendo uso de su p\u00e1gina de internet WikiLeaks.<\/p>\n<p>Documentos judiciales que revelan el acuerdo de culpabilidad de Assange fueron presentados este lunes por la tarde en la Corte de Distrito de Estados Unidos para las Islas Marianas del Norte, un territorio estadounidense en el oc\u00e9ano Pac\u00edfico. Se esperaba que Assange compareciera ante esa corte y sea condenado a 62 meses, con cr\u00e9dito por el tiempo cumplido en la prisi\u00f3n brit\u00e1nica, lo que estar\u00eda libre de regresar a Australia, donde naci\u00f3. AP<\/p>\n<p>\u00a0<\/p>\n<\/div>\n<\/div>\n<p><a href=\"https:\/\/noticiasaldiayalahora.co\/internacionales\/julian-assange-fundador-de-wikileaks-podria-salir-en-libertad-tras-pasar-5-anos-en-una-prision-britanica\/\" class=\" target=\" title=\"Julian Assange, fundador de Wikileaks, podr\u00eda salir en libertad tras pasar 5 a\u00f1os en una prisi\u00f3n brit\u00e1nica\" target=\"_blank\" rel=\"noopener\">Ver fuente<\/a><\/p>\n","protected":false},"excerpt":{"rendered":"<p>Por: AL D\u00eda y a la Hora | @Notidiahora 24 junio, 2024 Assange planea declararse culpable como parte de un trato con el Departamento de Justicia por conspirar para obtener y divulgar informaci\u00f3n de defensa nacional, seg\u00fan documentos judiciales. Julian Assange, fundador de Wikileaks, planea declararse culpable como parte de un acuerdo con el Departamento [&hellip;]<\/p>\n","protected":false},"author":2,"featured_media":7671,"comment_status":"open","ping_status":"closed","sticky":false,"template":"","format":"standard","meta":{"footnotes":""},"categories":[6],"tags":[],"class_list":["post-7670","post","type-post","status-publish","format-standard","has-post-thumbnail","hentry","category-internacionales"],"_links":{"self":[{"href":"https:\/\/enfoquenoticioso.com\/index.php?rest_route=\/wp\/v2\/posts\/7670","targetHints":{"allow":["GET"]}}],"collection":[{"href":"https:\/\/enfoquenoticioso.com\/index.php?rest_route=\/wp\/v2\/posts"}],"about":[{"href":"https:\/\/enfoquenoticioso.com\/index.php?rest_route=\/wp\/v2\/types\/post"}],"author":[{"embeddable":true,"href":"https:\/\/enfoquenoticioso.com\/index.php?rest_route=\/wp\/v2\/users\/2"}],"replies":[{"embeddable":true,"href":"https:\/\/enfoquenoticioso.com\/index.php?rest_route=%2Fwp%2Fv2%2Fcomments&post=7670"}],"version-history":[{"count":0,"href":"https:\/\/enfoquenoticioso.com\/index.php?rest_route=\/wp\/v2\/posts\/7670\/revisions"}],"wp:featuredmedia":[{"embeddable":true,"href":"https:\/\/enfoquenoticioso.com\/index.php?rest_route=\/wp\/v2\/media\/7671"}],"wp:attachment":[{"href":"https:\/\/enfoquenoticioso.com\/index.php?rest_route=%2Fwp%2Fv2%2Fmedia&parent=7670"}],"wp:term":[{"taxonomy":"category","embeddable":true,"href":"https:\/\/enfoquenoticioso.com\/index.php?rest_route=%2Fwp%2Fv2%2Fcategories&post=7670"},{"taxonomy":"post_tag","embeddable":true,"href":"https:\/\/enfoquenoticioso.com\/index.php?rest_route=%2Fwp%2Fv2%2Ftags&post=7670"}],"curies":[{"name":"wp","href":"https:\/\/api.w.org\/{rel}","templated":true}]}}