{"id":7805,"date":"2024-06-25T16:01:42","date_gmt":"2024-06-25T16:01:42","guid":{"rendered":"https:\/\/enfoquenoticioso.com\/sucesos\/fallecio-ganadero-al-caer-de-un-sexto-piso-de-un-edificio-en-maracaibo\/"},"modified":"2024-06-25T16:01:42","modified_gmt":"2024-06-25T16:01:42","slug":"fallecio-ganadero-al-caer-de-un-sexto-piso-de-un-edificio-en-maracaibo","status":"publish","type":"post","link":"https:\/\/enfoquenoticioso.com\/?p=7805","title":{"rendered":"Falleci\u00f3 ganadero al caer de un sexto piso de un edificio en Maracaibo"},"content":{"rendered":"<div id=\"post-531414\">\n<div class=\"entry-thumbnail\">\n<img width=\"559\" height=\"420\" src=\"https:\/\/i0.wp.com\/noticiasaldiayalahora.co\/wp-content\/uploads\/2024\/06\/Maracaibo.png?resize=559%2C420&amp;ssl=1\" class=\"attachment-content-single size-content-single wp-post-image\" alt=\"\" decoding=\"async\" fetchpriority=\"high\" srcset=\"https:\/\/i0.wp.com\/noticiasaldiayalahora.co\/wp-content\/uploads\/2024\/06\/Maracaibo.png?w=559&amp;ssl=1 559w, https:\/\/i0.wp.com\/noticiasaldiayalahora.co\/wp-content\/uploads\/2024\/06\/Maracaibo.png?resize=300%2C225&amp;ssl=1 300w\" sizes=\"(max-width: 559px) 100vw, 559px\"\/><\/div>\n<p class=\"entry-meta\">\n<span class=\"entry-meta-author vcard author\">Por: <a class=\"fn\" href=\"https:\/\/noticiasaldiayalahora.co\/author\/redaccion\/\" target=\"_blank\" rel=\"noopener\">Redacci\u00f3n Noticias al Dia y a la Hora<\/a><\/span><br \/>\n<span class=\"entry-meta-date updated\">25 junio, 2024<\/span>\n<\/p>\n<div class=\"entry-content clearfix\">\n<p>El productor Agropecuario, Rafael Molleda(41) , muri\u00f3 al caer de uno de los edificios de la urbanizaci\u00f3n Villa Delicias de Maracaibo, seg\u00fan inform\u00f3 la periodista Ginnet Ochoa en sus redes. Se desconocen las causas.<span id=\"more-531414\"\/><\/p>\n<p>La noticia de su fallecimiento se dio a conocer alrededor de las 9:00 de la noche de este lunes 24 de junio, generando consternaci\u00f3n en Machiques, entre amigos, familiares y colegas del sector agropecuario.<\/p>\n<p>Ante la tr\u00e1gica situaci\u00f3n, bomberos de Maracaibo acudieron r\u00e1pidamente al lugar, pero lamentablemente Molleda ya se encontraba sin signos vitales.<\/p>\n<p>Hasta el momento, las autoridades no han ofrecido detalles sobre las causas que llevaron a esta terrible p\u00e9rdida.<\/p>\n<p>Rafael Molleda era reconocido en la regi\u00f3n por su destacada labor como productor agropecuario y por su compromiso con el desarrollo de la zona.<\/p>\n<p>Hijo de Rafael Molleda e Ilsa Lubo, y era padre de una ni\u00f1a. Su partida deja un vac\u00edo en la comunidad perijanera.<\/p>\n<p><strong>Nota y foto cortes\u00eda Ginnet Ochoa<\/strong><\/p>\n<p><strong>EL REGIONAL DEL ZULIA<\/strong><\/p>\n<div id=\"ez-toc-container\" class=\"ez-toc-v2_0_81 counter-hierarchy ez-toc-counter ez-toc-grey ez-toc-container-direction\">\n<div class=\"ez-toc-title-container\">\n<p class=\"ez-toc-title\" style=\"cursor:inherit\">Tabla de Contenido<\/p>\n<span class=\"ez-toc-title-toggle\"><a href=\"#\" class=\"ez-toc-pull-right ez-toc-btn ez-toc-btn-xs ez-toc-btn-default ez-toc-toggle\" aria-label=\"Alternar tabla de contenidos\"><span class=\"ez-toc-js-icon-con\"><span class=\"\"><span class=\"eztoc-hide\" style=\"display:none;\">Toggle<\/span><span class=\"ez-toc-icon-toggle-span\"><svg style=\"fill: #999;color:#999\" xmlns=\"http:\/\/www.w3.org\/2000\/svg\" class=\"list-377408\" width=\"20px\" height=\"20px\" viewBox=\"0 0 24 24\" fill=\"none\"><path d=\"M6 6H4v2h2V6zm14 0H8v2h12V6zM4 11h2v2H4v-2zm16 0H8v2h12v-2zM4 16h2v2H4v-2zm16 0H8v2h12v-2z\" fill=\"currentColor\"><\/path><\/svg><svg style=\"fill: #999;color:#999\" class=\"arrow-unsorted-368013\" xmlns=\"http:\/\/www.w3.org\/2000\/svg\" width=\"10px\" height=\"10px\" viewBox=\"0 0 24 24\" version=\"1.2\" baseProfile=\"tiny\"><path d=\"M18.2 9.3l-6.2-6.3-6.2 6.3c-.2.2-.3.4-.3.7s.1.5.3.7c.2.2.4.3.7.3h11c.3 0 .5-.1.7-.3.2-.2.3-.5.3-.7s-.1-.5-.3-.7zM5.8 14.7l6.2 6.3 6.2-6.3c.2-.2.3-.5.3-.7s-.1-.5-.3-.7c-.2-.2-.4-.3-.7-.3h-11c-.3 0-.5.1-.7.3-.2.2-.3.5-.3.7s.1.5.3.7z\"\/><\/svg><\/span><\/span><\/span><\/a><\/span><\/div>\n<nav><ul class='ez-toc-list ez-toc-list-level-1 ' ><li class='ez-toc-page-1 ez-toc-heading-level-4'><a class=\"ez-toc-link ez-toc-heading-1\" href=\"https:\/\/enfoquenoticioso.com\/?p=7805\/#Sigue_al_canal_de_noticias_en_Whatsaap\" >Sigue al canal de noticias en Whatsaap\u00a0<\/a><\/li><\/ul><\/nav><\/div>\n<h4><span class=\"ez-toc-section\" id=\"Sigue_al_canal_de_noticias_en_Whatsaap\"><\/span><strong><a href=\"https:\/\/whatsapp.com\/channel\/0029VaDXFnLId7nFFiDdVI26?fbclid=IwAR1LnVJqcByTELJH4Ht086FYRmdx18pRnV7CrkzmTJ5JaLHYY0igukfL9Yk\" target=\"_blank\" rel=\"noopener\">Sigue al canal de noticias en Whatsaap\u00a0<\/a><\/strong><span class=\"ez-toc-section-end\"><\/span><\/h4>\n<p>\u00a0<\/p>\n<\/div>\n<\/div>\n<p><a href=\"https:\/\/noticiasaldiayalahora.co\/sucesos\/fallecio-ganadero-al-caer-de-un-sexto-piso-de-un-edificio-en-maracaibo\/\" class=\" target=\" title=\"Falleci\u00f3 ganadero al caer de un sexto piso de un edificio en Maracaibo\" target=\"_blank\" rel=\"noopener\">Ver fuente<\/a><\/p>\n","protected":false},"excerpt":{"rendered":"<p>Por: Redacci\u00f3n Noticias al Dia y a la Hora 25 junio, 2024 El productor Agropecuario, Rafael Molleda(41) , muri\u00f3 al caer de uno de los edificios de la urbanizaci\u00f3n Villa Delicias de Maracaibo, seg\u00fan inform\u00f3 la periodista Ginnet Ochoa en sus redes. Se desconocen las causas. La noticia de su fallecimiento se dio a conocer [&hellip;]<\/p>\n","protected":false},"author":2,"featured_media":7806,"comment_status":"open","ping_status":"closed","sticky":false,"template":"","format":"standard","meta":{"footnotes":""},"categories":[5],"tags":[],"class_list":["post-7805","post","type-post","status-publish","format-standard","has-post-thumbnail","hentry","category-sucesos"],"_links":{"self":[{"href":"https:\/\/enfoquenoticioso.com\/index.php?rest_route=\/wp\/v2\/posts\/7805","targetHints":{"allow":["GET"]}}],"collection":[{"href":"https:\/\/enfoquenoticioso.com\/index.php?rest_route=\/wp\/v2\/posts"}],"about":[{"href":"https:\/\/enfoquenoticioso.com\/index.php?rest_route=\/wp\/v2\/types\/post"}],"author":[{"embeddable":true,"href":"https:\/\/enfoquenoticioso.com\/index.php?rest_route=\/wp\/v2\/users\/2"}],"replies":[{"embeddable":true,"href":"https:\/\/enfoquenoticioso.com\/index.php?rest_route=%2Fwp%2Fv2%2Fcomments&post=7805"}],"version-history":[{"count":0,"href":"https:\/\/enfoquenoticioso.com\/index.php?rest_route=\/wp\/v2\/posts\/7805\/revisions"}],"wp:featuredmedia":[{"embeddable":true,"href":"https:\/\/enfoquenoticioso.com\/index.php?rest_route=\/wp\/v2\/media\/7806"}],"wp:attachment":[{"href":"https:\/\/enfoquenoticioso.com\/index.php?rest_route=%2Fwp%2Fv2%2Fmedia&parent=7805"}],"wp:term":[{"taxonomy":"category","embeddable":true,"href":"https:\/\/enfoquenoticioso.com\/index.php?rest_route=%2Fwp%2Fv2%2Fcategories&post=7805"},{"taxonomy":"post_tag","embeddable":true,"href":"https:\/\/enfoquenoticioso.com\/index.php?rest_route=%2Fwp%2Fv2%2Ftags&post=7805"}],"curies":[{"name":"wp","href":"https:\/\/api.w.org\/{rel}","templated":true}]}}