{"id":7811,"date":"2024-06-25T16:22:19","date_gmt":"2024-06-25T16:22:19","guid":{"rendered":"https:\/\/enfoquenoticioso.com\/internacionales\/periodista-y-corresponsal-del-vaticano-dice-que-canonizacion-de-jose-gregorio-hernandez-todavia-no-es-oficial\/"},"modified":"2024-06-25T16:22:19","modified_gmt":"2024-06-25T16:22:19","slug":"periodista-y-corresponsal-del-vaticano-dice-que-canonizacion-de-jose-gregorio-hernandez-todavia-no-es-oficial","status":"publish","type":"post","link":"https:\/\/enfoquenoticioso.com\/?p=7811","title":{"rendered":"Periodista y corresponsal del Vaticano dice que canonizaci\u00f3n de Jos\u00e9 Gregorio Hern\u00e1ndez todav\u00eda no es oficial"},"content":{"rendered":"<div>\n<p>Este martes se hizo viral en redes un video del papa Francisco en el que asegura que ya firm\u00f3 la canonizaci\u00f3n del doctor Jos\u00e9 Gregorio Hern\u00e1ndez. Sin embargo, la periodista y corresponsal en el Vaticano, Marinellys Tremamunno, acot\u00f3 que el comentario del pont\u00edfice fue \u00absacado de contexto\u00bb.<span id=\"more-531417\"\/><\/p>\n<p>\u00abSiguen las fake news sobre Jos\u00e9 Gregorio Hern\u00e1ndez. Un comentario fuera de contexto del papa no es una prueba de nada. Para que ocurra una canonizaci\u00f3n existen procedimientos que la causa de nuestro beato a\u00fan no ha cumplido\u00bb, indic\u00f3 en su\u00a0cuenta\u00a0en Twitter (X).<\/p>\n<p>Destac\u00f3 que todav\u00eda no hay segundo milagro confirmado. \u00abA Jos\u00e9 Gregorio Hern\u00e1ndez se le debe atribuir la intercesi\u00f3n eficaz de un segundo milagro ocurrido despu\u00e9s de la beatificaci\u00f3n. Y el presunto milagro que hab\u00eda sido presentado en 2023 no super\u00f3 el estudio m\u00e9dico de la Congregaci\u00f3n para la Causa de los Santos\u00bb, expres\u00f3.<\/p>\n<p><img loading=\"lazy\" decoding=\"async\" class=\"alignnone size-full wp-image-159517\" src=\"https:\/\/i0.wp.com\/www.caraotadigital.net\/wp-content\/uploads\/2024\/06\/imagevaticano000100.jpg?resize=536%2C235&amp;ssl=1\" alt=\"\" width=\"536\" height=\"235\" data-recalc-dims=\"1\"\/><\/p>\n<p>Tremamunno sostuvo que el papa Francisco siempre puede tomar decisiones particulares. Sin embargo, en este momento eso no est\u00e1 previsto.<\/p>\n<p>\u00abEl primero de julio es el Consistorio para las Canonizaciones y Jos\u00e9 Gregorio Hern\u00e1ndez no est\u00e1 incluido en la lista de las pr\u00f3ximas canonizaciones de este 2024\u00bb, se\u00f1al\u00f3.<\/p>\n<p><img loading=\"lazy\" decoding=\"async\" class=\"alignnone size-full wp-image-159515\" src=\"https:\/\/i0.wp.com\/www.caraotadigital.net\/wp-content\/uploads\/2024\/06\/imagevaticano0001000022.jpg?resize=536%2C253&amp;ssl=1\" alt=\"\" width=\"536\" height=\"253\" data-recalc-dims=\"1\"\/><\/p>\n<p>Adem\u00e1s, resalt\u00f3 que esta no es la primera vez que el pont\u00edfice hace comentarios \u00abinoportunos\u00bb en algunos casos contra la doctrina de la Iglesia o incluso ha generado incidentes diplom\u00e1ticos.<\/p>\n<p>\u00abAhora se usa uno de esos comentarios como trapo rojo electoral (\u2026) ese video publicado es el que ya hab\u00eda anunciado Maduro que ten\u00eda. Es un video fuera de contexto y sin validez oficial para afirmar que la canonizaci\u00f3n estar\u00eda aprobada\u00bb, dijo en sus redes.<\/p>\n<p><img loading=\"lazy\" decoding=\"async\" class=\"alignnone size-full wp-image-159508\" src=\"https:\/\/i0.wp.com\/www.caraotadigital.net\/wp-content\/uploads\/2024\/06\/imagevaticano000002.jpg?resize=544%2C293&amp;ssl=1\" alt=\"\" width=\"544\" height=\"293\" data-recalc-dims=\"1\"\/><\/p>\n<div id=\"ez-toc-container\" class=\"ez-toc-v2_0_81 counter-hierarchy ez-toc-counter ez-toc-grey ez-toc-container-direction\">\n<div class=\"ez-toc-title-container\">\n<p class=\"ez-toc-title\" style=\"cursor:inherit\">Tabla de Contenido<\/p>\n<span class=\"ez-toc-title-toggle\"><a href=\"#\" class=\"ez-toc-pull-right ez-toc-btn ez-toc-btn-xs ez-toc-btn-default ez-toc-toggle\" aria-label=\"Alternar tabla de contenidos\"><span class=\"ez-toc-js-icon-con\"><span class=\"\"><span class=\"eztoc-hide\" style=\"display:none;\">Toggle<\/span><span class=\"ez-toc-icon-toggle-span\"><svg style=\"fill: #999;color:#999\" xmlns=\"http:\/\/www.w3.org\/2000\/svg\" class=\"list-377408\" width=\"20px\" height=\"20px\" viewBox=\"0 0 24 24\" fill=\"none\"><path d=\"M6 6H4v2h2V6zm14 0H8v2h12V6zM4 11h2v2H4v-2zm16 0H8v2h12v-2zM4 16h2v2H4v-2zm16 0H8v2h12v-2z\" fill=\"currentColor\"><\/path><\/svg><svg style=\"fill: #999;color:#999\" class=\"arrow-unsorted-368013\" xmlns=\"http:\/\/www.w3.org\/2000\/svg\" width=\"10px\" height=\"10px\" viewBox=\"0 0 24 24\" version=\"1.2\" baseProfile=\"tiny\"><path d=\"M18.2 9.3l-6.2-6.3-6.2 6.3c-.2.2-.3.4-.3.7s.1.5.3.7c.2.2.4.3.7.3h11c.3 0 .5-.1.7-.3.2-.2.3-.5.3-.7s-.1-.5-.3-.7zM5.8 14.7l6.2 6.3 6.2-6.3c.2-.2.3-.5.3-.7s-.1-.5-.3-.7c-.2-.2-.4-.3-.7-.3h-11c-.3 0-.5.1-.7.3-.2.2-.3.5-.3.7s.1.5.3.7z\"\/><\/svg><\/span><\/span><\/span><\/a><\/span><\/div>\n<nav><ul class='ez-toc-list ez-toc-list-level-1 ' ><li class='ez-toc-page-1 ez-toc-heading-level-3'><a class=\"ez-toc-link ez-toc-heading-1\" href=\"https:\/\/enfoquenoticioso.com\/?p=7811\/#LO_QUE_HABIA_DICHO_EL_PAPA_SOBRE_JOSE_GREGORIO_HERNANDEZ\" >LO QUE HAB\u00cdA DICHO EL PAPA SOBRE JOS\u00c9 GREGORIO HERN\u00c1NDEZ<\/a><ul class='ez-toc-list-level-4' ><li class='ez-toc-heading-level-4'><a class=\"ez-toc-link ez-toc-heading-2\" href=\"https:\/\/enfoquenoticioso.com\/?p=7811\/#Sigue_al_canal_de_noticias_en_Whatsaap\" >Sigue al canal de noticias en Whatsaap\u00a0<\/a><\/li><\/ul><\/li><\/ul><\/nav><\/div>\n<h3 id=\"lo-que-habia-dicho-el-papa-sobre-jose-gregorio-hernandez\" class=\"rb-heading-index-0\"><span class=\"ez-toc-section\" id=\"LO_QUE_HABIA_DICHO_EL_PAPA_SOBRE_JOSE_GREGORIO_HERNANDEZ\"><\/span>LO QUE HAB\u00cdA DICHO EL PAPA SOBRE JOS\u00c9 GREGORIO HERN\u00c1NDEZ<span class=\"ez-toc-section-end\"><\/span><\/h3>\n<p>El papa Francisco se\u00f1al\u00f3 que ya firm\u00f3 la canonizaci\u00f3n del doctor Jos\u00e9 Gregorio Hern\u00e1ndez, por lo que se convertir\u00eda en el primer santo venezolano.<\/p>\n<p>La noticia se dio a conocer en un video compartido por la periodista Ana Rodr\u00edguez Braz\u00f3n en Twitter (X). En las im\u00e1genes se escucha la conversaci\u00f3n entre un miembro de la Iglesia venezolana y el papa en el Vaticano.<\/p>\n<p>\u00abVoy a canonizar al m\u00e9dico. No s\u00e9 cuando, pero ya firm\u00e9\u00bb, expres\u00f3 el pont\u00edfice.<\/p>\n<p>Ante esto, los venezolanos en el lugar le hicieron notar su agrado ante esta noticia.<\/p>\n<p>A pesar de ir en silla de ruedas, el papa Francisco se mostr\u00f3 con mucho \u00e1nimo al hablar de los venezolanos. \u00abEs un pueblo muy maduro\u00bb, dijo.<\/p>\n<h4><span class=\"ez-toc-section\" id=\"Sigue_al_canal_de_noticias_en_Whatsaap\"><\/span><strong><a href=\"https:\/\/whatsapp.com\/channel\/0029VaDXFnLId7nFFiDdVI26?fbclid=IwAR1LnVJqcByTELJH4Ht086FYRmdx18pRnV7CrkzmTJ5JaLHYY0igukfL9Yk\" target=\"_blank\" rel=\"noopener\">Sigue al canal de noticias en Whatsaap\u00a0<\/a><\/strong><span class=\"ez-toc-section-end\"><\/span><\/h4>\n<\/div>\n<p><a href=\"https:\/\/noticiasaldiayalahora.co\/internacionales\/periodista-y-corresponsal-del-vaticano-dice-que-canonizacion-de-jose-gregorio-hernandez-todavia-no-es-oficial\/\" class=\" target=\" title=\"Periodista y corresponsal del Vaticano dice que canonizaci\u00f3n de Jos\u00e9 Gregorio Hern\u00e1ndez todav\u00eda no es oficial\" target=\"_blank\" rel=\"noopener\">Ver fuente<\/a><\/p>\n","protected":false},"excerpt":{"rendered":"<p>Este martes se hizo viral en redes un video del papa Francisco en el que asegura que ya firm\u00f3 la canonizaci\u00f3n del doctor Jos\u00e9 Gregorio Hern\u00e1ndez. Sin embargo, la periodista y corresponsal en el Vaticano, Marinellys Tremamunno, acot\u00f3 que el comentario del pont\u00edfice fue \u00absacado de contexto\u00bb. \u00abSiguen las fake news sobre Jos\u00e9 Gregorio Hern\u00e1ndez. [&hellip;]<\/p>\n","protected":false},"author":2,"featured_media":7812,"comment_status":"open","ping_status":"closed","sticky":false,"template":"","format":"standard","meta":{"footnotes":""},"categories":[6],"tags":[],"class_list":["post-7811","post","type-post","status-publish","format-standard","has-post-thumbnail","hentry","category-internacionales"],"_links":{"self":[{"href":"https:\/\/enfoquenoticioso.com\/index.php?rest_route=\/wp\/v2\/posts\/7811","targetHints":{"allow":["GET"]}}],"collection":[{"href":"https:\/\/enfoquenoticioso.com\/index.php?rest_route=\/wp\/v2\/posts"}],"about":[{"href":"https:\/\/enfoquenoticioso.com\/index.php?rest_route=\/wp\/v2\/types\/post"}],"author":[{"embeddable":true,"href":"https:\/\/enfoquenoticioso.com\/index.php?rest_route=\/wp\/v2\/users\/2"}],"replies":[{"embeddable":true,"href":"https:\/\/enfoquenoticioso.com\/index.php?rest_route=%2Fwp%2Fv2%2Fcomments&post=7811"}],"version-history":[{"count":0,"href":"https:\/\/enfoquenoticioso.com\/index.php?rest_route=\/wp\/v2\/posts\/7811\/revisions"}],"wp:featuredmedia":[{"embeddable":true,"href":"https:\/\/enfoquenoticioso.com\/index.php?rest_route=\/wp\/v2\/media\/7812"}],"wp:attachment":[{"href":"https:\/\/enfoquenoticioso.com\/index.php?rest_route=%2Fwp%2Fv2%2Fmedia&parent=7811"}],"wp:term":[{"taxonomy":"category","embeddable":true,"href":"https:\/\/enfoquenoticioso.com\/index.php?rest_route=%2Fwp%2Fv2%2Fcategories&post=7811"},{"taxonomy":"post_tag","embeddable":true,"href":"https:\/\/enfoquenoticioso.com\/index.php?rest_route=%2Fwp%2Fv2%2Ftags&post=7811"}],"curies":[{"name":"wp","href":"https:\/\/api.w.org\/{rel}","templated":true}]}}