{"id":8004,"date":"2024-06-26T12:16:42","date_gmt":"2024-06-26T12:16:42","guid":{"rendered":"https:\/\/enfoquenoticioso.com\/sucesos\/tres-ninos-entre-las-victimas\/"},"modified":"2024-06-26T12:16:42","modified_gmt":"2024-06-26T12:16:42","slug":"tres-ninos-entre-las-victimas","status":"publish","type":"post","link":"https:\/\/enfoquenoticioso.com\/?p=8004","title":{"rendered":"Tres ni\u00f1os entre las victimas"},"content":{"rendered":"<div>\n<p class=\"has-drop-cap\">El lunes 24 de junio, una familia perdi\u00f3 la vida al caer por un precipicio en el estado T\u00e1chira.<span id=\"more-531459\"\/><\/p>\n<p>El accidente ocurri\u00f3 en la parroquia San Antonio de Padua, espec\u00edficamente en un tramo vial del sector La Roca, en la carretera que conecta con la poblaci\u00f3n de La Grita, a unos 6 km de Pregonero, en el municipio Uribante. Esta zona es conocida por su terreno escarpado y despe\u00f1aderos de gran altura.<\/p>\n<p>Seg\u00fan los informes, el conductor de un veh\u00edculo Chevette perdi\u00f3 el control y sali\u00f3 de la v\u00eda, rodando m\u00e1s de 300 metros hasta caer al precipicio. En el lugar del siniestro, se encontraron tres menores de edad y una mujer a\u00fan dentro del autom\u00f3vil, mientras que el conductor fue expulsado a unos metros de distancia. Todos se encontraban sin signos vitales.<\/p>\n<p>Para recuperar los cuerpos, se activ\u00f3 la unidad de rescate y se emple\u00f3 el uso de drones para ubicar con precisi\u00f3n la zona m\u00e1s baja del terreno. Los organismos de seguridad se encargar\u00e1n de las investigaciones del caso.<\/p>\n<p><strong>As\u00ed lo rese\u00f1\u00f3 Protecci\u00f3n Civil de T\u00e1chira:<\/strong><\/p>\n<p> : \u0301 <\/p>\n<p>En hecho se registr\u00f3 en horas de la tarde de este lunes 24 de junio, cuando efectivos de Protecci\u00f3n Civil Uribante fueron alertados sobre un veh\u00edculo que habr\u00eda ca\u00eddo por un precipicio, luego de que el conductor perdiera el control del Chevette, saliendo de la v\u00eda y rodando m\u00e1s de 300 metros abajo.<\/p>\n<p>El lamentable siniestro vial ocurri\u00f3 en la parroquia San Antonio de Padua, espec\u00edficamente en un tramo vial del sector La Roca, carretera que comunica con la poblaci\u00f3n de la Grita, a aproximadamente 6 km de Pregonero, municipio Uribante; zona muy conocida por poseer un terreno bastante escarpado con despe\u00f1aderos de gran altura.<\/p>\n<p>En un primer momento y a bordo de una unidad motorizada se corrobora la informaci\u00f3n, por lo que se activa la unidad de Rescate-01 dada al complejidad de las condiciones, el uso de cuerdas y maniobras resulta infructuoso, por lo que al hacer uso de la tecnolog\u00eda Drone, ubican en punto exacto. Fue justo en la zona m\u00e1s baja del terreno en donde se visualizan tres menores de edad y una mujer a\u00fan dentro del automotor, y el conductor que result\u00f3 expulsado unos cuantos metros, todos hallados sin signos vitales.<\/p>\n<p>Se procede a la recuperaci\u00f3n de los cuerpos para dar continuidad a la cadena de custodia de acuerdo a los protocolos del casos junto a los organismos competentes.<\/p>\n<blockquote class=\"instagram-media\" style=\"background: #FFF; border: 0; border-radius: 3px; box-shadow: 0 0 1px 0 rgba(0,0,0,0.5),0 1px 10px 0 rgba(0,0,0,0.15); margin: 1px; max-width: 540px; min-width: 326px; padding: 0; width: calc(100% - 2px);\" data-instgrm-captioned=\"\" data-instgrm-permalink=\"https:\/\/www.instagram.com\/p\/C8nzZYUAibM\/?utm_source=ig_embed&amp;utm_campaign=loading\" data-instgrm-version=\"14\">\n<\/blockquote>\n<div id=\"ez-toc-container\" class=\"ez-toc-v2_0_81 counter-hierarchy ez-toc-counter ez-toc-grey ez-toc-container-direction\">\n<div class=\"ez-toc-title-container\">\n<p class=\"ez-toc-title\" style=\"cursor:inherit\">Tabla de Contenido<\/p>\n<span class=\"ez-toc-title-toggle\"><a href=\"#\" class=\"ez-toc-pull-right ez-toc-btn ez-toc-btn-xs ez-toc-btn-default ez-toc-toggle\" aria-label=\"Alternar tabla de contenidos\"><span class=\"ez-toc-js-icon-con\"><span class=\"\"><span class=\"eztoc-hide\" style=\"display:none;\">Toggle<\/span><span class=\"ez-toc-icon-toggle-span\"><svg style=\"fill: #999;color:#999\" xmlns=\"http:\/\/www.w3.org\/2000\/svg\" class=\"list-377408\" width=\"20px\" height=\"20px\" viewBox=\"0 0 24 24\" fill=\"none\"><path d=\"M6 6H4v2h2V6zm14 0H8v2h12V6zM4 11h2v2H4v-2zm16 0H8v2h12v-2zM4 16h2v2H4v-2zm16 0H8v2h12v-2z\" fill=\"currentColor\"><\/path><\/svg><svg style=\"fill: #999;color:#999\" class=\"arrow-unsorted-368013\" xmlns=\"http:\/\/www.w3.org\/2000\/svg\" width=\"10px\" height=\"10px\" viewBox=\"0 0 24 24\" version=\"1.2\" baseProfile=\"tiny\"><path d=\"M18.2 9.3l-6.2-6.3-6.2 6.3c-.2.2-.3.4-.3.7s.1.5.3.7c.2.2.4.3.7.3h11c.3 0 .5-.1.7-.3.2-.2.3-.5.3-.7s-.1-.5-.3-.7zM5.8 14.7l6.2 6.3 6.2-6.3c.2-.2.3-.5.3-.7s-.1-.5-.3-.7c-.2-.2-.4-.3-.7-.3h-11c-.3 0-.5.1-.7.3-.2.2-.3.5-.3.7s.1.5.3.7z\"\/><\/svg><\/span><\/span><\/span><\/a><\/span><\/div>\n<nav><ul class='ez-toc-list ez-toc-list-level-1 ' ><li class='ez-toc-page-1 ez-toc-heading-level-4'><a class=\"ez-toc-link ez-toc-heading-1\" href=\"https:\/\/enfoquenoticioso.com\/?p=8004\/#Sigue_al_canal_de_noticias_en_Whatsaap\" >Sigue al canal de noticias en Whatsaap\u00a0<\/a><\/li><\/ul><\/nav><\/div>\n<h4><span class=\"ez-toc-section\" id=\"Sigue_al_canal_de_noticias_en_Whatsaap\"><\/span><strong><a href=\"https:\/\/whatsapp.com\/channel\/0029VaDXFnLId7nFFiDdVI26?fbclid=IwAR1LnVJqcByTELJH4Ht086FYRmdx18pRnV7CrkzmTJ5JaLHYY0igukfL9Yk\" target=\"_blank\" rel=\"noopener\">Sigue al canal de noticias en Whatsaap\u00a0<\/a><\/strong><span class=\"ez-toc-section-end\"><\/span><\/h4>\n<\/div>\n<p><script async src=\"\/\/www.instagram.com\/embed.js\"><\/script><br \/>\n<br \/><a href=\"https:\/\/noticiasaldiayalahora.co\/sucesos\/familia-muere-al-caer-de-un-precipicio-en-tachira-tres-ninos-entre-las-victimas\/\" class=\" target=\" title=\"Tres ni\u00f1os entre las victimas\" target=\"_blank\" rel=\"noopener\">Ver fuente<\/a><\/p>\n","protected":false},"excerpt":{"rendered":"<p>El lunes 24 de junio, una familia perdi\u00f3 la vida al caer por un precipicio en el estado T\u00e1chira. El accidente ocurri\u00f3 en la parroquia San Antonio de Padua, espec\u00edficamente en un tramo vial del sector La Roca, en la carretera que conecta con la poblaci\u00f3n de La Grita, a unos 6 km de Pregonero, [&hellip;]<\/p>\n","protected":false},"author":2,"featured_media":8005,"comment_status":"open","ping_status":"closed","sticky":false,"template":"","format":"standard","meta":{"footnotes":""},"categories":[5],"tags":[],"class_list":["post-8004","post","type-post","status-publish","format-standard","has-post-thumbnail","hentry","category-sucesos"],"_links":{"self":[{"href":"https:\/\/enfoquenoticioso.com\/index.php?rest_route=\/wp\/v2\/posts\/8004","targetHints":{"allow":["GET"]}}],"collection":[{"href":"https:\/\/enfoquenoticioso.com\/index.php?rest_route=\/wp\/v2\/posts"}],"about":[{"href":"https:\/\/enfoquenoticioso.com\/index.php?rest_route=\/wp\/v2\/types\/post"}],"author":[{"embeddable":true,"href":"https:\/\/enfoquenoticioso.com\/index.php?rest_route=\/wp\/v2\/users\/2"}],"replies":[{"embeddable":true,"href":"https:\/\/enfoquenoticioso.com\/index.php?rest_route=%2Fwp%2Fv2%2Fcomments&post=8004"}],"version-history":[{"count":0,"href":"https:\/\/enfoquenoticioso.com\/index.php?rest_route=\/wp\/v2\/posts\/8004\/revisions"}],"wp:featuredmedia":[{"embeddable":true,"href":"https:\/\/enfoquenoticioso.com\/index.php?rest_route=\/wp\/v2\/media\/8005"}],"wp:attachment":[{"href":"https:\/\/enfoquenoticioso.com\/index.php?rest_route=%2Fwp%2Fv2%2Fmedia&parent=8004"}],"wp:term":[{"taxonomy":"category","embeddable":true,"href":"https:\/\/enfoquenoticioso.com\/index.php?rest_route=%2Fwp%2Fv2%2Fcategories&post=8004"},{"taxonomy":"post_tag","embeddable":true,"href":"https:\/\/enfoquenoticioso.com\/index.php?rest_route=%2Fwp%2Fv2%2Ftags&post=8004"}],"curies":[{"name":"wp","href":"https:\/\/api.w.org\/{rel}","templated":true}]}}