{"id":8012,"date":"2024-06-26T12:49:32","date_gmt":"2024-06-26T12:49:32","guid":{"rendered":"https:\/\/enfoquenoticioso.com\/sucesos\/fallecio-cuidador-de-vehiculos-venezolano-herido-en-un-atentado-en-colombia\/"},"modified":"2024-06-26T12:49:32","modified_gmt":"2024-06-26T12:49:32","slug":"fallecio-cuidador-de-vehiculos-venezolano-herido-en-un-atentado-en-colombia","status":"publish","type":"post","link":"https:\/\/enfoquenoticioso.com\/?p=8012","title":{"rendered":"Falleci\u00f3 cuidador de veh\u00edculos venezolano herido en un atentado en Colombia"},"content":{"rendered":"<div>\n<p>Las autoridades colombianas confirmaron este lunes la muerte del venezolano Rafael Gonz\u00e1lez, el cuidador de veh\u00edculos que hab\u00eda resultado herido el pasado 12 de junio por la explosi\u00f3n de una motocicleta-bomba en el municipio de Jamund\u00ed, en el departamento de Valle del Cauca (suroeste).<span id=\"more-531462\"\/><\/p>\n<p>El atentado, que dej\u00f3 seis personas m\u00e1s heridas, ocurri\u00f3 cuando una patrulla de la Polic\u00eda pasaba por el centro de ese municipio, aleda\u00f1o a la ciudad de Cali, y miembros del Estado Mayor Central (EMC), la principal disidencia de las antiguas FARC, detonaron una motocicleta-bomba.<\/p>\n<p>La v\u00edctima mortal hab\u00eda llegado hace nueve a\u00f1os a Colombia buscando oportunidades para salir adelante con su familia y se ganaba la vida con el dinero que le daban los jamunde\u00f1os por cuidar motos en una zona bancaria.<\/p>\n<p>\u00abEl deceso de don Rafael enluta a la regi\u00f3n y a todo el pa\u00eds. Lleg\u00f3 en b\u00fasqueda de esperanzas, en la b\u00fasqueda de poder sobrevivir y aqu\u00ed encontr\u00f3 la muerte\u00bb, afirm\u00f3 el personero de Cali, Gerardo Mendoza Castrill\u00f3n.<\/p>\n<p>Seg\u00fan pudo conocer EFE, Gonz\u00e1lez era atendido en la cl\u00ednica Fundaci\u00f3n Valle del Lili donde los m\u00e9dicos tuvieron que amputarle su brazo derecho el pasado jueves por una infecci\u00f3n causada por las heridas.<\/p>\n<p>\u00abDesde la Personer\u00eda de Cali pedimos insistentemente que la poblaci\u00f3n civil est\u00e9 marginada de toda confrontaci\u00f3n armada y se respete el derecho internacional humanitario\u00bb, a\u00f1adi\u00f3 Mendoza.<\/p>\n<p>La Alcald\u00eda municipal de Jamund\u00ed brindar\u00e1 \u00abtodo el apoyo necesario\u00bb a la familia de Gonz\u00e1lez, que a\u00fan no define si su cuerpo ser\u00e1 sepultado en Colombia o en Venezuela.<\/p>\n<p>Los departamentos del Cauca y Valle del Cauca han sido escenario desde hace dos meses de acciones terroristas del Estado Mayor Central, principal disidencia de las FARC, contra instalaciones militares y de polic\u00eda, que han dejado muertos y heridos.<\/p>\n<p>Justamente en las \u00faltimas semanas el EMC, que actualmente est\u00e1 escindido en dos grupos que antes comandaba \u2018Iv\u00e1n Mordisco\u2019, intensific\u00f3 el n\u00famero de acciones violentas en el Cauca que comenzaron con cuatro ataques coordinados que dejaron un civil y dos polic\u00edas heridos a mediados de mes.<\/p>\n<p>Igualmente, Sigifredo M\u00e1rquez, padre de la vicepresidenta colombiana, Francia M\u00e1rquez, fue objeto de un atentado el 16 de junio cuando viajaba junto a un sobrino de seis a\u00f1os de la alta funcionaria entre las localidades de Timba, en el Cauca, y el caser\u00edo Robles, una zona rural de Jamund\u00ed, en el Valle del Cauca.<\/p>\n<p><strong>EFE<\/strong><\/p>\n<div id=\"ez-toc-container\" class=\"ez-toc-v2_0_81 counter-hierarchy ez-toc-counter ez-toc-grey ez-toc-container-direction\">\n<div class=\"ez-toc-title-container\">\n<p class=\"ez-toc-title\" style=\"cursor:inherit\">Tabla de Contenido<\/p>\n<span class=\"ez-toc-title-toggle\"><a href=\"#\" class=\"ez-toc-pull-right ez-toc-btn ez-toc-btn-xs ez-toc-btn-default ez-toc-toggle\" aria-label=\"Alternar tabla de contenidos\"><span class=\"ez-toc-js-icon-con\"><span class=\"\"><span class=\"eztoc-hide\" style=\"display:none;\">Toggle<\/span><span class=\"ez-toc-icon-toggle-span\"><svg style=\"fill: #999;color:#999\" xmlns=\"http:\/\/www.w3.org\/2000\/svg\" class=\"list-377408\" width=\"20px\" height=\"20px\" viewBox=\"0 0 24 24\" fill=\"none\"><path d=\"M6 6H4v2h2V6zm14 0H8v2h12V6zM4 11h2v2H4v-2zm16 0H8v2h12v-2zM4 16h2v2H4v-2zm16 0H8v2h12v-2z\" fill=\"currentColor\"><\/path><\/svg><svg style=\"fill: #999;color:#999\" class=\"arrow-unsorted-368013\" xmlns=\"http:\/\/www.w3.org\/2000\/svg\" width=\"10px\" height=\"10px\" viewBox=\"0 0 24 24\" version=\"1.2\" baseProfile=\"tiny\"><path d=\"M18.2 9.3l-6.2-6.3-6.2 6.3c-.2.2-.3.4-.3.7s.1.5.3.7c.2.2.4.3.7.3h11c.3 0 .5-.1.7-.3.2-.2.3-.5.3-.7s-.1-.5-.3-.7zM5.8 14.7l6.2 6.3 6.2-6.3c.2-.2.3-.5.3-.7s-.1-.5-.3-.7c-.2-.2-.4-.3-.7-.3h-11c-.3 0-.5.1-.7.3-.2.2-.3.5-.3.7s.1.5.3.7z\"\/><\/svg><\/span><\/span><\/span><\/a><\/span><\/div>\n<nav><ul class='ez-toc-list ez-toc-list-level-1 ' ><li class='ez-toc-page-1 ez-toc-heading-level-4'><a class=\"ez-toc-link ez-toc-heading-1\" href=\"https:\/\/enfoquenoticioso.com\/?p=8012\/#Sigue_al_canal_de_noticias_en_Whatsaap\" >Sigue al canal de noticias en Whatsaap\u00a0<\/a><\/li><\/ul><\/nav><\/div>\n<h4><span class=\"ez-toc-section\" id=\"Sigue_al_canal_de_noticias_en_Whatsaap\"><\/span><strong><a href=\"https:\/\/whatsapp.com\/channel\/0029VaDXFnLId7nFFiDdVI26?fbclid=IwAR1LnVJqcByTELJH4Ht086FYRmdx18pRnV7CrkzmTJ5JaLHYY0igukfL9Yk\" target=\"_blank\" rel=\"noopener\">Sigue al canal de noticias en Whatsaap\u00a0<\/a><\/strong><span class=\"ez-toc-section-end\"><\/span><\/h4>\n<\/div>\n<p><a href=\"https:\/\/noticiasaldiayalahora.co\/sucesos\/fallecio-cuidador-de-vehiculos-venezolano-herido-en-un-atentado-en-colombia\/\" class=\" target=\" title=\"Falleci\u00f3 cuidador de veh\u00edculos venezolano herido en un atentado en Colombia\" target=\"_blank\" rel=\"noopener\">Ver fuente<\/a><\/p>\n","protected":false},"excerpt":{"rendered":"<p>Las autoridades colombianas confirmaron este lunes la muerte del venezolano Rafael Gonz\u00e1lez, el cuidador de veh\u00edculos que hab\u00eda resultado herido el pasado 12 de junio por la explosi\u00f3n de una motocicleta-bomba en el municipio de Jamund\u00ed, en el departamento de Valle del Cauca (suroeste). El atentado, que dej\u00f3 seis personas m\u00e1s heridas, ocurri\u00f3 cuando una [&hellip;]<\/p>\n","protected":false},"author":2,"featured_media":8013,"comment_status":"open","ping_status":"closed","sticky":false,"template":"","format":"standard","meta":{"footnotes":""},"categories":[5],"tags":[],"class_list":["post-8012","post","type-post","status-publish","format-standard","has-post-thumbnail","hentry","category-sucesos"],"_links":{"self":[{"href":"https:\/\/enfoquenoticioso.com\/index.php?rest_route=\/wp\/v2\/posts\/8012","targetHints":{"allow":["GET"]}}],"collection":[{"href":"https:\/\/enfoquenoticioso.com\/index.php?rest_route=\/wp\/v2\/posts"}],"about":[{"href":"https:\/\/enfoquenoticioso.com\/index.php?rest_route=\/wp\/v2\/types\/post"}],"author":[{"embeddable":true,"href":"https:\/\/enfoquenoticioso.com\/index.php?rest_route=\/wp\/v2\/users\/2"}],"replies":[{"embeddable":true,"href":"https:\/\/enfoquenoticioso.com\/index.php?rest_route=%2Fwp%2Fv2%2Fcomments&post=8012"}],"version-history":[{"count":0,"href":"https:\/\/enfoquenoticioso.com\/index.php?rest_route=\/wp\/v2\/posts\/8012\/revisions"}],"wp:featuredmedia":[{"embeddable":true,"href":"https:\/\/enfoquenoticioso.com\/index.php?rest_route=\/wp\/v2\/media\/8013"}],"wp:attachment":[{"href":"https:\/\/enfoquenoticioso.com\/index.php?rest_route=%2Fwp%2Fv2%2Fmedia&parent=8012"}],"wp:term":[{"taxonomy":"category","embeddable":true,"href":"https:\/\/enfoquenoticioso.com\/index.php?rest_route=%2Fwp%2Fv2%2Fcategories&post=8012"},{"taxonomy":"post_tag","embeddable":true,"href":"https:\/\/enfoquenoticioso.com\/index.php?rest_route=%2Fwp%2Fv2%2Ftags&post=8012"}],"curies":[{"name":"wp","href":"https:\/\/api.w.org\/{rel}","templated":true}]}}