{"id":8105,"date":"2024-06-26T21:04:47","date_gmt":"2024-06-26T21:04:47","guid":{"rendered":"https:\/\/enfoquenoticioso.com\/internacionales\/militares-irrumpen-en-sede-del-gobierno-en-bolivia\/"},"modified":"2024-06-26T21:04:47","modified_gmt":"2024-06-26T21:04:47","slug":"militares-irrumpen-en-sede-del-gobierno-en-bolivia","status":"publish","type":"post","link":"https:\/\/enfoquenoticioso.com\/?p=8105","title":{"rendered":"Militares irrumpen en sede del gobierno en Bolivia"},"content":{"rendered":"<div>\n<p>Un tanque ech\u00f3 abajo la puerta de la sede del Ejecutivo de Bolivia y militares ingresaron en la tarde de este mi\u00e9rcoles 26 de junio, luego que el comandante general del Ej\u00e9rcito boliviano, Juan Jos\u00e9 Zu\u00f1iga, advirtiera con tomar la sede del Gobierno y cambiar el gabinete, aunque se\u00f1al\u00f3 que sigue reconociendo \u00abpor ahora\u00bb al presidente Luis Arce como jefe del Ej\u00e9rcito. Arce hab\u00eda denunciado momentos antes \u00abmovimientos irregulares\u00bb de militares frente a la sede del Gobierno en La Paz. El exmandatario Evo Morales, rival pol\u00edtico de Arce, consider\u00f3 que se est\u00e1 gestando un \u00abgolpe de Estado\u00bb y convoc\u00f3 a una \u00abmovilizaci\u00f3n nacional para defender la democracia\u00bb<\/p>\n<p>El presidente de Bolivia, Luis Arce, denunci\u00f3 este mi\u00e9rcoles \u00abmovilizaciones irregulares de algunas unidades del Ej\u00e9rcito Boliviano\u00bb.<\/p>\n<p>En un escueto mensaje publicado en redes sociales, el mandatario a\u00f1adi\u00f3: \u00abLa democracia debe respetarse\u00bb.<\/p>\n<blockquote class=\"twitter-tweet\">\n<p dir=\"ltr\" lang=\"es\">Denunciamos movilizaciones irregulares de algunas unidades del Ej\u00e9rcito Boliviano. La democracia debe respetarse.<\/p>\n<p>\u2014 Luis Alberto Arce Catacora (Lucho Arce) (@LuchoXBolivia) <a href=\"https:\/\/twitter.com\/LuchoXBolivia\/status\/1806039196781666727?ref_src=twsrc%5Etfw\" target=\"_blank\" rel=\"noopener\">June 26, 2024<\/a><\/p>\n<\/blockquote>\n<div id=\"ez-toc-container\" class=\"ez-toc-v2_0_81 counter-hierarchy ez-toc-counter ez-toc-grey ez-toc-container-direction\">\n<div class=\"ez-toc-title-container\">\n<p class=\"ez-toc-title\" style=\"cursor:inherit\">Tabla de Contenido<\/p>\n<span class=\"ez-toc-title-toggle\"><a href=\"#\" class=\"ez-toc-pull-right ez-toc-btn ez-toc-btn-xs ez-toc-btn-default ez-toc-toggle\" aria-label=\"Alternar tabla de contenidos\"><span class=\"ez-toc-js-icon-con\"><span class=\"\"><span class=\"eztoc-hide\" style=\"display:none;\">Toggle<\/span><span class=\"ez-toc-icon-toggle-span\"><svg style=\"fill: #999;color:#999\" xmlns=\"http:\/\/www.w3.org\/2000\/svg\" class=\"list-377408\" width=\"20px\" height=\"20px\" viewBox=\"0 0 24 24\" fill=\"none\"><path d=\"M6 6H4v2h2V6zm14 0H8v2h12V6zM4 11h2v2H4v-2zm16 0H8v2h12v-2zM4 16h2v2H4v-2zm16 0H8v2h12v-2z\" fill=\"currentColor\"><\/path><\/svg><svg style=\"fill: #999;color:#999\" class=\"arrow-unsorted-368013\" xmlns=\"http:\/\/www.w3.org\/2000\/svg\" width=\"10px\" height=\"10px\" viewBox=\"0 0 24 24\" version=\"1.2\" baseProfile=\"tiny\"><path d=\"M18.2 9.3l-6.2-6.3-6.2 6.3c-.2.2-.3.4-.3.7s.1.5.3.7c.2.2.4.3.7.3h11c.3 0 .5-.1.7-.3.2-.2.3-.5.3-.7s-.1-.5-.3-.7zM5.8 14.7l6.2 6.3 6.2-6.3c.2-.2.3-.5.3-.7s-.1-.5-.3-.7c-.2-.2-.4-.3-.7-.3h-11c-.3 0-.5.1-.7.3-.2.2-.3.5-.3.7s.1.5.3.7z\"\/><\/svg><\/span><\/span><\/span><\/a><\/span><\/div>\n<nav><ul class='ez-toc-list ez-toc-list-level-1 ' ><li class='ez-toc-page-1 ez-toc-heading-level-2'><a class=\"ez-toc-link ez-toc-heading-1\" href=\"https:\/\/enfoquenoticioso.com\/?p=8105\/#El_presidente_Luis_Arce_llama_a_los_bolivianos_movilizarse_contra_%C2%ABgolpe_de_Estado%C2%BB_y_defender_la_democracia\" >El presidente Luis Arce llama a los bolivianos movilizarse contra \u00abgolpe de Estado\u00bb y defender la democracia<\/a><\/li><li class='ez-toc-page-1 ez-toc-heading-level-2'><a class=\"ez-toc-link ez-toc-heading-2\" href=\"https:\/\/enfoquenoticioso.com\/?p=8105\/#Gobierno_denuncia_un_%C2%ABgolpe_de_Estado%C2%BB_en_curso\" >Gobierno denuncia un \u00abgolpe de Estado\u00bb en curso<\/a><\/li><\/ul><\/nav><\/div>\n<h2><span class=\"ez-toc-section\" id=\"El_presidente_Luis_Arce_llama_a_los_bolivianos_movilizarse_contra_%C2%ABgolpe_de_Estado%C2%BB_y_defender_la_democracia\"><\/span>El presidente Luis Arce llama a los bolivianos movilizarse contra \u00abgolpe de Estado\u00bb y defender la democracia<span class=\"ez-toc-section-end\"><\/span><\/h2>\n<p>A trav\u00e9s de un comunicado desde la Casa Grande del Pueblo, en La Paz, el presidente boliviano, Luis Arce calific\u00f3 las actividades militares expl\u00edcitamente como un \u00abgolpe de Estado\u00bb, llamando a la ciudadan\u00eda a movilizarse \u00aben contra\u00bb de este \u00faltimo.<\/p>\n<p>\u00a0<\/p>\n<p>Son las primeras declaraciones del a\u00fan mandatario boliviano desde \u00e9l inici\u00f3 de las movilizaciones militares.<\/p>\n<h2><span class=\"ez-toc-section\" id=\"Gobierno_denuncia_un_%C2%ABgolpe_de_Estado%C2%BB_en_curso\"><\/span>Gobierno denuncia un \u00abgolpe de Estado\u00bb en curso<span class=\"ez-toc-section-end\"><\/span><\/h2>\n<p>Varios tanques y militares fuertemente armados tomaron el mi\u00e9rcoles la plaza frente a la sede del Ejecutivo boliviano, luego que el comandante general del Ej\u00e9rcito, Juan Jos\u00e9 Zu\u00f1iga, amenazara con tomar el edificio.<\/p>\n<p>El vicepresidente de Bolivia, David Choquehuanca, denunci\u00f3 que se desarrolla un \u00abgolpe de Estado\u00bb contra el Gobierno de Arce, luego que un tanque entrar\u00e1 a la fuerza a la sede del Ejecutivo en la ciudad de La Paz.<\/p>\n<p>\u00abDenunciamos a la comunidad internacional que en Bolivia hay un golpe de Estado contra nuestro Gobierno democr\u00e1ticamente elegido\u00bb, advirti\u00f3 Choquehuanca.<\/p>\n<p>El expresidente Evo Morales, que p\u00fablicamente se separ\u00f3 de Arce a pesar de que ambos pertenecen al mismo movimiento (MAS), anunci\u00f3 una movilizaci\u00f3n nacional de sus seguidores para apoyar la democracia.<\/p>\n<p>En otra interacci\u00f3n, Morales convoc\u00f3 a una \u00abmovilizaci\u00f3n nacional para defender la democracia frente al golpe de Estado que se gesta a la cabeza\u00bb del general Juan Jos\u00e9 Z\u00fa\u00f1iga, quien en la v\u00edspera fue relevado de su cargo como excomandante del Ej\u00e9rcito.<\/p>\n<p>\u00abDeclaramos paro general indefinido y bloqueo de caminos. No permitiremos que las Fuerzas Armadas violenten la democracia y amedrenten al pueblo\u00bb, manifest\u00f3 Morales.<\/p>\n<blockquote class=\"twitter-tweet\">\n<p dir=\"ltr\" lang=\"es\">Convocamos a una Movilizaci\u00f3n Nacional para defender la Democracia frente al golpe de Estado que se gesta a la cabeza del Gral. Zu\u00f1iga.<br \/>Declaramos paro general indefinido y bloqueo de caminos.<\/p>\n<p>No permitiremos que las Fuerzas Armadas violenten la democracia y amedrenten al\u2026<\/p>\n<p>\u2014 Evo Morales Ayma (@evoespueblo) <a href=\"https:\/\/twitter.com\/evoespueblo\/status\/1806044752329986506?ref_src=twsrc%5Etfw\" target=\"_blank\" rel=\"noopener\">June 26, 2024<\/a><\/p>\n<\/blockquote>\n<\/div>\n<p><script async src=\"\/\/platform.twitter.com\/widgets.js\" charset=\"utf-8\"><\/script><br \/>\n<br \/><a href=\"https:\/\/noticiasaldiayalahora.co\/internacionales\/militares-irrumpen-en-sede-del-gobierno-en-bolivia\/\" class=\" target=\" title=\"Militares irrumpen en sede del gobierno en Bolivia\" target=\"_blank\" rel=\"noopener\">Ver fuente<\/a><\/p>\n","protected":false},"excerpt":{"rendered":"<p>Un tanque ech\u00f3 abajo la puerta de la sede del Ejecutivo de Bolivia y militares ingresaron en la tarde de este mi\u00e9rcoles 26 de junio, luego que el comandante general del Ej\u00e9rcito boliviano, Juan Jos\u00e9 Zu\u00f1iga, advirtiera con tomar la sede del Gobierno y cambiar el gabinete, aunque se\u00f1al\u00f3 que sigue reconociendo \u00abpor ahora\u00bb al [&hellip;]<\/p>\n","protected":false},"author":2,"featured_media":8106,"comment_status":"open","ping_status":"closed","sticky":false,"template":"","format":"standard","meta":{"footnotes":""},"categories":[6],"tags":[],"class_list":["post-8105","post","type-post","status-publish","format-standard","has-post-thumbnail","hentry","category-internacionales"],"_links":{"self":[{"href":"https:\/\/enfoquenoticioso.com\/index.php?rest_route=\/wp\/v2\/posts\/8105","targetHints":{"allow":["GET"]}}],"collection":[{"href":"https:\/\/enfoquenoticioso.com\/index.php?rest_route=\/wp\/v2\/posts"}],"about":[{"href":"https:\/\/enfoquenoticioso.com\/index.php?rest_route=\/wp\/v2\/types\/post"}],"author":[{"embeddable":true,"href":"https:\/\/enfoquenoticioso.com\/index.php?rest_route=\/wp\/v2\/users\/2"}],"replies":[{"embeddable":true,"href":"https:\/\/enfoquenoticioso.com\/index.php?rest_route=%2Fwp%2Fv2%2Fcomments&post=8105"}],"version-history":[{"count":0,"href":"https:\/\/enfoquenoticioso.com\/index.php?rest_route=\/wp\/v2\/posts\/8105\/revisions"}],"wp:featuredmedia":[{"embeddable":true,"href":"https:\/\/enfoquenoticioso.com\/index.php?rest_route=\/wp\/v2\/media\/8106"}],"wp:attachment":[{"href":"https:\/\/enfoquenoticioso.com\/index.php?rest_route=%2Fwp%2Fv2%2Fmedia&parent=8105"}],"wp:term":[{"taxonomy":"category","embeddable":true,"href":"https:\/\/enfoquenoticioso.com\/index.php?rest_route=%2Fwp%2Fv2%2Fcategories&post=8105"},{"taxonomy":"post_tag","embeddable":true,"href":"https:\/\/enfoquenoticioso.com\/index.php?rest_route=%2Fwp%2Fv2%2Ftags&post=8105"}],"curies":[{"name":"wp","href":"https:\/\/api.w.org\/{rel}","templated":true}]}}