{"id":8129,"date":"2024-06-26T23:49:19","date_gmt":"2024-06-26T23:49:19","guid":{"rendered":"https:\/\/enfoquenoticioso.com\/internacionales\/detenido-el-general-juan-jose-zuniga-cabeza-del-intento-de-golpe-de-estado-en-bolivia\/"},"modified":"2024-06-26T23:49:19","modified_gmt":"2024-06-26T23:49:19","slug":"detenido-el-general-juan-jose-zuniga-cabeza-del-intento-de-golpe-de-estado-en-bolivia","status":"publish","type":"post","link":"https:\/\/enfoquenoticioso.com\/?p=8129","title":{"rendered":"Detenido el general Juan Jos\u00e9 Z\u00fa\u00f1iga, cabeza del intento de golpe de Estado en Bolivia"},"content":{"rendered":"<div id=\"post-531508\">\n<div class=\"entry-thumbnail\">\n<img width=\"719\" height=\"405\" src=\"https:\/\/i0.wp.com\/noticiasaldiayalahora.co\/wp-content\/uploads\/2024\/06\/Luis-Arce.webp?resize=719%2C405&amp;ssl=1\" class=\"attachment-content-single size-content-single wp-post-image\" alt=\"\" decoding=\"async\" fetchpriority=\"high\"\/><\/div>\n<p class=\"entry-meta\">\n<span class=\"entry-meta-author vcard author\">Por: <a class=\"fn\" href=\"https:\/\/noticiasaldiayalahora.co\/author\/noticias\/\" target=\"_blank\" rel=\"noopener\">AL D\u00eda y a la Hora | @Notidiahora<\/a><\/span><br \/>\n<span class=\"entry-meta-date updated\">26 junio, 2024<\/span>\n<\/p>\n<div class=\"entry-content clearfix\">\n<p>Juan Jos\u00e9 Z\u00fa\u00f1iga, quien encabez\u00f3 un intento de golpe de Estado en Bolivia en contra de la Administraci\u00f3n del presidente, Luis Arce, fue detenido la noche de este mi\u00e9rcoles.<\/p>\n<p>Su detenci\u00f3n ocurri\u00f3 luego de que se conociera que la Fiscal\u00eda General del Estado boliviana inici\u00f3 un proceso penal en su contra y el resto de militares que participaron en esta intentona golpista.<\/p>\n<blockquote class=\"twitter-tweet\">\n<p dir=\"ltr\" lang=\"es\"><a href=\"https:\/\/twitter.com\/hashtag\/RTPInforma?src=hash&amp;ref_src=twsrc%5Etfw\" target=\"_blank\" rel=\"noopener\">#RTPInforma<\/a><br \/>\ud83d\udea8\ud83d\udea8<a href=\"https:\/\/twitter.com\/hashtag\/%C3%9ALTIMO?src=hash&amp;ref_src=twsrc%5Etfw\" target=\"_blank\" rel=\"noopener\">#\u00daLTIMO<\/a>: Aprehenden al general <a href=\"https:\/\/twitter.com\/hashtag\/Z%C3%BA%C3%B1iga?src=hash&amp;ref_src=twsrc%5Etfw\" target=\"_blank\" rel=\"noopener\">#Z\u00fa\u00f1iga<\/a>, excomandante del <a href=\"https:\/\/twitter.com\/hashtag\/Ej%C3%A9rcito?src=hash&amp;ref_src=twsrc%5Etfw\" target=\"_blank\" rel=\"noopener\">#Ej\u00e9rcito<\/a>. <a href=\"https:\/\/t.co\/B0zPRjZXGw\">pic.twitter.com\/B0zPRjZXGw<\/a><\/p>\n<p>\u2014 RTP Bolivia (@rtp_bolivia) <a href=\"https:\/\/twitter.com\/rtp_bolivia\/status\/1806103582892077261?ref_src=twsrc%5Etfw\" target=\"_blank\" rel=\"noopener\">June 26, 2024<\/a><\/p>\n<\/blockquote>\n<div id=\"ez-toc-container\" class=\"ez-toc-v2_0_81 counter-hierarchy ez-toc-counter ez-toc-grey ez-toc-container-direction\">\n<div class=\"ez-toc-title-container\">\n<p class=\"ez-toc-title\" style=\"cursor:inherit\">Tabla de Contenido<\/p>\n<span class=\"ez-toc-title-toggle\"><a href=\"#\" class=\"ez-toc-pull-right ez-toc-btn ez-toc-btn-xs ez-toc-btn-default ez-toc-toggle\" aria-label=\"Alternar tabla de contenidos\"><span class=\"ez-toc-js-icon-con\"><span class=\"\"><span class=\"eztoc-hide\" style=\"display:none;\">Toggle<\/span><span class=\"ez-toc-icon-toggle-span\"><svg style=\"fill: #999;color:#999\" xmlns=\"http:\/\/www.w3.org\/2000\/svg\" class=\"list-377408\" width=\"20px\" height=\"20px\" viewBox=\"0 0 24 24\" fill=\"none\"><path d=\"M6 6H4v2h2V6zm14 0H8v2h12V6zM4 11h2v2H4v-2zm16 0H8v2h12v-2zM4 16h2v2H4v-2zm16 0H8v2h12v-2z\" fill=\"currentColor\"><\/path><\/svg><svg style=\"fill: #999;color:#999\" class=\"arrow-unsorted-368013\" xmlns=\"http:\/\/www.w3.org\/2000\/svg\" width=\"10px\" height=\"10px\" viewBox=\"0 0 24 24\" version=\"1.2\" baseProfile=\"tiny\"><path d=\"M18.2 9.3l-6.2-6.3-6.2 6.3c-.2.2-.3.4-.3.7s.1.5.3.7c.2.2.4.3.7.3h11c.3 0 .5-.1.7-.3.2-.2.3-.5.3-.7s-.1-.5-.3-.7zM5.8 14.7l6.2 6.3 6.2-6.3c.2-.2.3-.5.3-.7s-.1-.5-.3-.7c-.2-.2-.4-.3-.7-.3h-11c-.3 0-.5.1-.7.3-.2.2-.3.5-.3.7s.1.5.3.7z\"\/><\/svg><\/span><\/span><\/span><\/a><\/span><\/div>\n<nav><ul class='ez-toc-list ez-toc-list-level-1 ' ><li class='ez-toc-page-1 ez-toc-heading-level-2'><a class=\"ez-toc-link ez-toc-heading-1\" href=\"https:\/\/enfoquenoticioso.com\/?p=8129\/#Presidente_de_Bolivia_Arce_cambia_la_cupula_militar_en_medio_de_denuncias_de_una_intentona_golpista\" >Presidente de Bolivia\u00a0 Arce cambia la c\u00fapula militar en medio de denuncias de una intentona golpista<\/a><\/li><\/ul><\/nav><\/div>\n<h2><span class=\"ez-toc-section\" id=\"Presidente_de_Bolivia_Arce_cambia_la_cupula_militar_en_medio_de_denuncias_de_una_intentona_golpista\"><\/span>Presidente de Bolivia\u00a0 Arce cambia la c\u00fapula militar en medio de denuncias de una intentona golpista<span class=\"ez-toc-section-end\"><\/span><\/h2>\n<p><a href=\"https:\/\/i0.wp.com\/noticiasaldiayalahora.co\/wp-content\/uploads\/2024\/06\/Militares-intentota-golpista-Bolivia.jpg?ssl=1\" target=\"_blank\" rel=\"noopener\"><img loading=\"lazy\" decoding=\"async\" class=\"alignnone size-large wp-image-531511\" src=\"https:\/\/i0.wp.com\/noticiasaldiayalahora.co\/wp-content\/uploads\/2024\/06\/Militares-intentota-golpista-Bolivia.jpg?resize=1024%2C577&amp;ssl=1\" alt=\"\" width=\"1024\" height=\"577\" srcset=\"https:\/\/i0.wp.com\/noticiasaldiayalahora.co\/wp-content\/uploads\/2024\/06\/Militares-intentota-golpista-Bolivia.jpg?resize=1024%2C577&amp;ssl=1 1024w, https:\/\/i0.wp.com\/noticiasaldiayalahora.co\/wp-content\/uploads\/2024\/06\/Militares-intentota-golpista-Bolivia.jpg?resize=300%2C169&amp;ssl=1 300w, https:\/\/i0.wp.com\/noticiasaldiayalahora.co\/wp-content\/uploads\/2024\/06\/Militares-intentota-golpista-Bolivia.jpg?resize=768%2C433&amp;ssl=1 768w, https:\/\/i0.wp.com\/noticiasaldiayalahora.co\/wp-content\/uploads\/2024\/06\/Militares-intentota-golpista-Bolivia.jpg?resize=777%2C437&amp;ssl=1 777w, https:\/\/i0.wp.com\/noticiasaldiayalahora.co\/wp-content\/uploads\/2024\/06\/Militares-intentota-golpista-Bolivia.jpg?resize=180%2C101&amp;ssl=1 180w, https:\/\/i0.wp.com\/noticiasaldiayalahora.co\/wp-content\/uploads\/2024\/06\/Militares-intentota-golpista-Bolivia.jpg?resize=260%2C146&amp;ssl=1 260w, https:\/\/i0.wp.com\/noticiasaldiayalahora.co\/wp-content\/uploads\/2024\/06\/Militares-intentota-golpista-Bolivia.jpg?resize=373%2C210&amp;ssl=1 373w, https:\/\/i0.wp.com\/noticiasaldiayalahora.co\/wp-content\/uploads\/2024\/06\/Militares-intentota-golpista-Bolivia.jpg?resize=120%2C67&amp;ssl=1 120w, https:\/\/i0.wp.com\/noticiasaldiayalahora.co\/wp-content\/uploads\/2024\/06\/Militares-intentota-golpista-Bolivia.jpg?w=1104&amp;ssl=1 1104w\" sizes=\"auto, (max-width: 1000px) 100vw, 1000px\" data-recalc-dims=\"1\"\/><\/a><\/p>\n<p>El presidente de Bolivia, Luis Arce, nombr\u00f3 este mi\u00e9rcoles 26 de junio en la sede del Ejecutivo a la nueva c\u00fapula militar del pa\u00eds, tras una movilizaci\u00f3n de unidades del Ej\u00e9rcito que calific\u00f3 de un intento de \u00abgolpe de Estado\u00bb por parte de Juan Jos\u00e9 Z\u00fa\u00f1iga, quien hasta ahora era su comandante general. Previamente, un tanque ech\u00f3 abajo la puerta de la sede del Ejecutivo, en La Paz, y militares ingresaron al lugar. Arce hab\u00eda denunciado momentos antes \u00abmovimientos irregulares\u00bb y el exmandatario Evo Morales consider\u00f3 que se estaba gestando un \u00abgolpe de Estado\u00bb y convoc\u00f3 a una \u00abmovilizaci\u00f3n nacional para defender la democracia\u00bb<\/p>\n<p>\u00a0<\/p>\n<\/div>\n<\/div>\n<p><script async src=\"\/\/platform.twitter.com\/widgets.js\" charset=\"utf-8\"><\/script><br \/>\n<br \/><a href=\"https:\/\/noticiasaldiayalahora.co\/internacionales\/detenido-el-general-juan-jose-zuniga-cabeza-del-intento-de-golpe-de-estado-en-bolivia\/\" class=\" target=\" title=\"Detenido el general Juan Jos\u00e9 Z\u00fa\u00f1iga, cabeza del intento de golpe de Estado en Bolivia\" target=\"_blank\" rel=\"noopener\">Ver fuente<\/a><\/p>\n","protected":false},"excerpt":{"rendered":"<p>Por: AL D\u00eda y a la Hora | @Notidiahora 26 junio, 2024 Juan Jos\u00e9 Z\u00fa\u00f1iga, quien encabez\u00f3 un intento de golpe de Estado en Bolivia en contra de la Administraci\u00f3n del presidente, Luis Arce, fue detenido la noche de este mi\u00e9rcoles. Su detenci\u00f3n ocurri\u00f3 luego de que se conociera que la Fiscal\u00eda General del Estado [&hellip;]<\/p>\n","protected":false},"author":2,"featured_media":8130,"comment_status":"open","ping_status":"closed","sticky":false,"template":"","format":"standard","meta":{"footnotes":""},"categories":[6],"tags":[],"class_list":["post-8129","post","type-post","status-publish","format-standard","has-post-thumbnail","hentry","category-internacionales"],"_links":{"self":[{"href":"https:\/\/enfoquenoticioso.com\/index.php?rest_route=\/wp\/v2\/posts\/8129","targetHints":{"allow":["GET"]}}],"collection":[{"href":"https:\/\/enfoquenoticioso.com\/index.php?rest_route=\/wp\/v2\/posts"}],"about":[{"href":"https:\/\/enfoquenoticioso.com\/index.php?rest_route=\/wp\/v2\/types\/post"}],"author":[{"embeddable":true,"href":"https:\/\/enfoquenoticioso.com\/index.php?rest_route=\/wp\/v2\/users\/2"}],"replies":[{"embeddable":true,"href":"https:\/\/enfoquenoticioso.com\/index.php?rest_route=%2Fwp%2Fv2%2Fcomments&post=8129"}],"version-history":[{"count":0,"href":"https:\/\/enfoquenoticioso.com\/index.php?rest_route=\/wp\/v2\/posts\/8129\/revisions"}],"wp:featuredmedia":[{"embeddable":true,"href":"https:\/\/enfoquenoticioso.com\/index.php?rest_route=\/wp\/v2\/media\/8130"}],"wp:attachment":[{"href":"https:\/\/enfoquenoticioso.com\/index.php?rest_route=%2Fwp%2Fv2%2Fmedia&parent=8129"}],"wp:term":[{"taxonomy":"category","embeddable":true,"href":"https:\/\/enfoquenoticioso.com\/index.php?rest_route=%2Fwp%2Fv2%2Fcategories&post=8129"},{"taxonomy":"post_tag","embeddable":true,"href":"https:\/\/enfoquenoticioso.com\/index.php?rest_route=%2Fwp%2Fv2%2Ftags&post=8129"}],"curies":[{"name":"wp","href":"https:\/\/api.w.org\/{rel}","templated":true}]}}