{"id":8258,"date":"2024-06-27T12:34:38","date_gmt":"2024-06-27T12:34:38","guid":{"rendered":"https:\/\/enfoquenoticioso.com\/internacionales\/el-presidente-me-dijo-saca-los-blindados-es-necesario-levantar-mi-popularidad\/"},"modified":"2024-06-27T12:34:38","modified_gmt":"2024-06-27T12:34:38","slug":"el-presidente-me-dijo-saca-los-blindados-es-necesario-levantar-mi-popularidad","status":"publish","type":"post","link":"https:\/\/enfoquenoticioso.com\/?p=8258","title":{"rendered":"El presidente me dijo &#8216;saca los blindados, es necesario levantar mi popularidad&#8217;"},"content":{"rendered":"<div id=\"post-531547\">\n<div class=\"entry-thumbnail\">\n<img width=\"696\" height=\"391\" src=\"https:\/\/i0.wp.com\/noticiasaldiayalahora.co\/wp-content\/uploads\/2024\/06\/Bolivia-golpe-de-estado.jpg?resize=696%2C391&amp;ssl=1\" class=\"attachment-content-single size-content-single wp-post-image\" alt=\"\" decoding=\"async\" fetchpriority=\"high\" srcset=\"https:\/\/i0.wp.com\/noticiasaldiayalahora.co\/wp-content\/uploads\/2024\/06\/Bolivia-golpe-de-estado.jpg?w=696&amp;ssl=1 696w, https:\/\/i0.wp.com\/noticiasaldiayalahora.co\/wp-content\/uploads\/2024\/06\/Bolivia-golpe-de-estado.jpg?resize=300%2C169&amp;ssl=1 300w, https:\/\/i0.wp.com\/noticiasaldiayalahora.co\/wp-content\/uploads\/2024\/06\/Bolivia-golpe-de-estado.jpg?resize=180%2C101&amp;ssl=1 180w, https:\/\/i0.wp.com\/noticiasaldiayalahora.co\/wp-content\/uploads\/2024\/06\/Bolivia-golpe-de-estado.jpg?resize=260%2C146&amp;ssl=1 260w, https:\/\/i0.wp.com\/noticiasaldiayalahora.co\/wp-content\/uploads\/2024\/06\/Bolivia-golpe-de-estado.jpg?resize=373%2C210&amp;ssl=1 373w, https:\/\/i0.wp.com\/noticiasaldiayalahora.co\/wp-content\/uploads\/2024\/06\/Bolivia-golpe-de-estado.jpg?resize=120%2C67&amp;ssl=1 120w\" sizes=\"(max-width: 696px) 100vw, 696px\"\/><\/div>\n<p class=\"entry-meta\">\n<span class=\"entry-meta-author vcard author\">Por: <a class=\"fn\" href=\"https:\/\/noticiasaldiayalahora.co\/author\/redaccion\/\" target=\"_blank\" rel=\"noopener\">Redacci\u00f3n Noticias al Dia y a la Hora<\/a><\/span><br \/>\n<span class=\"entry-meta-date updated\">27 junio, 2024<\/span>\n<\/p>\n<div class=\"entry-content clearfix\">\n<p>El General Juan Jos\u00e9 Z\u00fa\u00f1iga, destituido como comandante en Jefe del Ej\u00e9rcito de Bolivia y detenido luego de movilizar militares hasta el palacio de Gobierno, asegura que lo ocurrido este mi\u00e9rcoles fue un autogolpe, ya que el presidente Luis Arce le pidi\u00f3 \u201cpreparar algo\u201d para subir su popularidad.<span id=\"more-531547\"\/><\/p>\n<p>En el momento que fue detenido, frente a c\u00e1maras y micr\u00f3fonos de medios de comunicaci\u00f3n, Zu\u00f1iga dijo que el domingo el presidente Luis Arce le indic\u00f3 sacar los blindados y otros equipos militares que detall\u00f3.<\/p>\n<p>\u201cEl domingo en el colegio La Salle me reun\u00ed con el presidente y dijo que la situaci\u00f3n est\u00e1 jodida esta semana va a ser cr\u00edtica, entonces es necesario preparar algo para levantar mi popularidad. De pronto sac\u00e1 los blindados, el lunes, el domingo los blindados comienzan a bajar\u2026.<\/p>\n<blockquote class=\"twitter-tweet\" data-media-max-width=\"560\">\n<p dir=\"ltr\" lang=\"es\">\ud83d\udd35 <a href=\"https:\/\/twitter.com\/hashtag\/ANF?src=hash&amp;ref_src=twsrc%5Etfw\" target=\"_blank\" rel=\"noopener\">#ANF<\/a> | <a href=\"https:\/\/twitter.com\/hashtag\/Urgente?src=hash&amp;ref_src=twsrc%5Etfw\" target=\"_blank\" rel=\"noopener\">#Urgente<\/a> Aprehenden al general Juan Jos\u00e9 Z\u00fa\u00f1iga y este denuncia que el presidente Luis Arce le pidi\u00f3 \u00abpreparar algo\u00bb para levantar su \u00abpopularidad\u00bb. <a href=\"https:\/\/t.co\/ls7Wd5E1tF\">pic.twitter.com\/ls7Wd5E1tF<\/a><\/p>\n<p>\u2014 Agencia de Noticias Fides (@noticiasfides) <a href=\"https:\/\/twitter.com\/noticiasfides\/status\/1806102937011122439?ref_src=twsrc%5Etfw\" target=\"_blank\" rel=\"noopener\">June 26, 2024<\/a><\/p>\n<\/blockquote>\n<p>\u00a0<\/p>\n<\/div>\n<\/div>\n<p><script async src=\"\/\/platform.twitter.com\/widgets.js\" charset=\"utf-8\"><\/script><br \/>\n<br \/><a href=\"https:\/\/noticiasaldiayalahora.co\/internacionales\/general-juan-jose-zuniga-el-presidente-me-dijo-saca-los-blindados-es-necesario-levantar-mi-popularidad\/\" class=\" target=\" title=\"El presidente me dijo &#039;saca los blindados, es necesario levantar mi popularidad&#039;\" target=\"_blank\" rel=\"noopener\">Ver fuente<\/a><\/p>\n","protected":false},"excerpt":{"rendered":"<p>Por: Redacci\u00f3n Noticias al Dia y a la Hora 27 junio, 2024 El General Juan Jos\u00e9 Z\u00fa\u00f1iga, destituido como comandante en Jefe del Ej\u00e9rcito de Bolivia y detenido luego de movilizar militares hasta el palacio de Gobierno, asegura que lo ocurrido este mi\u00e9rcoles fue un autogolpe, ya que el presidente Luis Arce le pidi\u00f3 \u201cpreparar [&hellip;]<\/p>\n","protected":false},"author":2,"featured_media":8259,"comment_status":"open","ping_status":"closed","sticky":false,"template":"","format":"standard","meta":{"footnotes":""},"categories":[6],"tags":[],"class_list":["post-8258","post","type-post","status-publish","format-standard","has-post-thumbnail","hentry","category-internacionales"],"_links":{"self":[{"href":"https:\/\/enfoquenoticioso.com\/index.php?rest_route=\/wp\/v2\/posts\/8258","targetHints":{"allow":["GET"]}}],"collection":[{"href":"https:\/\/enfoquenoticioso.com\/index.php?rest_route=\/wp\/v2\/posts"}],"about":[{"href":"https:\/\/enfoquenoticioso.com\/index.php?rest_route=\/wp\/v2\/types\/post"}],"author":[{"embeddable":true,"href":"https:\/\/enfoquenoticioso.com\/index.php?rest_route=\/wp\/v2\/users\/2"}],"replies":[{"embeddable":true,"href":"https:\/\/enfoquenoticioso.com\/index.php?rest_route=%2Fwp%2Fv2%2Fcomments&post=8258"}],"version-history":[{"count":0,"href":"https:\/\/enfoquenoticioso.com\/index.php?rest_route=\/wp\/v2\/posts\/8258\/revisions"}],"wp:featuredmedia":[{"embeddable":true,"href":"https:\/\/enfoquenoticioso.com\/index.php?rest_route=\/wp\/v2\/media\/8259"}],"wp:attachment":[{"href":"https:\/\/enfoquenoticioso.com\/index.php?rest_route=%2Fwp%2Fv2%2Fmedia&parent=8258"}],"wp:term":[{"taxonomy":"category","embeddable":true,"href":"https:\/\/enfoquenoticioso.com\/index.php?rest_route=%2Fwp%2Fv2%2Fcategories&post=8258"},{"taxonomy":"post_tag","embeddable":true,"href":"https:\/\/enfoquenoticioso.com\/index.php?rest_route=%2Fwp%2Fv2%2Ftags&post=8258"}],"curies":[{"name":"wp","href":"https:\/\/api.w.org\/{rel}","templated":true}]}}