{"id":8319,"date":"2024-06-27T18:26:41","date_gmt":"2024-06-27T18:26:41","guid":{"rendered":"https:\/\/enfoquenoticioso.com\/internacionales\/peru-exigira-visado-a-los-venezolanos-a-partir-de-julio\/"},"modified":"2024-06-27T18:26:41","modified_gmt":"2024-06-27T18:26:41","slug":"peru-exigira-visado-a-los-venezolanos-a-partir-de-julio","status":"publish","type":"post","link":"https:\/\/enfoquenoticioso.com\/?p=8319","title":{"rendered":"Per\u00fa exigir\u00e1 visado a los venezolanos a partir de julio"},"content":{"rendered":"<div id=\"post-531575\">\n<div class=\"entry-thumbnail\">\n<img width=\"696\" height=\"392\" src=\"https:\/\/i0.wp.com\/noticiasaldiayalahora.co\/wp-content\/uploads\/2023\/05\/Migrantes-Peru.jpg?resize=696%2C392&amp;ssl=1\" class=\"attachment-content-single size-content-single wp-post-image\" alt=\"Per\u00fa permisos migrantes\" decoding=\"async\" fetchpriority=\"high\" srcset=\"https:\/\/i0.wp.com\/noticiasaldiayalahora.co\/wp-content\/uploads\/2023\/05\/Migrantes-Peru.jpg?w=696&amp;ssl=1 696w, https:\/\/i0.wp.com\/noticiasaldiayalahora.co\/wp-content\/uploads\/2023\/05\/Migrantes-Peru.jpg?resize=300%2C169&amp;ssl=1 300w, https:\/\/i0.wp.com\/noticiasaldiayalahora.co\/wp-content\/uploads\/2023\/05\/Migrantes-Peru.jpg?resize=180%2C101&amp;ssl=1 180w, https:\/\/i0.wp.com\/noticiasaldiayalahora.co\/wp-content\/uploads\/2023\/05\/Migrantes-Peru.jpg?resize=260%2C146&amp;ssl=1 260w, https:\/\/i0.wp.com\/noticiasaldiayalahora.co\/wp-content\/uploads\/2023\/05\/Migrantes-Peru.jpg?resize=373%2C210&amp;ssl=1 373w, https:\/\/i0.wp.com\/noticiasaldiayalahora.co\/wp-content\/uploads\/2023\/05\/Migrantes-Peru.jpg?resize=120%2C67&amp;ssl=1 120w\" sizes=\"(max-width: 696px) 100vw, 696px\"\/><\/div>\n<p class=\"entry-meta\">\n<span class=\"entry-meta-author vcard author\">Por: <a class=\"fn\" href=\"https:\/\/noticiasaldiayalahora.co\/author\/noticias\/\" target=\"_blank\" rel=\"noopener\">AL D\u00eda y a la Hora | @Notidiahora<\/a><\/span><br \/>\n<span class=\"entry-meta-date updated\">27 junio, 2024<\/span>\n<\/p>\n<div class=\"entry-content clearfix\">\n<p>A partir del martes 2 de julio, los ciudadanos venezolanos tendr\u00e1n que presentar una visa y pasaporte para ingresar a Per\u00fa. Este cambio fue anunciado por Migraciones de ese pa\u00eds a trav\u00e9s de una resoluci\u00f3n que fue publicada en el Diario Oficial El Peruano.<\/p>\n<p>Esta medida, que deja sin efecto la Resoluci\u00f3n N\u00ba 000177-2019-Migraciones del 12 de junio de 2019, tiene como objetivo reforzar el control migratorio, as\u00ed como regular el ingreso al territorio nacional.<\/p>\n<p>De acuerdo con Migraciones Per\u00fa, estos nuevos requisitos aplicar\u00e1n tanto para la calidad migratoria temporal como para la calidad migratoria residente de los ciudadanos venezolanos.<\/p>\n<p>En ambos casos se deber\u00e1 presentar un pasaporte ordinario venezolano vigente y una visa otorgada por una oficina consular peruana.<\/p>\n<p>\u201cAdmitir por \u00fanica vez la presentaci\u00f3n de las solicitudes de cambio de calidad migratoria a los extranjeros venezolanos que cuenten con pasaportes vencidos, siempre que su \u00faltimo ingreso al pa\u00eds se hubiese efectuado antes de la vigencia de la presente resoluci\u00f3n y permanezcan en territorio nacional, debiendo cumplir con los dem\u00e1s requisitos y condiciones inherentes a cada procedimiento\u201d, precisa la resoluci\u00f3n.<\/p>\n<div id=\"ez-toc-container\" class=\"ez-toc-v2_0_81 counter-hierarchy ez-toc-counter ez-toc-grey ez-toc-container-direction\">\n<div class=\"ez-toc-title-container\">\n<p class=\"ez-toc-title\" style=\"cursor:inherit\">Tabla de Contenido<\/p>\n<span class=\"ez-toc-title-toggle\"><a href=\"#\" class=\"ez-toc-pull-right ez-toc-btn ez-toc-btn-xs ez-toc-btn-default ez-toc-toggle\" aria-label=\"Alternar tabla de contenidos\"><span class=\"ez-toc-js-icon-con\"><span class=\"\"><span class=\"eztoc-hide\" style=\"display:none;\">Toggle<\/span><span class=\"ez-toc-icon-toggle-span\"><svg style=\"fill: #999;color:#999\" xmlns=\"http:\/\/www.w3.org\/2000\/svg\" class=\"list-377408\" width=\"20px\" height=\"20px\" viewBox=\"0 0 24 24\" fill=\"none\"><path d=\"M6 6H4v2h2V6zm14 0H8v2h12V6zM4 11h2v2H4v-2zm16 0H8v2h12v-2zM4 16h2v2H4v-2zm16 0H8v2h12v-2z\" fill=\"currentColor\"><\/path><\/svg><svg style=\"fill: #999;color:#999\" class=\"arrow-unsorted-368013\" xmlns=\"http:\/\/www.w3.org\/2000\/svg\" width=\"10px\" height=\"10px\" viewBox=\"0 0 24 24\" version=\"1.2\" baseProfile=\"tiny\"><path d=\"M18.2 9.3l-6.2-6.3-6.2 6.3c-.2.2-.3.4-.3.7s.1.5.3.7c.2.2.4.3.7.3h11c.3 0 .5-.1.7-.3.2-.2.3-.5.3-.7s-.1-.5-.3-.7zM5.8 14.7l6.2 6.3 6.2-6.3c.2-.2.3-.5.3-.7s-.1-.5-.3-.7c-.2-.2-.4-.3-.7-.3h-11c-.3 0-.5.1-.7.3-.2.2-.3.5-.3.7s.1.5.3.7z\"\/><\/svg><\/span><\/span><\/span><\/a><\/span><\/div>\n<nav><ul class='ez-toc-list ez-toc-list-level-1 ' ><li class='ez-toc-page-1 ez-toc-heading-level-2'><a class=\"ez-toc-link ez-toc-heading-1\" href=\"https:\/\/enfoquenoticioso.com\/?p=8319\/#%C2%BFQue_documentos_deberan_presentar_los_ciudadanos_venezolanos\" >\u00bfQu\u00e9 documentos deber\u00e1n presentar los ciudadanos venezolanos?<\/a><\/li><\/ul><\/nav><\/div>\n<h2><span class=\"ez-toc-section\" id=\"%C2%BFQue_documentos_deberan_presentar_los_ciudadanos_venezolanos\"><\/span>\u00bfQu\u00e9 documentos deber\u00e1n presentar los ciudadanos venezolanos?<span class=\"ez-toc-section-end\"><\/span><\/h2>\n<p><strong>Calidad Migratoria Temporal requiere:<\/strong><\/p>\n<ul>\n<li>Pasaporte ordinario venezolano vigente<\/li>\n<li>Visa correspondiente, otorgada por una Oficina Consular Peruana<\/li>\n<\/ul>\n<p><strong>Calidad Migratoria Residente requiere:<\/strong><\/p>\n<ul>\n<li>Pasaporte ordinario venezolano vigente<\/li>\n<li>Visa correspondiente, otorgada por una Oficina Consular Peruana<\/li>\n<\/ul>\n<p><strong>Calidad Migratoria Residente, en su versi\u00f3n Humanitaria, requiere:<\/strong><\/p>\n<ul>\n<li>Pasaporte ordinario venezolano vigente<\/li>\n<li>Visa humanitaria vigente, otorgada por una Oficina Consular Peruana.<\/li>\n<\/ul>\n<\/div>\n<\/div>\n<p><a href=\"https:\/\/noticiasaldiayalahora.co\/internacionales\/peru-exigira-visado-a-los-venezolanos-a-partir-de-julio\/\" class=\" target=\" title=\"Per\u00fa exigir\u00e1 visado a los venezolanos a partir de julio\" target=\"_blank\" rel=\"noopener\">Ver fuente<\/a><\/p>\n","protected":false},"excerpt":{"rendered":"<p>Por: AL D\u00eda y a la Hora | @Notidiahora 27 junio, 2024 A partir del martes 2 de julio, los ciudadanos venezolanos tendr\u00e1n que presentar una visa y pasaporte para ingresar a Per\u00fa. Este cambio fue anunciado por Migraciones de ese pa\u00eds a trav\u00e9s de una resoluci\u00f3n que fue publicada en el Diario Oficial El [&hellip;]<\/p>\n","protected":false},"author":2,"featured_media":8320,"comment_status":"open","ping_status":"closed","sticky":false,"template":"","format":"standard","meta":{"footnotes":""},"categories":[6],"tags":[],"class_list":["post-8319","post","type-post","status-publish","format-standard","has-post-thumbnail","hentry","category-internacionales"],"_links":{"self":[{"href":"https:\/\/enfoquenoticioso.com\/index.php?rest_route=\/wp\/v2\/posts\/8319","targetHints":{"allow":["GET"]}}],"collection":[{"href":"https:\/\/enfoquenoticioso.com\/index.php?rest_route=\/wp\/v2\/posts"}],"about":[{"href":"https:\/\/enfoquenoticioso.com\/index.php?rest_route=\/wp\/v2\/types\/post"}],"author":[{"embeddable":true,"href":"https:\/\/enfoquenoticioso.com\/index.php?rest_route=\/wp\/v2\/users\/2"}],"replies":[{"embeddable":true,"href":"https:\/\/enfoquenoticioso.com\/index.php?rest_route=%2Fwp%2Fv2%2Fcomments&post=8319"}],"version-history":[{"count":0,"href":"https:\/\/enfoquenoticioso.com\/index.php?rest_route=\/wp\/v2\/posts\/8319\/revisions"}],"wp:featuredmedia":[{"embeddable":true,"href":"https:\/\/enfoquenoticioso.com\/index.php?rest_route=\/wp\/v2\/media\/8320"}],"wp:attachment":[{"href":"https:\/\/enfoquenoticioso.com\/index.php?rest_route=%2Fwp%2Fv2%2Fmedia&parent=8319"}],"wp:term":[{"taxonomy":"category","embeddable":true,"href":"https:\/\/enfoquenoticioso.com\/index.php?rest_route=%2Fwp%2Fv2%2Fcategories&post=8319"},{"taxonomy":"post_tag","embeddable":true,"href":"https:\/\/enfoquenoticioso.com\/index.php?rest_route=%2Fwp%2Fv2%2Ftags&post=8319"}],"curies":[{"name":"wp","href":"https:\/\/api.w.org\/{rel}","templated":true}]}}