{"id":8507,"date":"2024-06-28T13:40:15","date_gmt":"2024-06-28T13:40:15","guid":{"rendered":"https:\/\/enfoquenoticioso.com\/sucesos\/pareja-y-sus-tres-hijitos-murieron-tras-caer-por-un-precipicio\/"},"modified":"2024-06-28T13:40:15","modified_gmt":"2024-06-28T13:40:15","slug":"pareja-y-sus-tres-hijitos-murieron-tras-caer-por-un-precipicio","status":"publish","type":"post","link":"https:\/\/enfoquenoticioso.com\/?p=8507","title":{"rendered":"Pareja y sus tres hijitos murieron tras caer por un precipicio"},"content":{"rendered":"<div>\n<p>Una pareja y sus tres hijos murieron en un fuerte accidente de tr\u00e1nsito el lunes, 24 de junio, cuando el veh\u00edculo en el que\u00a0se desplazaban cay\u00f3 por un precipicio\u00a0en una carretera del estado T\u00e1chira.<span id=\"more-531618\"\/><\/p>\n<p>Medios regionales indicaron que la tragedia ocurri\u00f3 en la tarde en el sector La Roca, en la carretera entre Pregonero y La Grita. Se trataba de\u00a0una familia de agricultores que viv\u00edan en una hacienda\u00a0de la parroquia Juan Pe\u00f1aloza.<\/p>\n<p>Los organismos de emergencias fueron informados sobre el accidente y se dirigieron hasta el lugar del siniestro. Intentaron llegar hasta el veh\u00edculo usando cuerdas, pero no lo lograron y\u00a0tuvieron que usar un drone para verificar lo ocurrido.<\/p>\n<p>Finalmente, vieron los cuerpos de los tres ni\u00f1os,\u00a0Javier (6 a\u00f1os), Antoni (5) y Dincen (1), y el de su madre, Mar\u00eda Colmenares (25), en el interior del veh\u00edculo. El cad\u00e1ver del padre, Dincen Ram\u00edrez (31), estaba a unos pocos metros del carro.<\/p>\n<div id=\"ez-toc-container\" class=\"ez-toc-v2_0_81 counter-hierarchy ez-toc-counter ez-toc-grey ez-toc-container-direction\">\n<div class=\"ez-toc-title-container\">\n<p class=\"ez-toc-title\" style=\"cursor:inherit\">Tabla de Contenido<\/p>\n<span class=\"ez-toc-title-toggle\"><a href=\"#\" class=\"ez-toc-pull-right ez-toc-btn ez-toc-btn-xs ez-toc-btn-default ez-toc-toggle\" aria-label=\"Alternar tabla de contenidos\"><span class=\"ez-toc-js-icon-con\"><span class=\"\"><span class=\"eztoc-hide\" style=\"display:none;\">Toggle<\/span><span class=\"ez-toc-icon-toggle-span\"><svg style=\"fill: #999;color:#999\" xmlns=\"http:\/\/www.w3.org\/2000\/svg\" class=\"list-377408\" width=\"20px\" height=\"20px\" viewBox=\"0 0 24 24\" fill=\"none\"><path d=\"M6 6H4v2h2V6zm14 0H8v2h12V6zM4 11h2v2H4v-2zm16 0H8v2h12v-2zM4 16h2v2H4v-2zm16 0H8v2h12v-2z\" fill=\"currentColor\"><\/path><\/svg><svg style=\"fill: #999;color:#999\" class=\"arrow-unsorted-368013\" xmlns=\"http:\/\/www.w3.org\/2000\/svg\" width=\"10px\" height=\"10px\" viewBox=\"0 0 24 24\" version=\"1.2\" baseProfile=\"tiny\"><path d=\"M18.2 9.3l-6.2-6.3-6.2 6.3c-.2.2-.3.4-.3.7s.1.5.3.7c.2.2.4.3.7.3h11c.3 0 .5-.1.7-.3.2-.2.3-.5.3-.7s-.1-.5-.3-.7zM5.8 14.7l6.2 6.3 6.2-6.3c.2-.2.3-.5.3-.7s-.1-.5-.3-.7c-.2-.2-.4-.3-.7-.3h-11c-.3 0-.5.1-.7.3-.2.2-.3.5-.3.7s.1.5.3.7z\"\/><\/svg><\/span><\/span><\/span><\/a><\/span><\/div>\n<nav><ul class='ez-toc-list ez-toc-list-level-1 ' ><li class='ez-toc-page-1 ez-toc-heading-level-3'><a class=\"ez-toc-link ez-toc-heading-1\" href=\"https:\/\/enfoquenoticioso.com\/?p=8507\/#%C2%BFQUE_CAUSO_EL_ACCIDENTE\" >\u00bfQU\u00c9 CAUS\u00d3 EL ACCIDENTE?<\/a><ul class='ez-toc-list-level-4' ><li class='ez-toc-heading-level-4'><a class=\"ez-toc-link ez-toc-heading-2\" href=\"https:\/\/enfoquenoticioso.com\/?p=8507\/#Sigue_al_canal_de_noticias_en_Whatsaap\" >Sigue al canal de noticias en Whatsaap\u00a0<\/a><\/li><\/ul><\/li><\/ul><\/nav><\/div>\n<h3 id=\"que-causo-el-accidente\" class=\"rb-heading-index-0\"><span class=\"ez-toc-section\" id=\"%C2%BFQUE_CAUSO_EL_ACCIDENTE\"><\/span>\u00bfQU\u00c9 CAUS\u00d3 EL ACCIDENTE?<span class=\"ez-toc-section-end\"><\/span><\/h3>\n<p>Las autoridades consiguieron retirar los cuerpos e hicieron las pesquisas preliminares del accidente. Reportes indican que\u00a0el conductor del veh\u00edculo perdi\u00f3 el control, sali\u00f3 de la v\u00eda y termin\u00f3 cayendo por un precipicio.<\/p>\n<p>El alcalde del municipio Uribante, Olinto Contreras, lament\u00f3 el accidente y envi\u00f3 sus condolencias a los seres queridos de la familia. \u00abCon gran consternaci\u00f3n, lamentamos la\u00a0p\u00e9rdida irreparable de la mam\u00e1, pap\u00e1 y sus tres hijos menores de edad\u00bb, apunt\u00f3.<\/p>\n<p>Este accidente gener\u00f3 una gran conmoci\u00f3n en La Grita y las comunidades aleda\u00f1as. Quienes conocieron a las v\u00edctimas, dijeron que\u00a0la familia era muy humilde, unida y \u00abamantes del campo\u00bb.<\/p>\n<h4><span class=\"ez-toc-section\" id=\"Sigue_al_canal_de_noticias_en_Whatsaap\"><\/span><strong><a href=\"https:\/\/whatsapp.com\/channel\/0029VaDXFnLId7nFFiDdVI26?fbclid=IwAR1LnVJqcByTELJH4Ht086FYRmdx18pRnV7CrkzmTJ5JaLHYY0igukfL9Yk\" target=\"_blank\" rel=\"noopener\">Sigue al canal de noticias en Whatsaap\u00a0<\/a><\/strong><span class=\"ez-toc-section-end\"><\/span><\/h4>\n<\/div>\n<p><a href=\"https:\/\/noticiasaldiayalahora.co\/sucesos\/tragedia-familiar-en-tachira-pareja-y-sus-tres-hijitos-murieron-tras-caer-por-un-precipicio\/\" class=\" target=\" title=\"Pareja y sus tres hijitos murieron tras caer por un precipicio\" target=\"_blank\" rel=\"noopener\">Ver fuente<\/a><\/p>\n","protected":false},"excerpt":{"rendered":"<p>Una pareja y sus tres hijos murieron en un fuerte accidente de tr\u00e1nsito el lunes, 24 de junio, cuando el veh\u00edculo en el que\u00a0se desplazaban cay\u00f3 por un precipicio\u00a0en una carretera del estado T\u00e1chira. Medios regionales indicaron que la tragedia ocurri\u00f3 en la tarde en el sector La Roca, en la carretera entre Pregonero y [&hellip;]<\/p>\n","protected":false},"author":2,"featured_media":8508,"comment_status":"open","ping_status":"closed","sticky":false,"template":"","format":"standard","meta":{"footnotes":""},"categories":[5],"tags":[],"class_list":["post-8507","post","type-post","status-publish","format-standard","has-post-thumbnail","hentry","category-sucesos"],"_links":{"self":[{"href":"https:\/\/enfoquenoticioso.com\/index.php?rest_route=\/wp\/v2\/posts\/8507","targetHints":{"allow":["GET"]}}],"collection":[{"href":"https:\/\/enfoquenoticioso.com\/index.php?rest_route=\/wp\/v2\/posts"}],"about":[{"href":"https:\/\/enfoquenoticioso.com\/index.php?rest_route=\/wp\/v2\/types\/post"}],"author":[{"embeddable":true,"href":"https:\/\/enfoquenoticioso.com\/index.php?rest_route=\/wp\/v2\/users\/2"}],"replies":[{"embeddable":true,"href":"https:\/\/enfoquenoticioso.com\/index.php?rest_route=%2Fwp%2Fv2%2Fcomments&post=8507"}],"version-history":[{"count":0,"href":"https:\/\/enfoquenoticioso.com\/index.php?rest_route=\/wp\/v2\/posts\/8507\/revisions"}],"wp:featuredmedia":[{"embeddable":true,"href":"https:\/\/enfoquenoticioso.com\/index.php?rest_route=\/wp\/v2\/media\/8508"}],"wp:attachment":[{"href":"https:\/\/enfoquenoticioso.com\/index.php?rest_route=%2Fwp%2Fv2%2Fmedia&parent=8507"}],"wp:term":[{"taxonomy":"category","embeddable":true,"href":"https:\/\/enfoquenoticioso.com\/index.php?rest_route=%2Fwp%2Fv2%2Fcategories&post=8507"},{"taxonomy":"post_tag","embeddable":true,"href":"https:\/\/enfoquenoticioso.com\/index.php?rest_route=%2Fwp%2Fv2%2Ftags&post=8507"}],"curies":[{"name":"wp","href":"https:\/\/api.w.org\/{rel}","templated":true}]}}