{"id":8529,"date":"2024-06-28T15:03:13","date_gmt":"2024-06-28T15:03:13","guid":{"rendered":"https:\/\/enfoquenoticioso.com\/internacionales\/terremoto-de-7-0-se-registro-en-peru\/"},"modified":"2024-06-28T15:03:13","modified_gmt":"2024-06-28T15:03:13","slug":"terremoto-de-7-0-se-registro-en-peru","status":"publish","type":"post","link":"https:\/\/enfoquenoticioso.com\/?p=8529","title":{"rendered":"Terremoto de 7.0 se registr\u00f3 en Per\u00fa"},"content":{"rendered":"<div id=\"post-531621\">\n<div class=\"entry-thumbnail\">\n<img width=\"676\" height=\"348\" src=\"https:\/\/i0.wp.com\/noticiasaldiayalahora.co\/wp-content\/uploads\/2024\/06\/Peru-terremoto.jpg?resize=676%2C348&amp;ssl=1\" class=\"attachment-content-single size-content-single wp-post-image\" alt=\"\" decoding=\"async\" fetchpriority=\"high\" srcset=\"https:\/\/i0.wp.com\/noticiasaldiayalahora.co\/wp-content\/uploads\/2024\/06\/Peru-terremoto.jpg?w=676&amp;ssl=1 676w, https:\/\/i0.wp.com\/noticiasaldiayalahora.co\/wp-content\/uploads\/2024\/06\/Peru-terremoto.jpg?resize=300%2C154&amp;ssl=1 300w\" sizes=\"(max-width: 676px) 100vw, 676px\"\/><\/div>\n<p class=\"entry-meta\">\n<span class=\"entry-meta-author vcard author\">Por: <a class=\"fn\" href=\"https:\/\/noticiasaldiayalahora.co\/author\/redaccion\/\" target=\"_blank\" rel=\"noopener\">Redacci\u00f3n Noticias al Dia y a la Hora<\/a><\/span><br \/>\n<span class=\"entry-meta-date updated\">28 junio, 2024<\/span>\n<\/p>\n<div class=\"entry-content clearfix\">\n<p>El Instituto Geof\u00edsico del Per\u00fa report\u00f3 un fuerte sismo de 7.0 en el Distrito de Yauca perteneciente a la provincia de Caravael\u00ed en la regi\u00f3n de Arequipa.<span id=\"more-531621\"\/><\/p>\n<p>El movimiento tel\u00farico se produjo a las 00:36 de este viernes 28 de junio de 2024.<\/p>\n<p>El medio de comunicaci\u00f3n RPP inform\u00f3 que la v\u00eda de acceso Urasqui-Secocha est\u00e1 bloqueada por el derrumbe de piedras y algunas estructuras de casa desplomadas en otras zonas.<\/p>\n<p>M\u00e1s temprano, la Marina de Guerra del Per\u00fa hab\u00eda emitido una alerta de tsunami en litoral peruano.<\/p>\n<blockquote class=\"twitter-tweet\" data-media-max-width=\"560\">\n<p dir=\"ltr\" lang=\"es\">Atenci\u00f3n Per\u00fa \ud83c\uddf5\ud83c\uddea<\/p>\n<p>En la madrugada de este viernes<br \/>El Instituto Geof\u00edsico de Per\u00fa report\u00f3 un sismo de 7.2 grados.<\/p>\n<p>El evento s\u00edsmico tuvo como epicentro en la provincia de Caravel\u00ed en el departamento de Arequipa y se registr\u00f3 a las 00:36 a.m. (hora local)<\/p>\n<p>Uno de los mas\u2026 <a href=\"https:\/\/t.co\/lnBmtrqdPx\">pic.twitter.com\/lnBmtrqdPx<\/a><\/p>\n<p>\u2014 Luis An\u00edbal Rinc\u00f3n Arguello. \u00ae \ud83c\udde8\ud83c\uddf4 (@Rincon001A) <a href=\"https:\/\/twitter.com\/Rincon001A\/status\/1806656111908385007?ref_src=twsrc%5Etfw\" target=\"_blank\" rel=\"noopener\">June 28, 2024<\/a><\/p>\n<\/blockquote>\n<p>\u00a0<\/p>\n<\/div>\n<\/div>\n<p><script async src=\"\/\/platform.twitter.com\/widgets.js\" charset=\"utf-8\"><\/script><br \/>\n<br \/><a href=\"https:\/\/noticiasaldiayalahora.co\/internacionales\/terremoto-de-7-0-se-registro-en-peru\/\" class=\" target=\" title=\"Terremoto de 7.0 se registr\u00f3 en Per\u00fa\" target=\"_blank\" rel=\"noopener\">Ver fuente<\/a><\/p>\n","protected":false},"excerpt":{"rendered":"<p>Por: Redacci\u00f3n Noticias al Dia y a la Hora 28 junio, 2024 El Instituto Geof\u00edsico del Per\u00fa report\u00f3 un fuerte sismo de 7.0 en el Distrito de Yauca perteneciente a la provincia de Caravael\u00ed en la regi\u00f3n de Arequipa. El movimiento tel\u00farico se produjo a las 00:36 de este viernes 28 de junio de 2024. [&hellip;]<\/p>\n","protected":false},"author":2,"featured_media":8530,"comment_status":"open","ping_status":"closed","sticky":false,"template":"","format":"standard","meta":{"footnotes":""},"categories":[6],"tags":[],"class_list":["post-8529","post","type-post","status-publish","format-standard","has-post-thumbnail","hentry","category-internacionales"],"_links":{"self":[{"href":"https:\/\/enfoquenoticioso.com\/index.php?rest_route=\/wp\/v2\/posts\/8529","targetHints":{"allow":["GET"]}}],"collection":[{"href":"https:\/\/enfoquenoticioso.com\/index.php?rest_route=\/wp\/v2\/posts"}],"about":[{"href":"https:\/\/enfoquenoticioso.com\/index.php?rest_route=\/wp\/v2\/types\/post"}],"author":[{"embeddable":true,"href":"https:\/\/enfoquenoticioso.com\/index.php?rest_route=\/wp\/v2\/users\/2"}],"replies":[{"embeddable":true,"href":"https:\/\/enfoquenoticioso.com\/index.php?rest_route=%2Fwp%2Fv2%2Fcomments&post=8529"}],"version-history":[{"count":0,"href":"https:\/\/enfoquenoticioso.com\/index.php?rest_route=\/wp\/v2\/posts\/8529\/revisions"}],"wp:featuredmedia":[{"embeddable":true,"href":"https:\/\/enfoquenoticioso.com\/index.php?rest_route=\/wp\/v2\/media\/8530"}],"wp:attachment":[{"href":"https:\/\/enfoquenoticioso.com\/index.php?rest_route=%2Fwp%2Fv2%2Fmedia&parent=8529"}],"wp:term":[{"taxonomy":"category","embeddable":true,"href":"https:\/\/enfoquenoticioso.com\/index.php?rest_route=%2Fwp%2Fv2%2Fcategories&post=8529"},{"taxonomy":"post_tag","embeddable":true,"href":"https:\/\/enfoquenoticioso.com\/index.php?rest_route=%2Fwp%2Fv2%2Ftags&post=8529"}],"curies":[{"name":"wp","href":"https:\/\/api.w.org\/{rel}","templated":true}]}}